{"id":76218,"date":"2015-06-22T16:07:03","date_gmt":"2015-06-22T14:07:03","guid":{"rendered":"http:\/\/www.pauljorion.com\/blog\/?p=76218"},"modified":"2015-06-22T16:17:34","modified_gmt":"2015-06-22T14:17:34","slug":"ils-apposent-leur-signature-au-forfait-par-francois-leclerc","status":"publish","type":"post","link":"https:\/\/www.pauljorion.com\/blog\/2015\/06\/22\/ils-apposent-leur-signature-au-forfait-par-francois-leclerc\/","title":{"rendered":"<b>ILS APPOSENT LEUR SIGNATURE AU FORFAIT<\/b>, par Fran\u00e7ois Leclerc"},"content":{"rendered":"<blockquote><p>Billet invit\u00e9.<\/p><\/blockquote>\n<p>Le sommet extraordinaire qui va se tenir ce soir pourrait n\u2019\u00eatre que \u00ab\u00a0consultatif\u00a0\u00bb, avait annonc\u00e9 en fin de matin\u00e9e Angela Merkel, qui ne parlait pas en l&rsquo;air. C\u2019est d\u00e9sormais acquis : les r\u00e9unions pr\u00e9liminaires \u00e0 celui-ci se sont conclues sans qu\u2019un accord ne soit intervenu. L&rsquo;accord est remis \u00e0 plus tard&#8230; dans la perspective du prochain sommet de fin de semaine.<\/p>\n<p><!--more--><\/p>\n<p>Les pressions exerc\u00e9e sur le gouvernement grec &#8211; qui aurait d\u00e9j\u00e0 fait de nouvelles concessions sur les retraites &#8211; sont maximum afin d\u2019en obtenir d\u2019autres, notamment \u00e0 propos de l\u2019augmentation de la TVA. Les plus hautes autorit\u00e9s europ\u00e9ennes, qui en font une question de principe, font une fixation et tiennent \u00e0 ce que les \u00e9conomies qu\u2019ils exigent repr\u00e9sentent 1% du PIB, ce qui n\u2019est pas encore le cas dans les propositions grecques pour cette ann\u00e9e. <\/p>\n<p>Christine Lagarde condescend \u00e0 voir dans les derni\u00e8res propositions grecques \u00ab\u00a0des choses int\u00e9ressantes\u00a0\u00bb, Jeroen Dijsselbloem y voit \u00ab\u00a0une bonne base\u00a0\u00bb, et Wolfgang Sch\u00e4uble qui ne d\u00e9\u00e7oit jamais, rien de \u00ab\u00a0substantiel\u00a0\u00bb. Se d\u00e9cidant \u00e0 intervenir, Fran\u00e7ois Hollande s\u2019\u00e9tait un peu d\u00e9marqu\u00e9 dans la matin\u00e9e en appelant \u00e0 la conclusion d\u2019\u00ab un accord global et durable\u00a0\u00bb, et non \u00ab\u00a0partiel ou limit\u00e9 dans le temps\u00a0\u00bb. Il pr\u00e9cisait toutefois \u00ab\u00a0dans les prochains jours\u00a0\u00bb, laissant supposer que le sc\u00e9nario du sommet \u00ab\u00a0consultatif\u00a0\u00bb avait d\u00e9j\u00e0 \u00e9t\u00e9 adopt\u00e9, puisque lui aussi l\u2019annon\u00e7ait. <\/p>\n<p>\u00ab\u00a0Tout sera fait\u00a0\u00bb &#8211; selon l\u2019expression en vogue chez les professionnels de la politique &#8211; pour que Syriza apparaisse comme ayant mordu la poussi\u00e8re. \u00c0 l\u2019image des histoires \u00e0 dormir debout racont\u00e9es au long de ces derniers mois, les plus hautes autorit\u00e9s veulent conclure les travaux de camouflage de leur d\u00e9sastreuse aventure en marquant un point symbolique sur le dos du peuple grec pour se tirer d&rsquo;affaire. Pour elles, la politique tient de l\u2019art de la manipulation. Cela ne changera rien aux le\u00e7ons qui pouvaient en \u00eatre tir\u00e9es, mais cela accroitra leur responsabilit\u00e9. <\/p>\n","protected":false},"excerpt":{"rendered":"<blockquote>\n<p>Billet invit\u00e9.<\/p>\n<\/blockquote>\n<p>Le sommet extraordinaire qui va se tenir ce soir pourrait n\u2019\u00eatre que \u00ab\u00a0consultatif\u00a0\u00bb, avait annonc\u00e9 en fin de matin\u00e9e Angela Merkel, qui ne parlait pas en l&rsquo;air. C\u2019est d\u00e9sormais acquis : les r\u00e9unions pr\u00e9liminaires \u00e0 celui-ci se sont conclues sans qu\u2019un accord ne soit intervenu. L&rsquo;accord est remis \u00e0 plus tard&#8230; dans la [&hellip;]<\/p>\n","protected":false},"author":37,"featured_media":0,"comment_status":"closed","ping_status":"closed","sticky":false,"template":"","format":"standard","meta":{"footnotes":""},"categories":[204,17],"tags":[160],"class_list":["post-76218","post","type-post","status-publish","format-standard","hentry","category-europe","category-politique","tag-grece"],"_links":{"self":[{"href":"https:\/\/www.pauljorion.com\/blog\/wp-json\/wp\/v2\/posts\/76218","targetHints":{"allow":["GET"]}}],"collection":[{"href":"https:\/\/www.pauljorion.com\/blog\/wp-json\/wp\/v2\/posts"}],"about":[{"href":"https:\/\/www.pauljorion.com\/blog\/wp-json\/wp\/v2\/types\/post"}],"author":[{"embeddable":true,"href":"https:\/\/www.pauljorion.com\/blog\/wp-json\/wp\/v2\/users\/37"}],"replies":[{"embeddable":true,"href":"https:\/\/www.pauljorion.com\/blog\/wp-json\/wp\/v2\/comments?post=76218"}],"version-history":[{"count":4,"href":"https:\/\/www.pauljorion.com\/blog\/wp-json\/wp\/v2\/posts\/76218\/revisions"}],"predecessor-version":[{"id":76222,"href":"https:\/\/www.pauljorion.com\/blog\/wp-json\/wp\/v2\/posts\/76218\/revisions\/76222"}],"wp:attachment":[{"href":"https:\/\/www.pauljorion.com\/blog\/wp-json\/wp\/v2\/media?parent=76218"}],"wp:term":[{"taxonomy":"category","embeddable":true,"href":"https:\/\/www.pauljorion.com\/blog\/wp-json\/wp\/v2\/categories?post=76218"},{"taxonomy":"post_tag","embeddable":true,"href":"https:\/\/www.pauljorion.com\/blog\/wp-json\/wp\/v2\/tags?post=76218"}],"curies":[{"name":"wp","href":"https:\/\/api.w.org\/{rel}","templated":true}]}}