{"id":77093,"date":"2015-07-14T17:42:30","date_gmt":"2015-07-14T15:42:30","guid":{"rendered":"http:\/\/www.pauljorion.com\/blog\/?p=77093"},"modified":"2015-07-14T17:55:31","modified_gmt":"2015-07-14T15:55:31","slug":"qui-va-voter-larmistice-par-jean-michel-naulot","status":"publish","type":"post","link":"https:\/\/www.pauljorion.com\/blog\/2015\/07\/14\/qui-va-voter-larmistice-par-jean-michel-naulot\/","title":{"rendered":"Qui va voter l&rsquo;armistice ?, par Jean-Michel Naulot"},"content":{"rendered":"<blockquote><p>Billet invit\u00e9. \u00c9galement <a href=\"http:\/\/blogs.mediapart.fr\/blog\/jean-michel-naulot\/140715\/qui-va-voter-larmistice\" target=\"_blank\">sur son propre blog<\/a>.<\/p><\/blockquote>\n<p>L\u2019accord europ\u00e9en a \u00e9t\u00e9 salu\u00e9 par les d\u00e9clarations triomphalistes des chefs\u00a0d\u2019Etat et de gouvernement qui y ont vu, chacun \u00e0\u00a0sa fa\u00e7on, son succ\u00e8s personnel. Il est vrai que les dirigeants europ\u00e9ens nous ont habitu\u00e9 depuis quelque temps \u00e0 qualifier \u00ab\u00a0d\u2019historique\u00a0\u00bb tout accord \u00e0 partir du moment o\u00f9 ils y apposent leur signature. En revanche, les m\u00e9dias ont exprim\u00e9 de mani\u00e8re assez g\u00e9n\u00e9rale un grand scepticisme, en soulignant la fragilit\u00e9 de l\u2019accord et ses conditions extr\u00eamement dures. Dans l\u2019opinion, des critiques tr\u00e8s vives ont \u00e9t\u00e9 exprim\u00e9es, de tout horizon, pour d\u00e9noncer ce qu\u2019il faut bien appeler une solution allemande \u00e0 la crise.<\/p>\n<p><!--more--><\/p>\n<p>L\u2019accord qui a \u00e9t\u00e9 sign\u00e9 propose d\u2019ajouter l\u2019aust\u00e9rit\u00e9 \u00e0 l\u2019aust\u00e9rit\u00e9. Il ajoute de la dette \u00e0 la dette, ce qui permettra, soit dit en passant, aux contribuables de la zone euro de rembourser le FMI et la BCE. Il fait passer sous tutelle un peuple qui \u00e9tait d\u00e9j\u00e0 \u00e0 genoux et qui venait de dire un \u00ab\u00a0non\u00a0\u00bb retentissant \u00e0 la politique que l\u2019on voulait lui imposer.<\/p>\n<p>Cependant rien n\u2019est jou\u00e9. D\u2019abord parce que la mise en place de l\u2019accord va \u00eatre tr\u00e8s difficile. L\u2019accord devra probablement \u00eatre revu et amend\u00e9 dans les mois \u00e0 venir. Apr\u00e8s six mois d\u2019une guerre \u00e9conomique impitoyable, les besoins en liquidit\u00e9s de l\u2019\u00e9conomie grecque sont consid\u00e9rables et la rigidit\u00e9 de l\u2019accord europ\u00e9en est peu compatible avec le financement de ces besoins. L\u2019Eurogroupe et la BCE vont\u00a0devoir affronter une situation dont ils sont en partie responsables. Mais surtout les dirigeants politiques vont devoir s\u2019impliquer davantage dans l\u2019analyse de la crise europ\u00e9enne. Ces derniers jours, on a pu observer \u00e0 quel point les clivages traditionnels ne signifiaient plus grand chose. D\u00e8s cette semaine, les parlementaires de plusieurs pays de la zone euro vont devoir s\u2019exprimer sur l\u2019accord, en leur \u00e2me et conscience.<\/p>\n<p>Ceux qui ont une id\u00e9e du projet europ\u00e9en fond\u00e9e sur la croissance et la solidarit\u00e9, sur la coop\u00e9ration entre les Etats plus que sur la domination de l\u2019un d\u2019entre eux, vont pouvoir dire que l\u2019accord sign\u00e9 est un mauvais accord, un accord qui ne fait que repousser dans le temps la solution de la crise.<\/p>\n<p>Dans <a href=\"http:\/\/blogs.mediapart.fr\/blog\/jean-michel-naulot\/130715\/crise-grecque-un-armistice-qui-ne-resout-rien-liberationfr-13-juillet-2015\" target=\"_blank\">une tribune \u00e0 Lib\u00e9ration<\/a>, j\u2019ai qualifi\u00e9 hier l\u2019accord europ\u00e9en d\u2019armistice apr\u00e8s six mois de guerre en plein c\u0153ur de la zone euro. Aujourd\u2019hui, il peut \u00eatre tentant de ratifier cet armistice qui ne r\u00e9sout rien pour gagner encore un peu de temps. Mais en refusant de dire les choses, de trancher le n\u0153ud gordien de la politique \u00e9conomique europ\u00e9enne, on conduit l\u2019Europe dans une crise de plus en plus grave. Les tensions s\u2019accumulent. La dette aussi.<\/p>\n<p>La solution \u00e0 la crise \u00e9conomique que traverse l\u2019Europe est dans une gouvernance \u00e9conomique et mon\u00e9taire plus souple, dans un respect plus grand des souverainet\u00e9s et des peuples. L\u2019inverse de ce qui est propos\u00e9.<\/p>\n<p>Le moment de v\u00e9rit\u00e9 est-il arriv\u00e9\u00a0? Peu probable&#8230; C\u2019est aux parlementaires de r\u00e9pondre. Mais, de toute fa\u00e7on, apr\u00e8s cet accord, rien ne sera plus comme avant.<\/p>\n","protected":false},"excerpt":{"rendered":"<blockquote>\n<p>Billet invit\u00e9. \u00c9galement <a href=\"http:\/\/blogs.mediapart.fr\/blog\/jean-michel-naulot\/140715\/qui-va-voter-larmistice\" target=\"_blank\">sur son propre blog<\/a>.<\/p>\n<\/blockquote>\n<p>L\u2019accord europ\u00e9en a \u00e9t\u00e9 salu\u00e9 par les d\u00e9clarations triomphalistes des chefs\u00a0d\u2019Etat et de gouvernement qui y ont vu, chacun \u00e0\u00a0sa fa\u00e7on, son succ\u00e8s personnel. Il est vrai que les dirigeants europ\u00e9ens nous ont habitu\u00e9 depuis quelque temps \u00e0 qualifier \u00ab\u00a0d\u2019historique\u00a0\u00bb tout accord \u00e0 partir du moment [&hellip;]<\/p>\n","protected":false},"author":1,"featured_media":0,"comment_status":"closed","ping_status":"closed","sticky":false,"template":"","format":"standard","meta":{"footnotes":""},"categories":[204],"tags":[224,160],"class_list":["post-77093","post","type-post","status-publish","format-standard","hentry","category-europe","tag-dette","tag-grece"],"_links":{"self":[{"href":"https:\/\/www.pauljorion.com\/blog\/wp-json\/wp\/v2\/posts\/77093","targetHints":{"allow":["GET"]}}],"collection":[{"href":"https:\/\/www.pauljorion.com\/blog\/wp-json\/wp\/v2\/posts"}],"about":[{"href":"https:\/\/www.pauljorion.com\/blog\/wp-json\/wp\/v2\/types\/post"}],"author":[{"embeddable":true,"href":"https:\/\/www.pauljorion.com\/blog\/wp-json\/wp\/v2\/users\/1"}],"replies":[{"embeddable":true,"href":"https:\/\/www.pauljorion.com\/blog\/wp-json\/wp\/v2\/comments?post=77093"}],"version-history":[{"count":2,"href":"https:\/\/www.pauljorion.com\/blog\/wp-json\/wp\/v2\/posts\/77093\/revisions"}],"predecessor-version":[{"id":77099,"href":"https:\/\/www.pauljorion.com\/blog\/wp-json\/wp\/v2\/posts\/77093\/revisions\/77099"}],"wp:attachment":[{"href":"https:\/\/www.pauljorion.com\/blog\/wp-json\/wp\/v2\/media?parent=77093"}],"wp:term":[{"taxonomy":"category","embeddable":true,"href":"https:\/\/www.pauljorion.com\/blog\/wp-json\/wp\/v2\/categories?post=77093"},{"taxonomy":"post_tag","embeddable":true,"href":"https:\/\/www.pauljorion.com\/blog\/wp-json\/wp\/v2\/tags?post=77093"}],"curies":[{"name":"wp","href":"https:\/\/api.w.org\/{rel}","templated":true}]}}