{"id":77247,"date":"2015-07-17T15:34:50","date_gmt":"2015-07-17T13:34:50","guid":{"rendered":"http:\/\/www.pauljorion.com\/blog\/?p=77247"},"modified":"2015-07-17T15:36:45","modified_gmt":"2015-07-17T13:36:45","slug":"donald-tusk-president-du-conseil-europeen-une-atmosphere-pre-revolutionnaire-que-leurope-navait-pas-connue-depuis-1968","status":"publish","type":"post","link":"https:\/\/www.pauljorion.com\/blog\/2015\/07\/17\/donald-tusk-president-du-conseil-europeen-une-atmosphere-pre-revolutionnaire-que-leurope-navait-pas-connue-depuis-1968\/","title":{"rendered":"Donald Tusk, pr\u00e9sident du Conseil europ\u00e9en :  \u00ab\u00a0Une atmosph\u00e8re pr\u00e9-r\u00e9volutionnaire que l&rsquo;Europe n&rsquo;avait pas connue depuis 1968\u00a0\u00bb"},"content":{"rendered":"<blockquote><p>Ouvert aux commentaires.<\/p><\/blockquote>\n<p><a href=\"https:\/\/fr.wikipedia.org\/wiki\/Donald_Tusk\" target=\"_blank\">Donald Tusk<\/a>, successeur de Herman van Rompuy \u00e0 la pr\u00e9sidence du Conseil europ\u00e9en et artisan de premi\u00e8re ligne de l&rsquo;\u00ab\u00a0accord\u00a0\u00bb de dimanche dernier pr\u00e9vient * : \u00ab\u00a0La confrontation acharn\u00e9e\u00a0autour\u00a0de la Gr\u00e8ce a donn\u00e9\u00a0un regain\u00a0d&rsquo;\u00e9nergie\u00a0aux groupes radicaux de\u00a0gauche et\u00a0de\u00a0droite, cr\u00e9ant une atmosph\u00e8re pr\u00e9-r\u00e9volutionnaire que l&rsquo;Europe n&rsquo;avait pas connue depuis 1968\u00a0\u00bb.<\/p>\n<p>=====================================================<br \/>\n* <a href=\"http:\/\/www.ft.com\/cms\/s\/0\/f6872342-2bd2-11e5-acfb-cbd2e1c81cca.html#ixzz3g9bdBxXB\" target=\"_blank\">Greece: Donald Tusk warns of extremist political contagion<\/a>, Financial Times, le 17 juillet 2015<\/p>\n","protected":false},"excerpt":{"rendered":"<blockquote>\n<p>Ouvert aux commentaires.<\/p>\n<\/blockquote>\n<p><a href=\"https:\/\/fr.wikipedia.org\/wiki\/Donald_Tusk\" target=\"_blank\">Donald Tusk<\/a>, successeur de Herman van Rompuy \u00e0 la pr\u00e9sidence du Conseil europ\u00e9en et artisan de premi\u00e8re ligne de l&rsquo;\u00ab\u00a0accord\u00a0\u00bb de dimanche dernier pr\u00e9vient * : \u00ab\u00a0La confrontation acharn\u00e9e\u00a0autour\u00a0de la Gr\u00e8ce a donn\u00e9\u00a0un regain\u00a0d&rsquo;\u00e9nergie\u00a0aux groupes radicaux de\u00a0gauche et\u00a0de\u00a0droite, cr\u00e9ant une atmosph\u00e8re pr\u00e9-r\u00e9volutionnaire que l&rsquo;Europe n&rsquo;avait pas connue depuis 1968\u00a0\u00bb.<\/p>\n<p>=====================================================<br [&hellip;]<\/p>\n","protected":false},"author":1,"featured_media":0,"comment_status":"open","ping_status":"closed","sticky":false,"template":"","format":"standard","meta":{"footnotes":""},"categories":[204,1603],"tags":[4374],"class_list":["post-77247","post","type-post","status-publish","format-standard","hentry","category-europe","category-grand-tournant","tag-mai-1968"],"_links":{"self":[{"href":"https:\/\/www.pauljorion.com\/blog\/wp-json\/wp\/v2\/posts\/77247","targetHints":{"allow":["GET"]}}],"collection":[{"href":"https:\/\/www.pauljorion.com\/blog\/wp-json\/wp\/v2\/posts"}],"about":[{"href":"https:\/\/www.pauljorion.com\/blog\/wp-json\/wp\/v2\/types\/post"}],"author":[{"embeddable":true,"href":"https:\/\/www.pauljorion.com\/blog\/wp-json\/wp\/v2\/users\/1"}],"replies":[{"embeddable":true,"href":"https:\/\/www.pauljorion.com\/blog\/wp-json\/wp\/v2\/comments?post=77247"}],"version-history":[{"count":3,"href":"https:\/\/www.pauljorion.com\/blog\/wp-json\/wp\/v2\/posts\/77247\/revisions"}],"predecessor-version":[{"id":77250,"href":"https:\/\/www.pauljorion.com\/blog\/wp-json\/wp\/v2\/posts\/77247\/revisions\/77250"}],"wp:attachment":[{"href":"https:\/\/www.pauljorion.com\/blog\/wp-json\/wp\/v2\/media?parent=77247"}],"wp:term":[{"taxonomy":"category","embeddable":true,"href":"https:\/\/www.pauljorion.com\/blog\/wp-json\/wp\/v2\/categories?post=77247"},{"taxonomy":"post_tag","embeddable":true,"href":"https:\/\/www.pauljorion.com\/blog\/wp-json\/wp\/v2\/tags?post=77247"}],"curies":[{"name":"wp","href":"https:\/\/api.w.org\/{rel}","templated":true}]}}