{"id":77330,"date":"2015-07-20T15:13:32","date_gmt":"2015-07-20T13:13:32","guid":{"rendered":"http:\/\/www.pauljorion.com\/blog\/?p=77330"},"modified":"2015-07-20T17:57:03","modified_gmt":"2015-07-20T15:57:03","slug":"grande-politique-et-petits-calculs-par-francois-leclerc","status":"publish","type":"post","link":"https:\/\/www.pauljorion.com\/blog\/2015\/07\/20\/grande-politique-et-petits-calculs-par-francois-leclerc\/","title":{"rendered":"<b>GRANDE POLITIQUE ET PETITS CALCULS<\/b>, par Fran\u00e7ois Leclerc"},"content":{"rendered":"<blockquote><p>Billet invit\u00e9.<\/p><\/blockquote>\n<p>Parlant de Wolfgang Sch\u00e4uble, Yanis Varoufakis d\u00e9clarait, du temps o\u00f9 il le fr\u00e9quentait assid\u00fbment lors des r\u00e9unions de l\u2019Eurogroupe, qu\u2019il \u00e9tait le seul de ses interlocuteur \u00e0 avoir \u00ab\u00a0de la substance\u00a0\u00bb. On ne peut pas en effet reprocher au ministre allemand des convictions pro-europ\u00e9ennes affirm\u00e9es pourvues d\u2019une incontestable coh\u00e9rence. A bien y regarder, c\u2019est d\u2019ailleurs \u00e0 leur source que Fran\u00e7ois Hollande vient de puiser ses propositions d\u2019une avant-garde europ\u00e9enne, dans l\u2019intention de ne pas perdre totalement la main. <\/p>\n<p><!--more--><\/p>\n<p><a href=\"http:\/\/www.ft.com\/intl\/cm\/s\/0\/5565f134-2d48-11e4-8105-00144feabdc0.html?siteedition=intl#axzz3BwDyx9jA\">Dans un article publi\u00e9 par le FinanciaL Times<\/a> en ao\u00fbt de l&rsquo;ann\u00e9e derni\u00e8re, cosign\u00e9 avec Karl Lamers de la CDU, le ministre des finances allemand avait expos\u00e9 tr\u00e8s clairement sa conception de l\u2019avenir de l\u2019Europe, comme le rappelle Yanis Varoufakis. Sous le titre \u00ab\u00a0Le renforcement de l\u2019int\u00e9gration reste le bon objectif de l\u2019Europe\u00a0\u00bb, il \u00e9crivait : \u00ab\u00a0Pourquoi ne pas avoir un commissaire charg\u00e9 du budget europ\u00e9en et disposant du pouvoir de rejeter les budgets nationaux s\u2019ils ne correspondent pas aux r\u00e8gles admises en commun ?\u00a0\u00bb. Il ajoutait \u00eatre en faveur d\u2019un \u00ab\u00a0parlement de la zone euro regroupant les d\u00e9put\u00e9s des pays membres de la zone euro, afin de renforcer la l\u00e9gitimit\u00e9 d\u00e9mocratique des d\u00e9cisions affectant le bloc de la monnaie unique.\u00a0\u00bb En quoi cette conception diff\u00e8re-t-elle de \u00ab\u00a0l\u2019avant-garde\u00a0\u00bb propos\u00e9e par Fran\u00e7ois Hollande, si ce n\u2019est que le premier veut couper la branche morte grecque, et d\u2019autres si n\u00e9cessaire, et que le second pr\u00e9tend l\u2019\u00e9viter sans s\u2019en donner les moyens ? <\/p>\n<p>Au train o\u00f9 sont parties les choses, en effet, \u00e0 quelles conditions le 3\u00e8me <i>plan de sauvetage<\/i> va-t-il aboutir, les n\u00e9gociations allant reprendre sous la f\u00e9rule de Wolfgang Sch\u00e4uble qui est convaincu non sans raison qu\u2019il ne donnera pas les r\u00e9sultats escompt\u00e9s et qu\u2019il faut encore durcir ses exigences ? Il est pr\u00e9visible que d\u00e8s la premi\u00e8re \u00e9valuation  de sa mise en \u0153uvre, s\u2019il voit jamais le jour, le gouvernement grec ne sera pas dans les clous&#8230; Que se passera-t-il alors ?<\/p>\n<p>Tout \u00e0 sa petite affaire, Fran\u00e7ois Hollande pense \u00eatre en mesure de mieux n\u00e9gocier un assouplissement des r\u00e8gles du Dr. Sch\u00e4uble, accompagn\u00e9 de son comp\u00e8re Matteo Renzi au sein de \u00ab\u00a0l\u2019avant-garde\u00a0\u00bb qu\u2019il propose de constituer. C\u2019est tout le sens de son initiative, mais cela reste \u00e0 se concr\u00e9tiser. <a href=\"http:\/\/yanisvaroufakis.eu\/2015\/07\/17\/dr-schaubles-plan-for-europe-do-europeans-approve-english-version-of-my-article-in-die-zeit\/\">Dans son article dans Die Zeit<\/a> Yanis Varoufakis est revenu sur les propositions du ministre allemand et met en valeur que celles-ci, reposant sur une alliance entre les Etats, et non pas sur un syst\u00e8me f\u00e9d\u00e9raliste, ne compenseront pas les abandons de souverainet\u00e9 qu\u2019elles pr\u00e9conisent par la cr\u00e9ation d\u2019un parlement sp\u00e9cifique, car l\u2019ex\u00e9cutif repr\u00e9sent\u00e9 par une sorte d\u2019Eurogroupe d\u00e9velopp\u00e9 restera hors de tout contr\u00f4le d\u00e9mocratique, comme il le rappelle en \u00e9voquant son caract\u00e8re informel, faisant \u00e9galement \u00e9tat du flou de la mission d\u2019une banque centrale europ\u00e9enne qui n\u2019est soumise \u00e0 aucun contr\u00f4le. Nous vivons une \u00e9poque de simulacres.  <\/p>\n<p>Cherchant \u00e0 ouvrir le jeu, le pr\u00e9sident fran\u00e7ais voudrait-il se mettre dans les bonnes gr\u00e2ces de ses partenaires allemands, n\u2019ayant pas de politique alternative \u00e0 la leur \u00e0 d\u00e9fendre, sans doute convaincu que tout est une simple question d\u2019ajustement ? Mais apr\u00e8s avoir chant\u00e9 victoire \u00e0 propos de la Gr\u00e8ce, ne s\u2019oubliant pas au passage, que va-t-il dire quand la bise surviendra ? Sa politique envers la Gr\u00e8ce est l\u2019expression aboutie de son incons\u00e9quence : il est intervenu au dernier moment pour \u00e9viter de se retrouver avec ses cr\u00e9ances sur les bras, mais il ne peut qu\u2019en retarder le moment. <\/p>\n","protected":false},"excerpt":{"rendered":"<blockquote>\n<p>Billet invit\u00e9.<\/p>\n<\/blockquote>\n<p>Parlant de Wolfgang Sch\u00e4uble, Yanis Varoufakis d\u00e9clarait, du temps o\u00f9 il le fr\u00e9quentait assid\u00fbment lors des r\u00e9unions de l\u2019Eurogroupe, qu\u2019il \u00e9tait le seul de ses interlocuteur \u00e0 avoir \u00ab\u00a0de la substance\u00a0\u00bb. On ne peut pas en effet reprocher au ministre allemand des convictions pro-europ\u00e9ennes affirm\u00e9es pourvues d\u2019une incontestable coh\u00e9rence. A bien y regarder, [&hellip;]<\/p>\n","protected":false},"author":37,"featured_media":0,"comment_status":"closed","ping_status":"closed","sticky":false,"template":"","format":"standard","meta":{"footnotes":""},"categories":[204,17],"tags":[1715,160,985,2589],"class_list":["post-77330","post","type-post","status-publish","format-standard","hentry","category-europe","category-politique","tag-francois-hollande","tag-grece","tag-wolfgang-schauble","tag-yanis-varoufakis"],"_links":{"self":[{"href":"https:\/\/www.pauljorion.com\/blog\/wp-json\/wp\/v2\/posts\/77330","targetHints":{"allow":["GET"]}}],"collection":[{"href":"https:\/\/www.pauljorion.com\/blog\/wp-json\/wp\/v2\/posts"}],"about":[{"href":"https:\/\/www.pauljorion.com\/blog\/wp-json\/wp\/v2\/types\/post"}],"author":[{"embeddable":true,"href":"https:\/\/www.pauljorion.com\/blog\/wp-json\/wp\/v2\/users\/37"}],"replies":[{"embeddable":true,"href":"https:\/\/www.pauljorion.com\/blog\/wp-json\/wp\/v2\/comments?post=77330"}],"version-history":[{"count":12,"href":"https:\/\/www.pauljorion.com\/blog\/wp-json\/wp\/v2\/posts\/77330\/revisions"}],"predecessor-version":[{"id":77343,"href":"https:\/\/www.pauljorion.com\/blog\/wp-json\/wp\/v2\/posts\/77330\/revisions\/77343"}],"wp:attachment":[{"href":"https:\/\/www.pauljorion.com\/blog\/wp-json\/wp\/v2\/media?parent=77330"}],"wp:term":[{"taxonomy":"category","embeddable":true,"href":"https:\/\/www.pauljorion.com\/blog\/wp-json\/wp\/v2\/categories?post=77330"},{"taxonomy":"post_tag","embeddable":true,"href":"https:\/\/www.pauljorion.com\/blog\/wp-json\/wp\/v2\/tags?post=77330"}],"curies":[{"name":"wp","href":"https:\/\/api.w.org\/{rel}","templated":true}]}}