{"id":77494,"date":"2015-07-25T10:01:28","date_gmt":"2015-07-25T08:01:28","guid":{"rendered":"http:\/\/www.pauljorion.com\/blog\/?p=77494"},"modified":"2015-07-31T09:32:51","modified_gmt":"2015-07-31T07:32:51","slug":"la-nouvelle-europe-en-filigrane-par-francois-leclerc","status":"publish","type":"post","link":"https:\/\/www.pauljorion.com\/blog\/2015\/07\/25\/la-nouvelle-europe-en-filigrane-par-francois-leclerc\/","title":{"rendered":"<b>LA NOUVELLE EUROPE EN FILIGRANE<\/b>, par Fran\u00e7ois Leclerc"},"content":{"rendered":"<blockquote><p>Billet invit\u00e9.<\/p><\/blockquote>\n<p>Un d\u00e9bat est engag\u00e9 au vu du sort r\u00e9serv\u00e9 \u00e0 la Gr\u00e8ce : faut-il ou non quitter l\u2019euro, ce pi\u00e8ge qui s\u2019est referm\u00e9 ? Puisant ses arguments dans de pr\u00e9c\u00e9dents \u00e9pisodes, la discussion rejaillit en force, l\u2019union mon\u00e9taire symbolisant une Europe rejet\u00e9e. L\u2019un des prolongements de la discussion consiste \u00e0 se demander si une occasion exemplaire n\u2019a pas \u00e9t\u00e9 manqu\u00e9e. <\/p>\n<p><!--more-->Cette id\u00e9e appelle deux remarques. La premi\u00e8re est que l\u2019occasion en question pourrait survenir \u00e0 nouveau, si la finalisation du 3<sup>\u00e8me<\/sup> plan n\u2019aboutissait pas, ou si, apr\u00e8s avoir abouti, elle conduisait \u00e0 un effondrement encore plus prononc\u00e9 de la Gr\u00e8ce qui ne laisserait plus d\u2019autre option. Au bout de combien de temps ? La seconde consiste \u00e0 bien peser les chances de succ\u00e8s d\u2019un tel choix s\u2019il n\u2019est pas contraint. Qu\u2019attendre en effet d\u2019une exp\u00e9rience isol\u00e9e dans un environnement hostile ? <\/p>\n<p>Les apparences donnent certes a priori raison \u00e0 ceux qui estiment qu\u2019il n\u2019y a rien a attendre de la monnaie unique. La zone euro est d\u00e9sormais \u00e9troitement associ\u00e9e \u00e0 une d\u00e9sastreuse politique d\u2019aust\u00e9rit\u00e9 et de <i>r\u00e9formes structurelles<\/i>, les tentatives r\u00e9p\u00e9t\u00e9es de faire bouger les rapports de force en son sein ayant \u00e9t\u00e9 infructueuses et leurs r\u00e9sultats pas convaincants. La cause serait donc entendue : dans chaque pays de la zone euro, il ne resterait qu\u2019\u00e0 revendiquer son ind\u00e9pendance mon\u00e9taire.  <\/p>\n<p>Cette approche p\u00e8che \u00e0 de nombreux \u00e9gards. En premier lieu parce qu\u2019elle ne s\u2019attarde pas \u00e0 mesurer les cons\u00e9quences \u00e9conomiques et sociales d\u2019une sortie, ou qu\u2019elle les con\u00e7oit comme un mauvais moment \u00e0 passer. Dans le cas de la Gr\u00e8ce, qui importe la moiti\u00e9 de ses produits alimentaires, on devine ce que cela repr\u00e9senterait si ceux-ci devaient \u00eatre achet\u00e9s avec une drachme d\u00e9valu\u00e9e. Mais il y a un autre s\u00e9rieux inconv\u00e9nient \u00e0 cette orientation politique : jusqu\u2019\u00e0 plus ample inform\u00e9, la Nation-refuge est la seule alternative. Or, une telle option fait fi de la constitution d\u2019un ensemble taill\u00e9 \u00e0 la mesure du monde financier mondialis\u00e9 et de la n\u00e9cessit\u00e9 d\u2019instituer avec celui-ci un rapport de force si l\u2019on veut briser sa domination. De ce point de vue, ce n\u2019est pas une avanc\u00e9e mais un recul. Dans ce monde, les \u00c9tats et les banques centrales sont d\u00e9pass\u00e9s par l\u2019ampleur des mouvements de capitaux sur les march\u00e9s. Si l\u2019on en veut un exemple, tournons-nous vers la Fed ou la Banque d\u2019Angleterre, toutes deux paralys\u00e9es. <\/p>\n<p>Que faire alors ? D\u00e9velopper l\u2019argument selon lequel l\u2019Europe aurait \u00e9t\u00e9 incompl\u00e8tement construite, qu\u2019il suffirait par exemple de la poursuivre l\u00e0 o\u00f9 elle a \u00e9t\u00e9 arr\u00eat\u00e9e &#8211; dans les domaines fiscaux et sociaux &#8211; ou de la doter d\u2019un gouvernement \u00e9conomique, n\u2019est pas convaincant. Cette Europe-l\u00e0 a \u00e9t\u00e9 construite sur un mod\u00e8le n\u00e9olib\u00e9ral et doit \u00eatre reconfigur\u00e9e en m\u00eame temps qu\u2019\u00e9largie \u00e0 d\u2019autres domaines. L\u2019opposition entre l\u2019Europe des Nations et sa version f\u00e9d\u00e9raliste pose quant \u00e0 elle les probl\u00e8mes en termes de structures et \u00e9lude la question d\u00e9terminante de ses fondements, de sa finalit\u00e9, de sa politique pour ne retenir que le seul crit\u00e8re de l\u2019abandon ou non de la souverainet\u00e9 nationale. D\u2019autant que le d\u00e9bat n\u2019a jamais \u00e9t\u00e9 totalement tranch\u00e9 entre une Europe calibr\u00e9e comme un march\u00e9 unique et une autre structur\u00e9e par des institutions munies de budgets et de pouvoirs propres. <\/p>\n<p>Que peut-il \u00eatre oppos\u00e9 \u00e0 ces diff\u00e9rents conceptions qui coexistent au sein d\u2019une Europe qui n\u2019a pas trouv\u00e9 sa coh\u00e9rence ? Le moment ne serait-il pas venu de tracer les contours d\u2019une alternative ? De s\u2019appuyer sur les approches construites et brisant les cadres \u00e9tablis, qu\u2019elles abordent la fiscalit\u00e9, le travail, la sant\u00e9 publique, l\u2019\u00e9ducation et la formation, l\u2019environnement, la d\u00e9mocratie, etc. ? De prendre en compte les profondes mutations qui sont engag\u00e9es et d\u2019en tirer les cons\u00e9quences ? D\u2019int\u00e9grer au premier plan la r\u00e9flexion environnementale ? Beaucoup de r\u00e9flexions sont accumul\u00e9es qui ne demandent qu\u2019\u00e0 servir, \u00e0 \u00eatre rassembl\u00e9es afin de constituer la chair du squelette. <\/p>\n<p>L\u2019Europe est entr\u00e9e dans une nouvelle p\u00e9riode o\u00f9 ce n\u2019est pas son resserrement qui pr\u00e9vaut, mais son d\u00e9litement qui menace, cr\u00e9ant l\u2019opportunit\u00e9 de faire valoir une alternative. Et, puisqu&rsquo;il est d\u00e9sormais question de ruptures, en ne les observant qu\u2019au sein du syst\u00e8me capitaliste, pourquoi ne pas leur assigner un autre objectif ? La nouvelle soci\u00e9t\u00e9 est d\u00e9j\u00e0 visible en filigrane. Quant au d\u00e9bat sur l\u2019euro, il est par trop restreint et ses ambitions limit\u00e9es, renvoyant \u00e0 une conception \u00e9triqu\u00e9e de la souverainet\u00e9 avec le souverainisme pour doctrine.<\/p>\n","protected":false},"excerpt":{"rendered":"<blockquote>\n<p>Billet invit\u00e9.<\/p>\n<\/blockquote>\n<p>Un d\u00e9bat est engag\u00e9 au vu du sort r\u00e9serv\u00e9 \u00e0 la Gr\u00e8ce : faut-il ou non quitter l\u2019euro, ce pi\u00e8ge qui s\u2019est referm\u00e9 ? Puisant ses arguments dans de pr\u00e9c\u00e9dents \u00e9pisodes, la discussion rejaillit en force, l\u2019union mon\u00e9taire symbolisant une Europe rejet\u00e9e. L\u2019un des prolongements de la discussion consiste \u00e0 se demander si [&hellip;]<\/p>\n","protected":false},"author":37,"featured_media":0,"comment_status":"closed","ping_status":"closed","sticky":false,"template":"","format":"standard","meta":{"footnotes":""},"categories":[204,3004,17],"tags":[4479,243],"class_list":["post-77494","post","type-post","status-publish","format-standard","hentry","category-europe","category-le-grand-oeuvre","category-politique","tag-europe","tag-zone-euro"],"_links":{"self":[{"href":"https:\/\/www.pauljorion.com\/blog\/wp-json\/wp\/v2\/posts\/77494","targetHints":{"allow":["GET"]}}],"collection":[{"href":"https:\/\/www.pauljorion.com\/blog\/wp-json\/wp\/v2\/posts"}],"about":[{"href":"https:\/\/www.pauljorion.com\/blog\/wp-json\/wp\/v2\/types\/post"}],"author":[{"embeddable":true,"href":"https:\/\/www.pauljorion.com\/blog\/wp-json\/wp\/v2\/users\/37"}],"replies":[{"embeddable":true,"href":"https:\/\/www.pauljorion.com\/blog\/wp-json\/wp\/v2\/comments?post=77494"}],"version-history":[{"count":8,"href":"https:\/\/www.pauljorion.com\/blog\/wp-json\/wp\/v2\/posts\/77494\/revisions"}],"predecessor-version":[{"id":77628,"href":"https:\/\/www.pauljorion.com\/blog\/wp-json\/wp\/v2\/posts\/77494\/revisions\/77628"}],"wp:attachment":[{"href":"https:\/\/www.pauljorion.com\/blog\/wp-json\/wp\/v2\/media?parent=77494"}],"wp:term":[{"taxonomy":"category","embeddable":true,"href":"https:\/\/www.pauljorion.com\/blog\/wp-json\/wp\/v2\/categories?post=77494"},{"taxonomy":"post_tag","embeddable":true,"href":"https:\/\/www.pauljorion.com\/blog\/wp-json\/wp\/v2\/tags?post=77494"}],"curies":[{"name":"wp","href":"https:\/\/api.w.org\/{rel}","templated":true}]}}