{"id":77830,"date":"2015-08-07T13:41:45","date_gmt":"2015-08-07T11:41:45","guid":{"rendered":"http:\/\/www.pauljorion.com\/blog\/?p=77830"},"modified":"2015-08-09T18:43:45","modified_gmt":"2015-08-09T16:43:45","slug":"cecil-ou-lindignation-des-privilegies-les-autres-peuvent-crever-par-marcel-sel","status":"publish","type":"post","link":"https:\/\/www.pauljorion.com\/blog\/2015\/08\/07\/cecil-ou-lindignation-des-privilegies-les-autres-peuvent-crever-par-marcel-sel\/","title":{"rendered":"Cecil ou l\u2019indignation des privil\u00e9gi\u00e9s (Les autres peuvent\u00a0crever), par Marcel Sel"},"content":{"rendered":"<blockquote><p>Billet invit\u00e9. <a href=\"http:\/\/blog.marcelsel.com\/2015\/08\/01\/cecil-ou-lindignation-des-privilegies-les-autres-peuvent-crever\/\" rel=\"bookmark\">Para\u00eet \u00e9galement sur Un blog de Sel<\/a>.<\/p><\/blockquote>\n<p class=\"p1\"><span class=\"s1\">Un b\u00e9b\u00e9 palestinien a \u00e9t\u00e9 br\u00fbl\u00e9 vif par des colons. Deux adolescents sont morts dans les protestations qui ont suivi.<\/span><\/p>\n<p class=\"p1\"><span class=\"s1\">Mais Walter Palmer a tu\u00e9 le lion Cecil.<\/span><\/p>\n<p><!--more--><\/p>\n<p class=\"p1\"><span class=\"s1\">Apr\u00e8s avoir assassin\u00e9 pr\u00e8s de 200 innocents lors d\u2019un raid sur Kobane dans l\u2019indiff\u00e9rence mondiale (ils n\u2019\u00e9taient pas touristes en Tunisie), l\u2019Organisation \u00c9tat islamique a assassin\u00e9 une trentaine de jeunes militants socialistes turcs et kurdes \u00e0 Suru\u00e7 dans une indiff\u00e9rence remarquable (ils n\u2019\u00e9taient pas jeunes militants socialistes en Norv\u00e8ge).<\/span><\/p>\n<p class=\"p1\"><span class=\"s1\">Mais Walter Palmer a tu\u00e9 le lion Cecil.<\/span><\/p>\n<p class=\"p1\"><span class=\"s1\">Depuis, la Turquie a lanc\u00e9 des dizaines d\u2019attaques a\u00e9riennes sur le PKK, faisant, selon les Kurdes, plus de 200 victimes notamment civiles, avec l\u2019assentiment politique des pays de l\u2019OTAN, dont le v\u00f4tre.<\/span><\/p>\n<p class=\"p1\"><span class=\"s1\">Mais Walter Palmer a tu\u00e9 le lion Cecil.<\/span><\/p>\n<p class=\"p1\"><span class=\"s1\">Des activistes \u00ab\u00a0propalestiniens\u00a0\u00bb qui passent l\u2019ann\u00e9e \u00e0 condamner Isra\u00ebl pour son occupation n\u2019ont pas lev\u00e9 le petit doigt pour les Kurdes, opprim\u00e9s par notre alli\u00e9, la Turquie, depuis bien plus longtemps que les Palestiniens.<\/span><\/p>\n<p class=\"p1\"><span class=\"s1\">Mais Walter Palmer a tu\u00e9 le lion Cecil.<\/span><\/p>\n<p class=\"p1\"><span class=\"s1\">Les Rohingyas, musulmans, sont toujours victimes de nettoyage ethnique voire de g\u00e9nocide sans que l\u2019Union europ\u00e9enne ne demande s\u00e9rieusement de comptes \u00e0 Aung San Suu Kyi qu\u2019elle a pourtant \u00e9rig\u00e9e en h\u00e9ro\u00efne humaniste.<\/span><\/p>\n<p class=\"p1\"><span class=\"s1\">Mais Walter Palmer a tu\u00e9 le lion Cecil.<\/span><\/p>\n<p class=\"p1\"><span class=\"s1\">La communaut\u00e9 internationale reste de marbre alors que Boko Haram massacre des hommes, femmes et enfants pratiquement quotidiennement.<\/span><\/p>\n<p class=\"p1\"><span class=\"s1\">Mais Walter Palmer a tu\u00e9 le lion Cecil.<\/span><\/p>\n<p class=\"p1\"><span class=\"s1\">Les communaut\u00e9s chr\u00e9tiennes n\u2019ont jamais \u00e9t\u00e9 aussi menac\u00e9es qu\u2019aujourd\u2019hui dans le berceau de leur religion, les Proche et Moyen-Orient.<\/span><\/p>\n<p class=\"p1\"><span class=\"s1\">Mais Walter Palmer a tu\u00e9 le lion Cecil.<\/span><\/p>\n<p class=\"p1\"><span class=\"s1\">Pr\u00e8s de 2.000 hommes, femmes et enfants sont morts cette ann\u00e9e en M\u00e9diterran\u00e9e en tentant de rejoindre l\u2019Europe.<\/span><\/p>\n<p class=\"p1\"><span class=\"s1\">Mais Walter Palmer a tu\u00e9 le lion Cecil.<\/span><\/p>\n<p class=\"p1\"><span class=\"s1\">Le 28 juillet, Sadik, pakistanais de 30 ans, est mort en tentant de rejoindre le Royaume-Uni depuis la France. Sadik signifie <i>ami <\/i>en arabe. Sadique d\u00e9crit plut\u00f4t le jeu qu\u2019on joue avec ces hominid\u00e9s. C\u2019est le onzi\u00e8me mort en deux mois, dont deux femmes, Ganet et Zebiba, toutes deux \u00c9rythr\u00e9ennes, toutes deux \u00e2g\u00e9es de 23 ans, toutes deux mortes sur l\u2019autoroute aujourd\u2019hui r\u00e9serv\u00e9e aux vacanciers.<\/span><\/p>\n<p class=\"p1\"><span class=\"s1\">Mais Walter Palmer a tu\u00e9 le lion Cecil.<\/span><\/p>\n<p class=\"p1\"><span class=\"s1\">Cette ann\u00e9e, en France, <a href=\"http:\/\/www.mortsdelarue.org\/spip.php?article14\"><span class=\"s2\">239 animaux de race homo sapiens sapiens sont morts dans la rue<\/span><\/a>. Le dernier en date est Boussad, 68 ans, mort \u00e0 Lyon la nuit pass\u00e9e. La premi\u00e8re de l\u2019ann\u00e9e s\u2019appelait Francesca, morte \u00e0 Lille le premier janvier. Elle avait deux mois et demi. Un mois plus tard, \u00e0 Bagnolet, une enfant de cinq ans, non identifi\u00e9e, la rejoignait \u00ab\u00a0au ciel\u00a0\u00bb, comme on dit \u00e0 nos enfants.<\/span><\/p>\n<p class=\"p1\"><span class=\"s1\">Mais Walter Palmer a tu\u00e9 le lion Cecil.<\/span><\/p>\n<p class=\"p1\"><span class=\"s2\"><a href=\"http:\/\/www.zimbabwesituation.com\/news\/zimsit_w_impunity-sinking-zimbabwe-into-poverty-hunger-the-zimbabwe-independent\/\">La faim tenaille les Zimbabw\u00e9ens<\/a><\/span><span class=\"s1\">. La production de lait a baiss\u00e9 de 80\u00a0% par rapport aux ann\u00e9es grasses, le b\u0153uf aussi. Le caf\u00e9, de 90\u00a0%. Le bl\u00e9 de 95\u00a0%. L\u2019industrie de 70\u00a0%. Le pays a v\u00e9cu chaque ann\u00e9e de l\u2019aide alimentaire, depuis 2001. <a href=\"http:\/\/www.wfp.org\/countries\/zimbabwe\/\"><span class=\"s2\">Le ch\u00f4mage d\u00e9passe les 60\u00a0%<\/span><\/a>. Les deux tiers de la population vit sous le seuil national de pauvret\u00e9. Pr\u00e8s de 15\u00a0% des adultes vivent avec le virus du SIDA, la plupart souffrant de malnutrition. <a href=\"http:\/\/www.timeslive.co.za\/africa\/2015\/05\/05\/watch-hunger-forces-women-into-prostitution-in-zimbabwe\"><span class=\"s2\">Des femmes sont forc\u00e9es de se prostituer<\/span><\/a> pour nourrir leurs enfants et vendent leur corps pour deux ou trois dollars. Le pr\u00e9sident Mugabe en a d\u00e9pens\u00e9 plus de 500.000 rien que pour f\u00eater ses 91 ans.<\/span><\/p>\n<p class=\"p1\"><span class=\"s1\">Mais Walter Palmer a tu\u00e9 le lion Cecil, au m\u00eame Zimbabwe.<\/span><\/p>\n<p class=\"p1\"><span class=\"s1\">Dans la presse locale, <a href=\"http:\/\/bigbrowser.blog.lemonde.fr\/2015\/08\/03\/le-zimbabwe-a-des-problemes-plus-graves-que-la-mort-du-lion-cecil\/\">un Zimbabw\u00e9en affirme<\/a> qu\u2019il y aurait eu moins d\u2019engouement s\u2019il s\u2019\u00e9tait agi d\u2019un Zimbabw\u00e9en, tu\u00e9 par le m\u00eame dentiste.\u00a0Vous vous souvenez de cette blague affreuse sur les Panous ?<br \/>\n<\/span><\/p>\n<p class=\"p1\">Et peu importe que les lions tuent l\u00e0-bas, car Walter a tu\u00e9 Cecil.<\/p>\n<p class=\"p1\"><span class=\"s1\">Alors, tr\u00e8s vite, sur les r\u00e9seaux, Ricky Gervais, Alyssa Milano ou Shannen Doherty ont clam\u00e9 leur col\u00e8re contre Walter Palmer. Depuis, on compte par dizaine de milliers les appels \u00e0 assassiner l\u2019odieux dentiste, distill\u00e9s depuis un clavier d\u2019ordinateur.<\/span><\/p>\n<p class=\"p1\"><span class=\"s1\">Devant le domicile du chasseur, un panneau lui propose de pourrir en enfer. Un autre indique qu\u2019il y a d\u00e9j\u00e0 une \u00ab\u00a0cavit\u00e9 profonde\u00a0\u00bb qui l\u2019attend. Sous ces mots qui \u00e9voquent le meurtre, des enfants d\u00e9posent des peluches en hommage \u00e0 un lion qu\u2019ils n\u2019ont jamais vu auparavant et dont ils ignoraient jusqu\u2019\u00e0 l\u2019existence.<\/span><\/p>\n<p class=\"p1\"><span class=\"s1\">Des papas et des mamans, desperate housemen et housewives de l\u2019indignation petite-bourgeoise, les am\u00e8nent, la larme \u00e0 l\u2019\u0153il, participer \u00e0 ce m\u00e9lange de piti\u00e9 animale, de m\u00e9pris bestial et d\u2019appel au meurtre. Pas un instant, il ne leur viendrait \u00e0 l\u2019id\u00e9e de parler \u00e0 leur prog\u00e9niture des droits de l\u2019accus\u00e9, ni de la pr\u00e9somption d\u2019innocence, les fondements de notre justice.<\/span><\/p>\n<p class=\"p1\"><span class=\"s1\">Car Walter Palmer, <i>ce porc<\/i> (selon une journaliste du Monde), a tu\u00e9 le lion Cecil.<\/span><\/p>\n<p class=\"p1\"><span class=\"s1\">Mais faut les comprendre. Ce lion \u00e9tait embl\u00e9matique. Il faisait tant plaisir aux touristes qui visitaient la r\u00e9serve nationale dont il \u00e9tait le h\u00e9ros. Ou plut\u00f4t, \u00e0 ceux des touristes qui peuvent se payer le safari au Zimbabwe\u00a0!<\/span><\/p>\n<p class=\"p1\"><span class=\"s1\">Et pour les autres, une photo suffira \u00e0 les convaincre que Palmer, c\u2019est Hitler, mais en mille fois pire. Parce que dans les quartiers tranquilles de notre soci\u00e9t\u00e9 si \u00e9quitable, la vie sauvage fait r\u00eaver, vous comprenez\u00a0! Au point qu\u2019on pardonne tout juste aux Masa\u00efs de tuer les lions qui tuent leurs cheptels, leurs ch\u00e8vres ou leurs \u00e2nes.<\/span><\/p>\n<p class=\"p1\"><span class=\"s1\">Alors, indignez-vous\u00a0!<\/span><\/p>\n<p class=\"p1\"><span class=\"s1\">Car Walter Palmer a tu\u00e9 le lion Cecil.<\/span><\/p>\n<p class=\"p1\"><span class=\"s1\">Et oubliez que de 1999 \u00e0 2008, <a href=\"http:\/\/www.theguardian.com\/environment\/2011\/mar\/01\/african-lions-american-hunter-trophies\"><span class=\"s2\">5.663 lions ont \u00e9t\u00e9 abattus en Afrique pour le sport<\/span><\/a>, dont plus de 3.600 par des Am\u00e9ricains. Aucun d\u2019entre eux n\u2019avait un nom. Aucun des chasseurs n\u2019a fait l\u2019objet de menaces.<\/span><\/p>\n<p class=\"p1\"><span class=\"s1\">Selon Geo, de 2006 \u00e0 2008, 16.400 chasseurs auraient d\u00e9pens\u00e9 70 millions d\u2019euros en Afrique pour chasser. L\u2019argent profiterait aux Africains mais ce n\u2019est pas s\u00fbr.<\/span><\/p>\n<p class=\"p1\"><span class=\"s1\">L\u2019hiver dernier, en Belgique, les chasseurs ont tu\u00e9 4.368 cerfs, biches et faons, dont la maman et le papa de Bambi, ses deux s\u0153urs, cinq cousins et plusieurs copains superchouettes. Aucun des chasseurs n\u2019a fait l\u2019objet de protestations. Personne n\u2019a pos\u00e9 de peluche devant leur porte. Les cervid\u00e9s non plus n\u2019avaient pas de nom.<\/span><\/p>\n<p class=\"p1\"><span class=\"s1\">Par ailleurs, le quota \u00e0 abattre \u00e9tait de 5.000 cervid\u00e9s, pour maintenir l\u2019\u00e9quilibre de la faune et de la flore.<\/span><\/p>\n<p class=\"p1\"><span class=\"s1\">Pour manger avec nos frites, nous les Belges faisons abattre par autrui, et le plus loin possible de nous, 470.000 boeufs et 324.000 veaux chaque ann\u00e9e. Il faut bien se nourrir.<\/span><\/p>\n<p class=\"p1\"><span class=\"s1\">Par tradition, les habitants des \u00eeles F\u00e9ro\u00e9 tuent en groupe, et \u00e0 la main, des centaines de baleines-pilotes par an. Tuer l\u2019animal soi-m\u00eame fait selon eux prendre conscience du geste requis pour manger de la viande. Je ne suis pas s\u00fbr qu\u2019ils aient tort. Les c\u00e9tac\u00e9s non plus n\u2019ont pas de nom.<\/span><\/p>\n<p class=\"p1\"><span class=\"s1\">Par contre, les 140 m\u00e9nages de ma\u00eetres qui ont abandonn\u00e9 leur chien, en seulement deux jours, en France, connaissaient tr\u00e8s bien le nom de leur animal de compagnie, que la SPA a d\u00fb euthanasier par manque de place.<\/span><\/p>\n<p class=\"p1\"><span class=\"s1\">L\u2019histoire ne dit pas combien d\u2019entre eux ont twitt\u00e9 que Walter Palmer \u00e9tait une ordure.<\/span><\/p>\n<p class=\"p1\"><span class=\"s1\">Allez, bon peuple, indigne-toi ! Walter Palmer a tu\u00e9 le lion Cecil ! Bon sang ! Qu\u2019on\u00a0le batte ! Qu\u2019on l\u2019abatte ! Qu\u2019on lui coupe les couilles ! Qu\u2019on le br\u00fble ! Qu\u2019on le\u2026\u00a0<\/span><\/p>\n<p class=\"p1\"><span class=\"s1\">Indigne-toi. Walter sert \u00e0 \u00e7a. Comme \u00e7a, tu ne\u00a0te demanderas pas combien de victimes tu as\u00a0n\u00e9glig\u00e9 parce qu\u2019elle te semblait moins famili\u00e8res que ce\u00a0h\u00e9ros Disn\u00e9yen, ce Roi Lion, ce Cecil dont tu n\u2019avais jamais entendu parler auparavant, abattu par un dentiste sportif.<\/span><\/p>\n<p class=\"p1\"><span class=\"s1\">Ni combien de gens notre mode de vie, notre \u00e9gocentrisme ou notre \u00e9go\u00efsme tuent chaque ann\u00e9e.\u00a0<\/span><span class=\"s1\">En 2015, la premi\u00e8re en France \u00e9tait donc Francesca. Deux mois et demi. Lille. Premier janvier.<\/span><\/p>\n<div>\u00a9 <a href=\"http:\/\/blog.marcelsel.com\" target=\"_blank\">Marcel Sel<\/a> 2015. Tous droits r\u00e9serv\u00e9s.<\/div>\n<div><\/div>\n","protected":false},"excerpt":{"rendered":"<blockquote>\n<p>Billet invit\u00e9. <a href=\"http:\/\/blog.marcelsel.com\/2015\/08\/01\/cecil-ou-lindignation-des-privilegies-les-autres-peuvent-crever\/\" rel=\"bookmark\">Para\u00eet \u00e9galement sur Un blog de Sel<\/a>.<\/p>\n<\/blockquote>\n<p class=\"p1\"><span class=\"s1\">Un b\u00e9b\u00e9 palestinien a \u00e9t\u00e9 br\u00fbl\u00e9 vif par des colons. Deux adolescents sont morts dans les protestations qui ont suivi.<\/span><\/p>\n<p class=\"p1\"><span class=\"s1\">Mais Walter Palmer a tu\u00e9 le lion Cecil.<\/span><\/p>\n","protected":false},"author":1,"featured_media":0,"comment_status":"closed","ping_status":"closed","sticky":false,"template":"","format":"standard","meta":{"footnotes":""},"categories":[6],"tags":[],"class_list":["post-77830","post","type-post","status-publish","format-standard","hentry","category-questions-essentielles"],"_links":{"self":[{"href":"https:\/\/www.pauljorion.com\/blog\/wp-json\/wp\/v2\/posts\/77830","targetHints":{"allow":["GET"]}}],"collection":[{"href":"https:\/\/www.pauljorion.com\/blog\/wp-json\/wp\/v2\/posts"}],"about":[{"href":"https:\/\/www.pauljorion.com\/blog\/wp-json\/wp\/v2\/types\/post"}],"author":[{"embeddable":true,"href":"https:\/\/www.pauljorion.com\/blog\/wp-json\/wp\/v2\/users\/1"}],"replies":[{"embeddable":true,"href":"https:\/\/www.pauljorion.com\/blog\/wp-json\/wp\/v2\/comments?post=77830"}],"version-history":[{"count":9,"href":"https:\/\/www.pauljorion.com\/blog\/wp-json\/wp\/v2\/posts\/77830\/revisions"}],"predecessor-version":[{"id":77843,"href":"https:\/\/www.pauljorion.com\/blog\/wp-json\/wp\/v2\/posts\/77830\/revisions\/77843"}],"wp:attachment":[{"href":"https:\/\/www.pauljorion.com\/blog\/wp-json\/wp\/v2\/media?parent=77830"}],"wp:term":[{"taxonomy":"category","embeddable":true,"href":"https:\/\/www.pauljorion.com\/blog\/wp-json\/wp\/v2\/categories?post=77830"},{"taxonomy":"post_tag","embeddable":true,"href":"https:\/\/www.pauljorion.com\/blog\/wp-json\/wp\/v2\/tags?post=77830"}],"curies":[{"name":"wp","href":"https:\/\/api.w.org\/{rel}","templated":true}]}}