{"id":77900,"date":"2015-08-12T23:03:48","date_gmt":"2015-08-12T21:03:48","guid":{"rendered":"http:\/\/www.pauljorion.com\/blog\/?p=77900"},"modified":"2015-08-16T16:55:17","modified_gmt":"2015-08-16T14:55:17","slug":"stop-pour-en-finir-avec-les-predicats-faux-des-climato-sceptiques-par-philippe-soubeyrand","status":"publish","type":"post","link":"https:\/\/www.pauljorion.com\/blog\/2015\/08\/12\/stop-pour-en-finir-avec-les-predicats-faux-des-climato-sceptiques-par-philippe-soubeyrand\/","title":{"rendered":"STOP : pour en finir avec les pr\u00e9dicats faux des climato-sceptiques, par Philippe Soubeyrand"},"content":{"rendered":"<blockquote><p>Billet invit\u00e9<\/p><\/blockquote>\n<p>Avertissement de l&rsquo;auteur\u00a0:<br \/>\n<em>La d\u00e9marche d&rsquo;explication p\u00e9dagogique se veut ici la plus \u00e9tay\u00e9e possible. Aussi, un appendice technique (*) important a \u00e9t\u00e9 positionn\u00e9 dans la seconde partie du billet.<\/em><\/p>\n<p><img decoding=\"async\" class=\"align-full\" src=\"http:\/\/api.ning.com\/files\/NQs0dYxvfMXOR7UwM8aC1GVcFVOJmegGr8rC1fEz7vNrJVt*iB89Tf7hRomIP*qV3lrl0fZD7F7HVOLl3gZXpEst02Y-6xcZ\/Fig1StructureA_2015.jpg?width=750\" alt=\"\" width=\"750\" \/><\/p>\n<p><em>StructureA<\/em>\u00a0\u2013 photo prise le 15\/03\/2009 \u2013 Tour Eiffel<\/p>\n<p><!--more-->***<\/p>\n<p>Revenons un instant sur cette pol\u00e9mique qu&rsquo;a suscit\u00e9 en 2013, la sortie du livre du physicien Fran\u00e7ois Gervais,\u00a0<em>L&rsquo;innocence du carbone, l&rsquo;effet de serre remis en question<\/em>, aux \u00e9ditions Albin Michel [1]. Voici quelle fut \u00e0 l&rsquo;\u00e9poque la r\u00e9ponse parue dans Le Monde de Fran\u00e7ois-Marie Br\u00e9on, chercheur au laboratoire des sciences du climat et de l&rsquo;environnement (CEA\/CNRS\/UVSQ) et coauteur de l&rsquo;AR5 du GIEC (Groupe d&rsquo;experts Intergouvernemental sur l\u2019\u00c9volution du Climat) [2].<\/p>\n<p>Dans sa r\u00e9ponse, monsieur Br\u00e9on montre du doigt pas moins de 3 manipulations des variables de mesure (*), au moins 7 pr\u00e9dicats faux (*) [24] [25], \u00ab\u00a0et d\u00e9nonce [\u2026] une s\u00e9rie [&#8230;] de\u00a0<strong>donn\u00e9es fictives<\/strong>\u00a0et de\u00a0<strong>courbes tronqu\u00e9es<\/strong>\u00a0\u00bb [3]. En effet, dans les exemples pr\u00e9sent\u00e9s par monsieur Br\u00e9on, monsieur Gervais d\u00e9grade fortement dans son livre l&rsquo;un des attributs de la qualit\u00e9 des donn\u00e9es de supervision\/surveillance (*) sans lequel il ne lui est absolument pas possible de conclure de fa\u00e7on formelle. Il s&rsquo;agit de l&rsquo;attribut de consistance (l&rsquo;\u00e9chantillon d&rsquo;observation doit \u00eatre suffisant) (*), r\u00e9duisant ainsi fortement les plages d&rsquo;observation de certaines variables de mesure (*) (plus de 20 ans de donn\u00e9es de mesure \u00e9lud\u00e9es dans certains cas) et de facto les tendances globales des signaux concern\u00e9s, masquant ainsi aux lecteurs de son livre une large partie de la r\u00e9alit\u00e9 des observations scientifiques pourtant loin d&rsquo;\u00eatre n\u00e9gligeable, et ne leur permettant pas une prise de recul suffisante. Il proc\u00e8de notamment ainsi avec des variables de mesure (*) importantes, telles que celles relatives au volume de la banquise arctique, \u00e0 l&rsquo;\u00e9l\u00e9vation du niveau des oc\u00e9ans et \u00e0 l&rsquo;accumulation de chaleur dans l&rsquo;oc\u00e9an, passant ainsi \u00e0 la trappe plus de 20 ans de donn\u00e9es de mesure sans lesquelles il est d\u00e9j\u00e0 extr\u00eamement difficile de conclure.<\/p>\n<p>Par exemple, concernant le volume de la banquise arctique qui selon l&rsquo;auteur, se reconstituerait progressivement, \u00e9voquant m\u00eame les mesures du satellite ESA Cryosat pour qualifier de \u00ab\u00a0remont\u00e9e spectaculaire\u00a0\u00bb le sursaut qu&rsquo;a connu en 2013 le volume de cette banquise, il s&rsquo;av\u00e8re qu&rsquo;\u00e0 d\u00e9faut d&rsquo;un \u00e9chantillon d&rsquo;observation suffisant (*) et d&rsquo;un rapprochement avec une autre variable de mesure (*), l&rsquo;auteur ne semble pas avoir remarqu\u00e9 que l&rsquo;\u00e9volution du retrait en volume mais aussi en surface de la banquise arctique, conna\u00eet r\u00e9guli\u00e8rement depuis 1979 des sursauts parfois importants, avant de reconqu\u00e9rir de nouveaux records de fonte absolus les ann\u00e9es suivantes. Sur la pr\u00e9sentation interactive propos\u00e9e par le NSIDC (National Snow and Ice Data Center), il est d&rsquo;ailleurs possible de relever visuellement les derniers sursauts en surface observ\u00e9s entre 1999 et 2015 [4]\u00a0:<br \/>\n&#8211; 1999\u00a0<span style=\"color: #ff0000;\"><strong>\u00e2\u2020\u201c record de fonte<\/strong><\/span><br \/>\n&#8211; 2000\u00a0\u00a0\u00a0\u00a0\u00a0\u00a0\u00a0\u00a0\u00a0\u00a0\u00a0\u00a0\u00a0\u00a0\u00a0\u00a0maximum solaire cycle 23<br \/>\n&#8211; 2001\u00a0<span style=\"color: #008000;\"><strong>\u00e2\u2020\u2018 sursaut<\/strong><\/span><br \/>\n&#8211; 2002\u00a0<span style=\"color: #ff0000;\"><strong>\u00e2\u2020\u201c record de fonte<\/strong><\/span><br \/>\n&#8211; 2003\u00a0<span style=\"color: #008000;\"><strong>\u00e2\u2020\u2018 sursaut<\/strong><\/span>\u00a0malgr\u00e9 la canicule<br \/>\n&#8211; 2004<br \/>\n&#8211; 2005\u00a0<span style=\"color: #ff0000;\"><strong>\u00e2\u2020\u201c record de fonte<\/strong><\/span><br \/>\n&#8211; 2006\u00a0<span style=\"color: #008000;\"><strong>\u00e2\u2020\u2018 sursaut<\/strong><\/span><br \/>\n&#8211; 2007\u00a0<span style=\"color: #ff0000;\"><strong>\u00e2\u2020\u201c premier record de fonte absolu<\/strong><\/span><br \/>\n&#8211; 2008\u00a0\u00a0\u00a0\u00a0\u00a0\u00a0\u00a0\u00a0\u00a0\u00a0\u00a0\u00a0\u00a0\u00a0\u00a0\u00a0 hiver froid<br \/>\n&#8211; 2009\u00a0<span style=\"color: #008000;\"><strong>\u00e2\u2020\u2018 sursaut<\/strong><\/span>\u00a0minimum solaire cycle 23 et d\u00e9but du cycle 24<br \/>\n&#8211; 2010<br \/>\n&#8211; 2011<br \/>\n&#8211; 2012\u00a0<span style=\"color: #ff0000;\"><strong>\u00e2\u2020\u201c dernier record de fonte absolu jamais observ\u00e9<\/strong><\/span><br \/>\n&#8211; 2013\u00a0<span style=\"color: #008000;\"><strong>\u00e2\u2020\u2018 dernier sursaut observ\u00e9<\/strong><\/span><br \/>\n&#8211; 2014\u00a0\u00a0\u00a0\u00a0\u00a0\u00a0\u00a0\u00a0\u00a0\u00a0\u00a0\u00a0\u00a0\u00a0\u00a0\u00a0\u00a0maximum solaire cycle 24 &lt;&lt; \u00e0 celui du cycle 23<br \/>\n&#8211; 2015\u00a0?\u00a0\u00a0\u00a0\u00a0\u00a0\u00a0\u00a0\u00a0\u00a0\u00a0\u00a0\u00a0\u00a0\u00a0\u00a0canicule en cours comparable \u00e0 celle de 2003<\/p>\n<p>Ces sursauts n&rsquo;auraient-ils pas un lien particulier avec l&rsquo;enthalpie de fusion de la glace qui provoque des baisses soudaines de temp\u00e9rature de l&rsquo;eau, favorisant ainsi provisoirement la reconstitution de la glace l&rsquo;hiver suivant un record estival de fonte\u00a0? Ne serait-ce pas cette m\u00eame enthalpie de fusion de la glace qui serait \u00e0 l&rsquo;origine de la fonte brutale du Groenland en juillet 2012 [5]\u00a0?<\/p>\n<p>Parmi les pr\u00e9dicats faux (*) [24] [25] les plus \u00e9tonnants d\u00e9coulant de l&rsquo;analyse de l&rsquo;auteur, celui de la relation de cause \u00e0 effet entre hausse des temp\u00e9ratures et augmentation des gaz \u00e0 effet de serre dans l&rsquo;atmosph\u00e8re tels que le CO2 (dioxyde de carbone), du fait notamment du \u00ab\u00a0d\u00e9gazage de l&rsquo;oc\u00e9an\u00a0\u00bb\u00a0(post hoc ergo propter hoc (*) [25]), est des plus patents. Et la r\u00e9ponse de monsieur Br\u00e9on sur ce point s&rsquo;av\u00e8re tout \u00e0 fait pertinente lorsqu&rsquo;il met en avant la question de l&rsquo;acidification des oc\u00e9ans [3] du fait de leur capacit\u00e9 d&rsquo;absorption du CO2 pr\u00e9sent dans l&rsquo;atmosph\u00e8re. Dans ces conditions, il n&rsquo;est alors pas surprenant que l&rsquo;auteur n&rsquo;ait pas remarqu\u00e9 lors de son analyse l&rsquo;impact possible sur le climat de la d\u00e9rive du p\u00f4le Nord magn\u00e9tique depuis le milieu du XIX\u00e8me si\u00e8cle, ni les interactions possibles entre intensit\u00e9 du champs magn\u00e9tique terrestre et anomalies des temp\u00e9ratures, ni l&rsquo;influence que peut avoir l&rsquo;ensemble de nos activit\u00e9s anthropiques sur le comportement de ce champs magn\u00e9tique depuis le d\u00e9but de la r\u00e9volution industrielle, du fait notamment de l&rsquo;enfouissement de conducteurs m\u00e9talliques [5].<\/p>\n<p>Non, l&rsquo;augmentation des concentrations en gaz \u00e0 effet de serre dans l&rsquo;atmosph\u00e8re est bel et bien, pour une tr\u00e8s large part, le fruit amer de l&rsquo;ensemble de nos activit\u00e9s anthropiques \u00e0 base d&rsquo;\u00e9nergies fossiles notamment, mais pas seulement, et ceci depuis le d\u00e9but de la r\u00e9volution industrielle, ce d\u00e9but de l&rsquo;anthropoc\u00e8ne selon le prix Nobel de chimie Paul Crutzen [6]. Cette nouvelle \u00e8re g\u00e9ologique singuli\u00e8re ne pr\u00e9sente aucun \u00e9quivalent dans l&rsquo;Histoire. Et l\u00e0 o\u00f9 pendant 650000 ans la tectonique des plaques peut \u00e9ventuellement nous \u00e9clairer quant aux variations \u00e9quivalentes (*) de l&rsquo;anomalie de temp\u00e9rature et de la concentration en CO2, il devient tout simplement impossible de trouver une explication \u00e0 la fois naturelle et rationnelle quant aux nouvelles variations exponentielles de base aujourd&rsquo;hui &gt;1, de ces m\u00eames variables de mesure (*) au cours des 165 derni\u00e8res ann\u00e9es. Et les fluctuations observ\u00e9es \u00e7a et l\u00e0 sur la variable de mesure (*) de l&rsquo;anomalie de temp\u00e9rature moyenne globale, collect\u00e9e r\u00e9guli\u00e8rement depuis 1880, ne peuvent \u00eatre dues qu&rsquo;\u00e0 l&rsquo;effet de r\u00e9troactions positives [7] non ma\u00eetris\u00e9es, voire inconnues, agissant au c\u0153ur m\u00eame du syst\u00e8me climatique terrestre (*).<\/p>\n<p>Suite \u00e0 une r\u00e9ponse dans Le Monde de monsieur Gervais \u00e0 l&rsquo;attention de monsieur Br\u00e9on [8], une r\u00e9ponse beaucoup plus d\u00e9taill\u00e9e de 22 pages, mise \u00e0 jour en octobre 2014 (en mati\u00e8re de climat, l&rsquo;humilit\u00e9 nous oblige \u00e0 ce que personne ne puisse-t-\u00eatre \u00e9pargn\u00e9 par le t\u00e2tonnement n\u00e9cessaire au regard de la situation), est aujourd&rsquo;hui accessible depuis la page Wikip\u00e9dia consacr\u00e9e \u00e0 l&rsquo;auteur lui-m\u00eame [9]. Dans cette r\u00e9ponse, l&rsquo;auteur renoue une fois de plus avec des plages d&rsquo;observation relativement restreintes (*), descendant parfois jusqu&rsquo;\u00e0 la courte p\u00e9riode 2000-2013 afin de r\u00e9it\u00e9rer ses conclusions, faisant ainsi le focus sur ce qui correspond selon lui \u00e0 une p\u00e9riode de \u00ab\u00a0tendance \u00e0 la stagnation\u00a0\u00bb des temp\u00e9ratures. Seulement voil\u00e0, pas de chance, puisque c&rsquo;est sans compter l&rsquo;ann\u00e9e 2014 qui pulv\u00e9rise d&rsquo;ores et d\u00e9j\u00e0 tous les records de temp\u00e9rature [17], et sans compter l&rsquo;ann\u00e9e 2015 qui semble prendre le m\u00eame chemin, voire pire encore, et ceci en d\u00e9pit d&rsquo;un cycle solaire 24 relativement atone. En attendant, stagnation ou pas, les glaciers continuent quant \u00e0 eux leur r\u00e9gression [10], mettant ainsi \u00e0 l&rsquo;approche de la COP21 [11], de l&rsquo;eau au moulin de monsieur Br\u00e9on [3] et de ses confr\u00e8res au sein du GIEC [2].<\/p>\n<p>\u2026 \u00e0 suivre.<\/p>\n<p>***<\/p>\n<p>(*) appendice technique\u00a0: comment \u00e9viter les pi\u00e8ges des pr\u00e9dicats faux\u00a0?<\/p>\n<p>Tout travail d&rsquo;analyse des donn\u00e9es de supervision\/surveillance d&rsquo;un syst\u00e8me complexe observ\u00e9, tel que le syst\u00e8me climatique terrestre, n\u00e9cessite des connaissances sp\u00e9cifiques. Par exemple, le travail de recherche des relations de cause \u00e0 effet permettant d&rsquo;expliquer les comportements intrins\u00e8ques de ce syst\u00e8me sous l&rsquo;effet conjugu\u00e9 de perturbations internes et\/ou externes, n\u00e9cessite de conna\u00eetre l&rsquo;alg\u00e8bre de Boole [12], dont l&rsquo;\u00e9quivalence demeure la fonction logique la plus intuitive, et donc la plus simple \u00e0 appr\u00e9hender. Ainsi, certaines corr\u00e9lations (variance\/covariance, corr\u00e9lation crois\u00e9e, corr\u00e9lation de Pearson [13]) entre plusieurs variables de mesure temporelles, discr\u00e8tes et chaotiques, math\u00e9matiquement consid\u00e9r\u00e9es deux \u00e0 deux, telles que par exemple I et J, sont facilement transposables en logique bool\u00e9enne via la fonction d&rsquo;\u00e9quivalence (I comme J) ou (I comme -J), gr\u00e2ce \u00e0 la recherche des coefficients de corr\u00e9lation lin\u00e9aire dits remarquables\u00a0; le coefficient de corr\u00e9lation de Pearson entre I et J devant se situer sur l\u2019intervalle [-1, -\u00e2\u02c6\u01613\/2] pour la fonction logique (I comme -J), ou [\u00e2\u02c6\u01613\/2, 1] pour la fonction logique (I comme J), avec \u00e2\u02c6\u01613\/2 correspondant au cosinus de l&rsquo;angle \u00cf\u20ac\/6 radians qui est la limite maximale de l&rsquo;angle dont le sinus est approximativement \u00e9gal \u00e0 l&rsquo;angle lui-m\u00eame \u00e0 l&rsquo;ordre 2 en trigonom\u00e9trie sph\u00e9rique [14]. Bien \u00e9videmment, il ne s&rsquo;agit ici que du cas simple de l&rsquo;\u00e9quivalence, et il y a certainement d&rsquo;autres fonctions logiques \u00e0 consid\u00e9rer telles que par exemple la conjonction (I et J), l&rsquo;inhibition (I et -J), la disjonction (I ou J) ou (I ou -J), la disjonction exclusive (I ou exclusif J) ou (I ou exclusif -J), etc. Mais la complexit\u00e9 matricielle en d\u00e9coulant et l&rsquo;explosion combinatoire du fait des seuls calculs des corr\u00e9lations mises en \u0153uvre sont d\u00e9j\u00e0 telles, qu&rsquo;elles freinent plus avant le travail de recherche au regard des limites technologiques dues \u00e0 la forte volum\u00e9trie en pr\u00e9sence, nous obligeant souvent \u00e0 discriminer un grand nombre de relations de cause \u00e0 effet possibles.<\/p>\n<p><img decoding=\"async\" class=\"align-full\" src=\"http:\/\/api.ning.com\/files\/NQs0dYxvfMW9-G8a5b8TdsK3YtfikQ3*etVCe09exzG19hP-ftYAg477eNPj9I0Nb-wn1oJXeTPcDcHVE2*E1Szify2NdKoq\/Fig2Algbre_de_Boole_2015.jpg\" alt=\"\" width=\"700\" \/><\/p>\n<p><em>Un peu d&rsquo;alg\u00e8bre de Boole avec l&rsquo;\u00e9quivalence, la conjonction, l&rsquo;inhibition et la disjonction&#8230;<\/em><\/p>\n<p>Pourquoi est-il n\u00e9cessaire de consid\u00e9rer un triplet de corr\u00e9lations lors de ce travail d&rsquo;analyse\u00a0?<br \/>\n&#8211; la variance\/covariance permet de r\u00e9duire les temps de calcul en \u00e9cartant suffisamment t\u00f4t les couples de variables de mesure ind\u00e9pendantes<br \/>\n&#8211; la corr\u00e9lation crois\u00e9e permet de d\u00e9terminer les temps de retard ou d&rsquo;avance entre les variables de mesure d\u00e9pendantes les unes des autres, voire de recenser toutes celles qui sont redondantes, puis de pr\u00e9parer l&rsquo;ordonnancement<br \/>\n&#8211; la corr\u00e9lation de Pearson permet de ne retenir que les \u00e9quivalences remarquables parmi les variables de mesure d\u00e9pendantes les unes des autres, corrig\u00e9es des temps de retard ou d&rsquo;avance correspondants<\/p>\n<p>Ce sont g\u00e9n\u00e9ralement des robots\/agents\/algorithmes informatiques qui collectent en quasi temps r\u00e9el ces variables de mesure suivant des pas de collecte pr\u00e9d\u00e9finis (granularit\u00e9). Puis, ce sont ces m\u00eames robots qui stockent ces mesures au sein des gisements de donn\u00e9es, plus commun\u00e9ment connus sous le nom de datawarehouses [15] dans le cadre de l&rsquo;informatique d\u00e9cisionnelle. Ainsi, plus il y a de robots de ce genre r\u00e9partis uniform\u00e9ment tout autour du syst\u00e8me (couverture de supervision\/surveillance optimale), plus ces gisements de donn\u00e9es deviennent tr\u00e8s rapidement imposants tout en \u00e9tant le plus souvent architectur\u00e9s sous la forme d&rsquo;environnement de calcul distribu\u00e9. On parle alors de Big Data de supervision, ou aussi de Big Analytics [16]\u00a0: n variables constitu\u00e9es tout au plus de N mesures \u00e0 un instant t, pour repr\u00e9senter non pas le syst\u00e8me complexe lui m\u00eame, mais plut\u00f4t son \u00e9tat \u00e0 un instant t, c&rsquo;est \u00e0 dire la forme que doit prendre sa couverture de supervision\/surveillance \u00e0 cet instant.<\/p>\n<p>Nous en avions d\u00e9j\u00e0 parl\u00e9 lors d&rsquo;un pr\u00e9c\u00e9dent billet [17], il s&rsquo;agit donc ici d&rsquo;\u00e9voluer au sein d&rsquo;un espace euclidien de dimension n dont chaque vecteur d&rsquo;observation, de norme croissante, est la repr\u00e9sentation dans cet espace d&rsquo;une variable de mesure \u00e0 un instant t. En outre, les normes des vecteurs peuvent \u00eatre in\u00e9gales \u00e0 un instant t et fonction des temps de retard ou d&rsquo;avance entre les variables de mesure d\u00e9pendantes les unes des autres\u00a0; le coefficient de corr\u00e9lation de Pearson correspondant ici au cosinus de l&rsquo;angle form\u00e9 par deux vecteurs d&rsquo;observation. S&rsquo;il vous est possible d&rsquo;imaginer la couverture de supervision\/surveillance en d\u00e9coulant, alors il devrait vous \u00eatre possible d\u2019accepter le fait que son volume sous-jacent, sorte de m\u00e9taphore du syst\u00e8me complexe lui-m\u00eame, ne cesse de cro\u00eetre du fait de l&rsquo;op\u00e9ration ininterrompue de collecte des mesures. Et n&rsquo;essayez pas d&rsquo;imaginer une simple sph\u00e8re, sorte d&rsquo;\u00ab\u00a0aplatissement\u00a0\u00bb en 3 dimensions de cet espace euclidien de dimension n, car vous seriez purement et simplement dans l&rsquo;erreur, m\u00eame s&rsquo;il est vrai que cette forme simplifi\u00e9e de repr\u00e9sentation peut pr\u00e9senter quelque int\u00e9r\u00eat, notamment dans le cadre d&rsquo;une repr\u00e9sentation g\u00e9od\u00e9sique par triangulation [18] des variables de mesure. Pr\u00e9f\u00e9rez plut\u00f4t vous repr\u00e9senter une sorte de gros ballon de football aux n alv\u00e9oles \u00e0 la fois d\u00e9form\u00e9es, in\u00e9gales, puisqu&rsquo;elles sont fonction de la valeur de chaque variable mesur\u00e9e \u00e0 un instant t, et positionn\u00e9es aux extr\u00e9mit\u00e9s des vecteurs d&rsquo;observations correspondants. Si vous parvenez \u00e0 vous repr\u00e9senter cette m\u00e9taphore, alors vous touchez du doigt une hypersph\u00e8re, ou une n-sph\u00e8re [19], appelez cela comme vous voulez, sachant que cette n-sph\u00e8re est au syst\u00e8me ce que la peau est au fruit.<\/p>\n<p>Les n variables de mesure stock\u00e9es au sein du Big Data de supervision doivent \u00eatre structur\u00e9es de telle sorte qu&rsquo;elle en facilite leur exploitation. On parle ici de la qualit\u00e9 des donn\u00e9es de supervision\/surveillance sans laquelle il est impossible de tirer des conclusions quant \u00e0 l&rsquo;\u00e9tat r\u00e9el du syst\u00e8me complexe observ\u00e9 \u00e0 un instant t, et dont les attributs sont g\u00e9n\u00e9ralement\u00a0:<br \/>\n&#8211; la compl\u00e9tude (le nombre de variables de mesure doit \u00eatre exhaustif)<br \/>\n&#8211; la consistance (l&rsquo;\u00e9chantillon d&rsquo;observation doit \u00eatre suffisant)<br \/>\n&#8211; l&rsquo;opportunit\u00e9 (la collecte doit s&rsquo;effectuer en temps r\u00e9el)<br \/>\n&#8211; la pr\u00e9cision (les capteurs des robots doivent \u00eatre pr\u00e9cis)<br \/>\n&#8211; la validit\u00e9 (la construction des robots doit \u00eatre conforme aux r\u00e8gles)<br \/>\n&#8211; l&rsquo;accessibilit\u00e9 (les variables de mesure doivent \u00eatre compr\u00e9hensibles)<br \/>\n&#8211; l&rsquo;int\u00e9grit\u00e9 (l&rsquo;authenticit\u00e9 et la tra\u00e7abilit\u00e9)<\/p>\n<p>Si les six premiers de ces attributs sont g\u00e9n\u00e9ralement obtenus d\u00e8s la mise en \u0153uvre des robots\/agents\/algorithmes informatiques permettant la collecte des variables de mesure, l&rsquo;int\u00e9grit\u00e9, qu&rsquo;il ne faut surtout pas confondre ici avec l&rsquo;int\u00e9grit\u00e9 r\u00e9f\u00e9rentielle propre \u00e0 tout gisement de donn\u00e9es, est obtenue \u00e0 l&rsquo;issue de l&rsquo;op\u00e9ration de recherche des relations de cause \u00e0 effet depuis laquelle d\u00e9coule une certaine forme de codification non nominative, c&rsquo;est \u00e0 dire une codification significative des variables de mesure (l&rsquo;authenticit\u00e9) [20]. C&rsquo;est cette codification significative qui permet ensuite, au moyen d&rsquo;une grammaire des graphes appropri\u00e9e, l&rsquo;\u00e9criture automatique de la mod\u00e9lisation associ\u00e9e \u00e0 l&rsquo;\u00e9tat du syst\u00e8me complexe observ\u00e9 \u00e0 un instant t, cette mod\u00e9lisation pouvant prendre ici la forme d&rsquo;un r\u00e9seau de Petri temporis\u00e9 (la tra\u00e7abilit\u00e9) [20] [21].<\/p>\n<p>Cependant, les variables de mesure qui sont stock\u00e9es au sein des gisements de donn\u00e9es ne remplissent pas syst\u00e9matiquement l&rsquo;ensemble des six premiers attributs de la qualit\u00e9 des donn\u00e9es de supervision\/surveillance. C&rsquo;est le cas notamment de la compl\u00e9tude o\u00f9 le risque d&rsquo;\u00ab\u00a0hypersupervision\u00a0\u00bb (redondance des variables de mesure du fait du t\u00e2tonnement op\u00e9rationnel) pr\u00e9sente une forte probabilit\u00e9 de r\u00e9alisation quels que soient les sujets trait\u00e9s. C&rsquo;est le cas aussi de la consistance o\u00f9 pour des raisons logistiques, il n&rsquo;est pas toujours possible de d\u00e9marrer au m\u00eame moment les op\u00e9rations de collecte des variables de mesure. C&rsquo;est le cas enfin de l&rsquo;opportunit\u00e9 o\u00f9 pour des raisons techniques, le risque de d\u00e9synchronisation des pas de collecte des variables de mesure (granularit\u00e9 h\u00e9t\u00e9rog\u00e8ne) est bien r\u00e9el. Or, sans ces attributs, il est absolument impossible de poursuivre le moindre traitement de corr\u00e9lation. On op\u00e8re alors \u00e0 toutes sortes d&rsquo;artifices math\u00e9matiques permettant de r\u00e9tablir un semblant de qualit\u00e9 des donn\u00e9es de supervision\/surveillance au sein des gisements\u00a0:<br \/>\n&#8211; l&rsquo;interpolation afin de rendre les variables de mesure plus consistantes<br \/>\n&#8211; la synchronisation afin de rendre la granularit\u00e9 plus homog\u00e8ne<br \/>\n&#8211; la normalisation afin de pouvoir comparer ce qui est comparable<br \/>\n&#8211; et dans certains cas de mesure, le nettoyage des bruits r\u00e9siduels<br \/>\n&#8211; etc.<\/p>\n<p>C&rsquo;est donc seulement \u00e0 l&rsquo;issue de cette phase dite d\u2019assainissement des gisements de donn\u00e9es que l&rsquo;on peut proc\u00e9der \u00e0 l&rsquo;op\u00e9ration de recherche des relations de cause \u00e0 effet, et notamment aux divers calculs de corr\u00e9lation entre variables de mesure consid\u00e9r\u00e9es deux \u00e0 deux.<\/p>\n<p>Tout ce qui pr\u00e9c\u00e8de constitue bien \u00e9videmment un exemple de processus de mod\u00e9lisation parmi d&rsquo;autres, du fait notamment des nombreuses possibilit\u00e9s offertes par l&rsquo;alg\u00e8bre de Boole. Mais ce traitement conduit toutefois l&rsquo;analyste \u00e0 disposer, au moment du processus ult\u00e9rieur de simulation\/pr\u00e9vision, de trois formes de repr\u00e9sentation relativement compl\u00e9mentaires quant \u00e0 l&rsquo;\u00e9tat du syst\u00e8me complexe observ\u00e9 \u00e0 un instant t :<br \/>\n&#8211; une n-sph\u00e8re, sorte de couverture de supervision\/surveillance (la peau du fruit)<br \/>\n&#8211; \u00e0 d\u00e9faut, son \u00ab\u00a0aplatissement\u00a0\u00bb en 3 dimension sous forme de repr\u00e9sentation g\u00e9od\u00e9sique permettant d&rsquo;\u00e9valuer le taux de recouvrement du syst\u00e8me [20]<br \/>\n&#8211; enfin, un r\u00e9seau de Petri temporis\u00e9, sorte d&rsquo;automate de simulation\/pr\u00e9vision des comportements intrins\u00e8ques de ce syst\u00e8me sous l&rsquo;effet conjugu\u00e9 de perturbations internes et\/ou externes [20]<\/p>\n<p>D\u00e8s lors, il devient opportun d&rsquo;identifier parmi toutes les variables de mesure, celles qui constituent vraisemblablement des points de fragilit\u00e9 du syst\u00e8me, et qui sont sensibles aux perturbations internes et\/ou externes. Cette identification est alors r\u00e9alis\u00e9e au moyen de l&rsquo;entropie de Shannon [22] appliqu\u00e9e \u00e0 chaque variable de mesure temporelle, discr\u00e8te et chaotique, permettant de d\u00e9nombrer les occurrences d&rsquo;un \u00e9v\u00e9nement\/incident singulier, dont la simulation\/pr\u00e9vision de la propagation au sein du syst\u00e8me complexe lui-m\u00eame, est rendue possible gr\u00e2ce au r\u00e9seau de Petri temporis\u00e9 [20]. A terme, et si la technologie des supercalculateurs le permet, l&rsquo;ensemble de la mod\u00e9lisation peut-\u00eatre rendue dynamique au moyen des r\u00e9seaux de neurones [23].<\/p>\n<p>Nous disposons alors d&rsquo;une palette d&rsquo;outils que nous savons certes incompl\u00e8te, mais toutefois exploitable puisque conforme \u00e0 la technique. Sur la base de celle-ci, il devient alors possible d&rsquo;entreprendre toutes sortes d&rsquo;analyses, et notamment celles concernant la supervision des points de fragilit\u00e9 du syst\u00e8me complexe observ\u00e9 \u00e0 un instant t. Dit autrement, on parle aussi de d\u00e9marche de pr\u00e9occupation de robustesse du syst\u00e8me complexe observ\u00e9 \u00e0 un instant t.<\/p>\n<p><img decoding=\"async\" class=\"align-full\" src=\"http:\/\/api.ning.com\/files\/NQs0dYxvfMWpzXVI0pAaF8Lvyf4u7Bauhu6HE0brSQZuFXf67cOCnxAFLE34Dfy20pI*0ofe4G7kr3wxipKm22X6HqEK2Qg2\/Fig3StructureB_2015.jpg?width=750\" alt=\"\" width=\"750\" \/><\/p>\n<p><em>StructureB<\/em>\u00a0\u2013 photo prise le 15\/03\/2009 \u2013 Tour Eiffel<\/p>\n<p>Mais il s&rsquo;agit aussi d&rsquo;un processus de mod\u00e9lisation permettant surtout d&rsquo;\u00e9viter les pi\u00e8ges dus aux sophismes (pr\u00e9dicats faux) qu&rsquo;il serait trop souvent tentant de formuler \u00e0 la simple lecture simultan\u00e9e des variables de mesure\u00a0:<br \/>\n&#8211; \u00ab\u00a0cum hoc ergo propter hoc\u00a0\u00bb [24], si deux \u00e9v\u00e9nements sont corr\u00e9l\u00e9s, alors il existe une relation de cause \u00e0 effet entre les deux\u00a0(si I comme J alors I cause J, est un pr\u00e9dicat faux)<br \/>\n&#8211; \u00ab\u00a0post hoc ergo propter hoc\u00a0\u00bb [25], si un \u00e9v\u00e9nement en suit un autre, alors le premier des deux doit \u00eatre la cause du second (si I se produit puis si J se produit alors I cause J, est un pr\u00e9dicat faux)<\/p>\n<p>Pourquoi\u00a0?<\/p>\n<p>Les raisons en sont assez simples, voire \u00e9videntes \u00e0 comprendre\u00a0:<br \/>\n&#8211; pour le sophisme \u00ab\u00a0cum hoc ergo propter hoc\u00a0\u00bb, l&rsquo;\u00e9chantillon d&rsquo;observation et le nombre d\u2019occurrences de l\u2019\u00e9v\u00e9nement sont-ils suffisants pour pouvoir conclure, en outre, existe-t-il d&rsquo;autres variables de mesure susceptibles de r\u00e9agir \u00e0 l\u2019\u00e9v\u00e9nement, enfin, de I ou de J, laquelle des deux variables de mesure r\u00e9agit toujours avant l&rsquo;autre face \u00e0 l&rsquo;\u00e9v\u00e9nement tant il peut tr\u00e8s bien s&rsquo;agir de la relation inverse (J cause I)\u00a0?<br \/>\n&#8211; pour le sophisme \u00ab\u00a0post hoc ergo propter hoc\u00a0\u00bb, l&rsquo;\u00e9chantillon d&rsquo;observation et le nombre d\u2019occurrences de l\u2019\u00e9v\u00e9nement sont-ils suffisants pour pouvoir conclure, en outre, existe-t-il d&rsquo;autres variables de mesure susceptibles de r\u00e9agir \u00e0 l\u2019\u00e9v\u00e9nement, enfin, quelle est la vraie valeur de la corr\u00e9lation entre I et J\u00a0?<\/p>\n<p>Bref, il ne suffit pas de disposer de n \u00e9crans de monitoring permettant une lecture simultan\u00e9e \u00e0 un instant t, pour une plage d&rsquo;observation donn\u00e9e relativement restreinte, de n variables de mesure (\u00e0 la seule condition bien \u00e9videmment que vos yeux soient en capacit\u00e9 de le permettre), pour pouvoir d\u00e9duire avec certitude l&rsquo;ensemble des relations de cause \u00e0 effet pr\u00e9sentes au sein du syst\u00e8me complexe observ\u00e9 \u00e0 un instant t, et ceci quels que soient les sujets trait\u00e9s.<\/p>\n<p>Or, dans le cadre de l&rsquo;\u00e9tude du syst\u00e8me climatique terrestre, c&rsquo;est justement cette fa\u00e7on de proc\u00e9der qui doit \u00eatre imp\u00e9rativement montr\u00e9e du doigt afin de discr\u00e9diter une bonne fois pour toutes l&rsquo;ensemble des publications r\u00e9alis\u00e9es par les climato-sceptiques, puisque selon eux, le r\u00e9chauffement climatique d\u00fb aux gaz \u00e0 effet de serre ne serait pas fond\u00e9&#8230;<\/p>\n<p>***<\/p>\n<p>[1] Fran\u00e7ois Gervais,\u00a0<em>L&rsquo;innocence du carbone, l&rsquo;effet de serre remis en question<\/em>, aux \u00e9ditions Albin Michel, 2013, 304 p\u00a0:<br \/>\n<a href=\"http:\/\/www.albin-michel.fr\/L-Innocence-du-carbone-EAN=9782226209160\" rel=\"nofollow\">http:\/\/www.albin-michel.fr\/L-Innocence-du-carbone-EAN=9782226209160<\/a><\/p>\n<p>[2] 5i\u00e8me rapport du GIEC\u00a0:<br \/>\n<a href=\"http:\/\/www.ipcc.ch\/report\/ar5\/\" rel=\"nofollow\">http:\/\/www.ipcc.ch\/report\/ar5\/<\/a><\/p>\n<p>[3] Fran\u00e7ois-Marie Br\u00e9on,\u00a0<em>Les contre-v\u00e9rit\u00e9s du dernier pamphlet climatosceptique<\/em>, Le Monde, 28\/10\/2013\u00a0:<br \/>\n<a href=\"http:\/\/www.lemonde.fr\/sciences\/article\/2013\/10\/28\/les-contre-verites-du-dernier-pamphlet-climatosceptique_3504317_1650684.html\" rel=\"nofollow\">http:\/\/www.lemonde.fr\/sciences\/article\/2013\/10\/28\/les-contre-verites-du-dernier-pamphlet-climatosceptique_3504317_1650684.html<\/a><\/p>\n<p>[4] Arctic Sea Ice Extent, NSIDC, 11\/08\/2015\u00a0:<br \/>\n<a href=\"http:\/\/nsidc.org\/arcticseaicenews\/charctic-interactive-sea-ice-graph\/\" rel=\"nofollow\">http:\/\/nsidc.org\/arcticseaicenews\/charctic-interactive-sea-ice-graph\/<\/a><\/p>\n<p>[5]\u00a0<a href=\"http:\/\/www.pauljorion.com\/blog\/2015\/07\/07\/le-groenland-est-frappe-par-une-vague-de-chaleur-qui-nest-pas-sans-nous-rappeler-levenement-majeur-de-2012-par-philippe-soubeyrand\/\" rel=\"nofollow\">http:\/\/www.pauljorion.com\/blog\/2015\/07\/07\/le-groenland-est-frappe-par-une-vague-de-chaleur-qui-nest-pas-sans-nous-rappeler-levenement-majeur-de-2012-par-philippe-soubeyrand\/<\/a><\/p>\n<p>[6] Paul Josef Crutzen,\u00a0<em>Wikip\u00e9dia, L&rsquo;encyclop\u00e9die libre<\/em>, 29\/07\/2015 :<br \/>\n<a href=\"https:\/\/fr.wikipedia.org\/wiki\/Paul_Josef_Crutzen\" rel=\"nofollow\">https:\/\/fr.wikipedia.org\/wiki\/Paul_Josef_Crutzen<\/a><\/p>\n<p>[7] R\u00e9troaction,\u00a0<em>Wikip\u00e9dia, L&rsquo;encyclop\u00e9die libre<\/em>, 25\/11\/2014 :<br \/>\n<a href=\"https:\/\/fr.wikipedia.org\/wiki\/R%C3%A9troaction\" rel=\"nofollow\">https:\/\/fr.wikipedia.org\/wiki\/R%C3%A9troaction<\/a><\/p>\n<p>[8] Fran\u00e7ois Gervais,\u00a0<em>La r\u00e9ponse de l&rsquo;auteur, Fran\u00e7ois Gervais<\/em>, Le Monde, 28\/10\/2013\u00a0:<br \/>\n<a href=\"http:\/\/www.lemonde.fr\/sciences\/article\/2013\/10\/28\/la-reponse-de-l-auteur-francois-gervais_3504318_1650684.html\" rel=\"nofollow\">http:\/\/www.lemonde.fr\/sciences\/article\/2013\/10\/28\/la-reponse-de-l-auteur-francois-gervais_3504318_1650684.html<\/a><\/p>\n<p>[9] Fran\u00e7ois Gervais,\u00a0<em>Wikip\u00e9dia, L&rsquo;encyclop\u00e9die libre<\/em>, 18\/07\/2015 :<br \/>\n<a href=\"https:\/\/fr.wikipedia.org\/wiki\/Fran%C3%A7ois_Gervais\" rel=\"nofollow\">https:\/\/fr.wikipedia.org\/wiki\/Fran%C3%A7ois_Gervais<\/a><\/p>\n<p>[10]\u00a0<em>Les glaciers continueront de fondre m\u00eame avec des temp\u00e9ratures stables<\/em>, Le Monde, 03\/08\/2015\u00a0:<br \/>\n<a href=\"http:\/\/www.lemonde.fr\/planete\/article\/2015\/08\/03\/les-glaciers-continueront-de-fondre-meme-avec-des-temperatures-stables_4710051_3244.html\" rel=\"nofollow\">http:\/\/www.lemonde.fr\/planete\/article\/2015\/08\/03\/les-glaciers-continueront-de-fondre-meme-avec-des-temperatures-stables_4710051_3244.html<\/a><\/p>\n<p>[11] COP21, Paris, 11\/12\/2015\u00a0:<br \/>\n<a href=\"http:\/\/www.cop21.gouv.fr\/fr\" rel=\"nofollow\">http:\/\/www.cop21.gouv.fr\/fr<\/a><\/p>\n<p>[12] Alg\u00e8bre de Boole (logique),\u00a0<em>Wikip\u00e9dia, L&rsquo;encyclop\u00e9die libre<\/em>, 28\/07\/2015 :<br \/>\n<a href=\"https:\/\/fr.wikipedia.org\/wiki\/Alg%C3%A8bre_de_Boole_(logique\" rel=\"nofollow\">https:\/\/fr.wikipedia.org\/wiki\/Alg%C3%A8bre_de_Boole_(logique<\/a>)<\/p>\n<p>[13] Corr\u00e9lation (statistiques),\u00a0<em>Wikip\u00e9dia, L&rsquo;encyclop\u00e9die libre<\/em>, 26\/05\/2015 :<br \/>\n<a href=\"https:\/\/fr.wikipedia.org\/wiki\/Corr%C3%A9lation_(statistiques\" rel=\"nofollow\">https:\/\/fr.wikipedia.org\/wiki\/Corr%C3%A9lation_(statistiques<\/a>)<\/p>\n<p>[14] Trigonom\u00e9trie sph\u00e9rique,\u00a0<em>Wikip\u00e9dia, L&rsquo;encyclop\u00e9die libre<\/em>, 12\/05\/2015 :<br \/>\n<a href=\"https:\/\/fr.wikipedia.org\/wiki\/Trigonom%C3%A9trie_sph%C3%A9rique#Le_triangle_sph.C3.A9rique\" rel=\"nofollow\">https:\/\/fr.wikipedia.org\/wiki\/Trigonom%C3%A9trie_sph%C3%A9rique#Le_triangle_sph.C3.A9rique<\/a><\/p>\n<p>[15] Entrep\u00f4t de donn\u00e9es,\u00a0<em>Wikip\u00e9dia, L&rsquo;encyclop\u00e9die libre<\/em>, 26\/01\/2015 :<br \/>\n<a href=\"https:\/\/fr.wikipedia.org\/wiki\/Entrep%C3%B4t_de_donn%C3%A9es\" rel=\"nofollow\">https:\/\/fr.wikipedia.org\/wiki\/Entrep%C3%B4t_de_donn%C3%A9es<\/a><\/p>\n<p>[16] Big data,\u00a0<em>Wikip\u00e9dia, L&rsquo;encyclop\u00e9die libre<\/em>, 10\/08\/2015 :<br \/>\n<a href=\"https:\/\/fr.wikipedia.org\/wiki\/Big_data\" rel=\"nofollow\">https:\/\/fr.wikipedia.org\/wiki\/Big_data<\/a><\/p>\n<p>[17]\u00a0<a href=\"http:\/\/www.pauljorion.com\/blog\/2015\/07\/21\/nous-ne-sommes-pas-dieu-le-scenario-rcp2-6-du-5e-rapport-du-giec-dores-et-deja-compromis-par-philippe-soubeyrand\/\" rel=\"nofollow\">http:\/\/www.pauljorion.com\/blog\/2015\/07\/21\/nous-ne-sommes-pas-dieu-le-scenario-rcp2-6-du-5e-rapport-du-giec-dores-et-deja-compromis-par-philippe-soubeyrand\/<\/a><\/p>\n<p>[18] G\u00e9ode (g\u00e9om\u00e9trie),\u00a0<em>Wikip\u00e9dia, L&rsquo;encyclop\u00e9die libre<\/em>, 10\/12\/2014 :<br \/>\n<a href=\"https:\/\/fr.wikipedia.org\/wiki\/G%C3%A9ode_(g%C3%A9om%C3%A9trie\" rel=\"nofollow\">https:\/\/fr.wikipedia.org\/wiki\/G%C3%A9ode_(g%C3%A9om%C3%A9trie<\/a>)<\/p>\n<p>[19] n-sph\u00e8re,\u00a0<em>Wikip\u00e9dia, L&rsquo;encyclop\u00e9die libre<\/em>, 30\/06\/2015 :<br \/>\n<a href=\"https:\/\/fr.wikipedia.org\/wiki\/N-sph%C3%A8re\" rel=\"nofollow\">https:\/\/fr.wikipedia.org\/wiki\/N-sph%C3%A8re<\/a><\/p>\n<p>[20] Philippe Soubeyrand, Proc\u00e9d\u00e9 pour organiser des variables dans une base de donn\u00e9es, [en ligne], France, Brevet Coraud, Method for organizing variables in a database, FR 2949585 B1, 25\/08\/2009, PCT WO 2011\/023876 A2, 03\/03\/2011, EP 2471010 A2, 04\/07\/2012, 57p :<br \/>\n<a href=\"http:\/\/fr.espacenet.com\/publicationDetails\/originalDocument?FT=D&amp;date=20110303&amp;DB=worldwide.espacenet.com&amp;locale=en_EP&amp;CC=WO&amp;NR=2011023876A2&amp;KC=A2&amp;ND=5\" rel=\"nofollow\">http:\/\/fr.espacenet.com\/publicationDetails\/originalDocument?FT=D&amp;date=20110303&amp;DB=worldwide.espacenet.com&amp;locale=en_EP&amp;CC=WO&amp;NR=2011023876A2&amp;KC=A2&amp;ND=5<\/a><\/p>\n<p>[21] R\u00e9seau de Petri,\u00a0<em>Wikip\u00e9dia, L&rsquo;encyclop\u00e9die libre<\/em>, 02\/07\/2015 :<br \/>\n<a href=\"https:\/\/fr.wikipedia.org\/wiki\/R%C3%A9seau_de_Petri\" rel=\"nofollow\">https:\/\/fr.wikipedia.org\/wiki\/R%C3%A9seau_de_Petri<\/a><\/p>\n<p>[22] Entropie de Shannon,\u00a0<em>Wikip\u00e9dia, L&rsquo;encyclop\u00e9die libre<\/em>, 09\/08\/2015 :<br \/>\n<a href=\"https:\/\/fr.wikipedia.org\/wiki\/Entropie_de_Shannon\" rel=\"nofollow\">https:\/\/fr.wikipedia.org\/wiki\/Entropie_de_Shannon<\/a><\/p>\n<p>[23] R\u00e9seau de neurones artificiels,\u00a0<em>Wikip\u00e9dia, L&rsquo;encyclop\u00e9die libre<\/em>, 07\/08\/2015 :<br \/>\n<a href=\"https:\/\/fr.wikipedia.org\/wiki\/R%C3%A9seau_de_neurones_artificiels\" rel=\"nofollow\">https:\/\/fr.wikipedia.org\/wiki\/R%C3%A9seau_de_neurones_artificiels<\/a><\/p>\n<p>[24] Cum hoc ergo propter hoc,\u00a0<em>Wikip\u00e9dia, L&rsquo;encyclop\u00e9die libre<\/em>, 09\/07\/2015 :<br \/>\n<a href=\"https:\/\/fr.wikipedia.org\/wiki\/Cum_hoc_ergo_propter_hoc\" rel=\"nofollow\">https:\/\/fr.wikipedia.org\/wiki\/Cum_hoc_ergo_propter_hoc<\/a><\/p>\n<p>[25] Post hoc ergo propter hoc,\u00a0<em>Wikip\u00e9dia, L&rsquo;encyclop\u00e9die libre<\/em>, 27\/04\/2015 :<br \/>\n<a href=\"https:\/\/fr.wikipedia.org\/wiki\/Post_hoc_ergo_propter_hoc\" rel=\"nofollow\">https:\/\/fr.wikipedia.org\/wiki\/Post_hoc_ergo_propter_hoc<\/a><\/p>\n","protected":false},"excerpt":{"rendered":"<blockquote>\n<p>Billet invit\u00e9<\/p>\n<\/blockquote>\n<p>Avertissement de l&rsquo;auteur\u00a0:<br \/> <em>La d\u00e9marche d&rsquo;explication p\u00e9dagogique se veut ici la plus \u00e9tay\u00e9e possible. Aussi, un appendice technique (*) important a \u00e9t\u00e9 positionn\u00e9 dans la seconde partie du billet.<\/em><\/p>\n<p><img decoding=\"async\" class=\"align-full\" src=\"http:\/\/api.ning.com\/files\/NQs0dYxvfMXOR7UwM8aC1GVcFVOJmegGr8rC1fEz7vNrJVt*iB89Tf7hRomIP*qV3lrl0fZD7F7HVOLl3gZXpEst02Y-6xcZ\/Fig1StructureA_2015.jpg?width=750\" alt=\"\" width=\"750\" \/><\/p>\n<p><em>StructureA<\/em>\u00a0\u2013 photo prise le 15\/03\/2009 \u2013 Tour Eiffel<\/p>\n","protected":false},"author":1,"featured_media":0,"comment_status":"closed","ping_status":"closed","sticky":false,"template":"","format":"standard","meta":{"footnotes":""},"categories":[22,171],"tags":[],"class_list":["post-77900","post","type-post","status-publish","format-standard","hentry","category-ecologie","category-sciences"],"_links":{"self":[{"href":"https:\/\/www.pauljorion.com\/blog\/wp-json\/wp\/v2\/posts\/77900","targetHints":{"allow":["GET"]}}],"collection":[{"href":"https:\/\/www.pauljorion.com\/blog\/wp-json\/wp\/v2\/posts"}],"about":[{"href":"https:\/\/www.pauljorion.com\/blog\/wp-json\/wp\/v2\/types\/post"}],"author":[{"embeddable":true,"href":"https:\/\/www.pauljorion.com\/blog\/wp-json\/wp\/v2\/users\/1"}],"replies":[{"embeddable":true,"href":"https:\/\/www.pauljorion.com\/blog\/wp-json\/wp\/v2\/comments?post=77900"}],"version-history":[{"count":7,"href":"https:\/\/www.pauljorion.com\/blog\/wp-json\/wp\/v2\/posts\/77900\/revisions"}],"predecessor-version":[{"id":77941,"href":"https:\/\/www.pauljorion.com\/blog\/wp-json\/wp\/v2\/posts\/77900\/revisions\/77941"}],"wp:attachment":[{"href":"https:\/\/www.pauljorion.com\/blog\/wp-json\/wp\/v2\/media?parent=77900"}],"wp:term":[{"taxonomy":"category","embeddable":true,"href":"https:\/\/www.pauljorion.com\/blog\/wp-json\/wp\/v2\/categories?post=77900"},{"taxonomy":"post_tag","embeddable":true,"href":"https:\/\/www.pauljorion.com\/blog\/wp-json\/wp\/v2\/tags?post=77900"}],"curies":[{"name":"wp","href":"https:\/\/api.w.org\/{rel}","templated":true}]}}