{"id":78865,"date":"2015-09-19T13:16:32","date_gmt":"2015-09-19T11:16:32","guid":{"rendered":"http:\/\/www.pauljorion.com\/blog\/?p=78865"},"modified":"2015-09-19T13:16:32","modified_gmt":"2015-09-19T11:16:32","slug":"chaos-dans-les-balkans-par-francois-leclerc","status":"publish","type":"post","link":"https:\/\/www.pauljorion.com\/blog\/2015\/09\/19\/chaos-dans-les-balkans-par-francois-leclerc\/","title":{"rendered":"<b>CHAOS DANS LES BALKANS<\/b>, par Fran\u00e7ois Leclerc"},"content":{"rendered":"<blockquote><p>Billet invit\u00e9.<\/p><\/blockquote>\n<p>Accueillante et g\u00e9n\u00e9reuse, l\u2019Europe est enfin pass\u00e9e \u00e0 l\u2019acte, mais c&rsquo;est pour tant bien que mal verrouiller ses fronti\u00e8res sur la route des Balkans, de loin la plus fr\u00e9quent\u00e9e. Depuis la Bulgarie et la Hongrie jusqu\u2019\u00e0 la Croatie et la Slov\u00e9nie, les r\u00e9fugi\u00e9s tentent d\u00e9sormais de se frayer un passage en d\u00e9pit des cordons de policiers et des cl\u00f4tures de barbel\u00e9s. Plus au sud, \u00e0 Erdine, plusieurs milliers d\u2019entre eux restent bloqu\u00e9s par la police turque \u00e0 la fronti\u00e8re avec la Gr\u00e8ce et la Bulgarie, dans l\u2019espoir d\u2019une rencontre avec le premier ministre turc Ahmet Davutoglu, qui ne vient pas. Parfois abrit\u00e9s par les autorit\u00e9s, les r\u00e9fugi\u00e9s sont souvent r\u00e9duits \u00e0 des campements pr\u00e9caires, laiss\u00e9s \u00e0 eux-m\u00eames et tributaires des soutiens qu\u2019ils rencontrent.<\/p>\n<p><!--more--><\/p>\n<p>Les fronti\u00e8res croates ont \u00e9t\u00e9 d\u2019abord ouvertes, puis ferm\u00e9es devant leur afflux irr\u00e9sistible : en trois jours, 17.000 r\u00e9fugi\u00e9s sont entr\u00e9s en Croatie, saturant les moyens d\u2019accueil. Afin de forcer la main aux autorit\u00e9s hongroises, plus de 4.000 d\u2019entre eux ont \u00e9t\u00e9 ensuite achemin\u00e9s par car vers la Hongrie, la construction de la cl\u00f4ture de barbel\u00e9s \u00e0 la fronti\u00e8re des deux pays achev\u00e9e. Une fois en Hongrie, les r\u00e9fugi\u00e9s ont \u00e9t\u00e9 convoy\u00e9s vers des centres proches de la fronti\u00e8re autrichienne, o\u00f9 ils ont \u00e9t\u00e9 enregistr\u00e9s. Samedi matin, le premier ministre croate Zoran Milanovic a d\u00e9clar\u00e9 \u00e0 propos des Hongrois \u00ab\u00a0nous les avons en quelque sorte contraints d\u2019accepter les r\u00e9fugi\u00e9s et nous allons continuer \u00e0 le faire\u00a0\u00bb. L\u2019Autriche a ensuite accueilli dans la nuit de vendredi \u00e0 samedi 6.700 r\u00e9fugi\u00e9s provenant de Hongrie.<\/p>\n<p>La situation \u00e0 la fronti\u00e8re avec la Slov\u00e9nie, au nord de la Croatie, est tout aussi confuse. Vendredi soir,\u00a0la police slov\u00e8ne a dispers\u00e9 au gaz lacrymog\u00e8ne plusieurs centaines de migrants qui cherchaient \u00e0 la forcer, qui se sont depuis mass\u00e9s sur le pont la marquant et r\u00e9clament le passage. Selon la police slov\u00e8ne, 1.150 migrants ayant n\u00e9anmoins r\u00e9ussi \u00e0 entrer dans le pays ont \u00e9t\u00e9 enregistr\u00e9s et dirig\u00e9s vers des abris. Le premier ministre Miro Cerar a d\u00e9clar\u00e9 que \u00ab\u00a0si la pression des r\u00e9fugi\u00e9s devient trop forte, la Slov\u00e9nie va certainement discuter (&#8230;) d&rsquo;\u00e9ventuels couloirs vers tous les pays concern\u00e9s\u00a0\u00bb.<\/p>\n<p>Avec un rare sens de l\u2019\u00e0-propos, le commissaire \u00e0 l\u2019\u00e9largissement de l\u2019Union europ\u00e9enne Johannes Hahn a d\u00e9clar\u00e9 devant le parlement mac\u00e9donien que les pays d\u2019Europe centrale et des Balkans n\u2019avaient pas vocation \u00e0 \u00eatre les \u00ab\u00a0parkings\u00a0\u00bb des r\u00e9fugi\u00e9s, ajoutant : \u00ab\u00a0Vous \u00eates aussi des victimes de cette situation et nous ne vous abandonnerons pas\u00a0\u00bb. Il n\u2019a pas pr\u00e9cis\u00e9 comment.<\/p>\n<p>Les naufrages s\u2019encha\u00eenent en M\u00e9diterran\u00e9e, au large de la Libye ou de la Turquie rendant criminelle la fermeture de la fronti\u00e8re turque d\u2019Erdine qui ne laisse plus aux r\u00e9fugi\u00e9s qui cherchent \u00e0 l\u2019\u00e9viter qu\u2019une seule route possible : la p\u00e9rilleuse travers\u00e9e vers les \u00eeles grecques.<\/p>\n<p>Telle est aujourd\u2019hui la seule image possible de l\u2019Europe.<\/p>\n","protected":false},"excerpt":{"rendered":"<blockquote>\n<p>Billet invit\u00e9.<\/p>\n<\/blockquote>\n<p>Accueillante et g\u00e9n\u00e9reuse, l\u2019Europe est enfin pass\u00e9e \u00e0 l\u2019acte, mais c&rsquo;est pour tant bien que mal verrouiller ses fronti\u00e8res sur la route des Balkans, de loin la plus fr\u00e9quent\u00e9e. Depuis la Bulgarie et la Hongrie jusqu\u2019\u00e0 la Croatie et la Slov\u00e9nie, les r\u00e9fugi\u00e9s tentent d\u00e9sormais de se frayer un passage en d\u00e9pit des [&hellip;]<\/p>\n","protected":false},"author":37,"featured_media":0,"comment_status":"closed","ping_status":"closed","sticky":false,"template":"","format":"standard","meta":{"footnotes":""},"categories":[4440],"tags":[3097],"class_list":["post-78865","post","type-post","status-publish","format-standard","hentry","category-migrations","tag-refugies"],"_links":{"self":[{"href":"https:\/\/www.pauljorion.com\/blog\/wp-json\/wp\/v2\/posts\/78865","targetHints":{"allow":["GET"]}}],"collection":[{"href":"https:\/\/www.pauljorion.com\/blog\/wp-json\/wp\/v2\/posts"}],"about":[{"href":"https:\/\/www.pauljorion.com\/blog\/wp-json\/wp\/v2\/types\/post"}],"author":[{"embeddable":true,"href":"https:\/\/www.pauljorion.com\/blog\/wp-json\/wp\/v2\/users\/37"}],"replies":[{"embeddable":true,"href":"https:\/\/www.pauljorion.com\/blog\/wp-json\/wp\/v2\/comments?post=78865"}],"version-history":[{"count":7,"href":"https:\/\/www.pauljorion.com\/blog\/wp-json\/wp\/v2\/posts\/78865\/revisions"}],"predecessor-version":[{"id":78871,"href":"https:\/\/www.pauljorion.com\/blog\/wp-json\/wp\/v2\/posts\/78865\/revisions\/78871"}],"wp:attachment":[{"href":"https:\/\/www.pauljorion.com\/blog\/wp-json\/wp\/v2\/media?parent=78865"}],"wp:term":[{"taxonomy":"category","embeddable":true,"href":"https:\/\/www.pauljorion.com\/blog\/wp-json\/wp\/v2\/categories?post=78865"},{"taxonomy":"post_tag","embeddable":true,"href":"https:\/\/www.pauljorion.com\/blog\/wp-json\/wp\/v2\/tags?post=78865"}],"curies":[{"name":"wp","href":"https:\/\/api.w.org\/{rel}","templated":true}]}}