{"id":79028,"date":"2015-09-23T16:43:18","date_gmt":"2015-09-23T14:43:18","guid":{"rendered":"http:\/\/www.pauljorion.com\/blog\/?p=79028"},"modified":"2015-09-23T22:39:40","modified_gmt":"2015-09-23T20:39:40","slug":"memoire-de-glacier-memoire-dhomme-par-francois-corre","status":"publish","type":"post","link":"https:\/\/www.pauljorion.com\/blog\/2015\/09\/23\/memoire-de-glacier-memoire-dhomme-par-francois-corre\/","title":{"rendered":"M\u00e9moire de glacier, m\u00e9moire d&rsquo;Homme, par Fran\u00e7ois Corre"},"content":{"rendered":"<blockquote><p>Billet invit\u00e9<\/p><\/blockquote>\n<p>Il y a quelques jours, un tweet du blog reprenait un\u00a0<a href=\"http:\/\/www.lemonde.fr\/planete\/article\/2015\/09\/15\/de-la-sierra-nevada-aux-alpes-les-niveaux-de-neige-et-de-glace-sont-catastrophiques_4758372_3244.html\" target=\"_blank\">article du Monde\u00a0<\/a>comparant les bilans\u00a0d&rsquo;enneigement dans la sierra Nevada en Californie et l&rsquo;\u00e9tat des glaciers alpins.<\/p>\n<p>Les glaciers alpins sont en net retrait, longueur et volume, certains petits seraient menac\u00e9s de disparition, mais en nombre limit\u00e9 pour le moment&#8230; C&rsquo;est facilement observable pour le randonneur moyen, comme par exemple, les cas du glacier Blanc et du glacier Noir dans le Massif des \u00c9crins (Hautes Alpes).<\/p>\n<p><!--more-->D\u00e9j\u00e0 en &lsquo;recul&rsquo; important sur la p\u00e9riode 1940\/60, suivi d&rsquo;une l\u00e9g\u00e8re progression dans les ann\u00e9es suivantes, le glacier Blanc subit une\u00a0<a href=\"http:\/\/www.ecrins-parcnational.fr\/actualite\/le-glacier-blanc-abandonne-le-bout-de-sa-langue\" target=\"_blank\">cure d&rsquo;amaigrissement<\/a>\u00a0depuis la fin des ann\u00e9es 1980, surtout sur sa partie inf\u00e9rieure, mais il est globalement en retrait depuis 1870 environ. C&rsquo;est \u00e9galement le cas pour son voisin, le glacier Noir, en recul jusqu&rsquo;en 1920\/21, puis se stabilise plus ou moins jusque dans les ann\u00e9es 1970; sans doute gr\u00e2ce \u00e0 la couche de pierres et de graviers qui le recouvre en grande partie et fait office d&rsquo;\u00e9cran solaire; puis \u00e0 nouveau en perte de volume au point de constater aujourd&rsquo;hui une fracture entre la partie haute et basse (verrou glaciaire).<\/p>\n<p>Jusqu&rsquo;\u00e0 cette date (1870), ces deux glaciers confluaient encore dans la vall\u00e9e vers mille neuf cents m\u00e8tres d&rsquo;altitude, lieu nomm\u00e9 le\u00a0<a href=\"http:\/\/refuge-predemadamecarle.com\/adminrefuge\/pics\/photo_fred_malguy1.jpg\" target=\"_blank\">Pr\u00e9 de Madame Carle<\/a>, tr\u00e8s fr\u00e9quent\u00e9 point de d\u00e9part de randonn\u00e9es.<\/p>\n<p>Si il est possible de\u00a0 d\u00e9couvrir la m\u00e9moire des fluctuations glaci\u00e8res dans les traces g\u00e9ologiques, on peut aussi la trouver dans des \u00e9crits ou des histoires, m\u00eame si elles sont parfois romanc\u00e9es&#8230;<\/p>\n<p>Comme ces indications de relev\u00e9s et cartes militaires du XVIIIe si\u00e8cle (1), elles-m\u00eames bas\u00e9es sur des donn\u00e9es plus anciennes : \u00ab\u00a0<i>De Vallouise, un chemin qui passe au village de la Pisse<\/i>,<i>\u00a0\u00e0 celui\u00a0<\/i><i>de la Jusse, au col de Valfroide, \u00e0 St Christophe<\/i>\u00a0(en Oisans)<i>,\u00a0<\/i><i>va joindre la petite route au Bourg-d&rsquo;Oisans<\/i>. <i>Ce chemin traverse des glaciers, et les \u00e9boulemens l&rsquo;ont rendu impraticable : aussi depuis plus de cinquante\u00a0<\/i><i>ans il n&rsquo;y a peut-\u00eatre pass\u00e9 personne.\u00a0\u00bb<\/i> Ce qui indique donc l&rsquo;existence d&rsquo;un chemin, une voie possible pour hommes et mat\u00e9riels, devenue impraticable au d\u00e9but du XVIIe et qui correspondrait \u00e0 la route actuelle Vallouise \/ Pelvoux \/ Ailefroide \/ Pr\u00e9 de Mme Carle, puis l&rsquo;itin\u00e9raire du Col de la Temple (3300 m !) via le glacier Noir&#8230;<\/p>\n<p>Autre t\u00e9moignage, cette\u00a0<a href=\"https:\/\/www.archives05.fr\/ark:\/23599\/vtac8462f02e5e72dcf\/dao\/0\/layout:linear\/idsearch:RECH_e045c6dae2280dc3359323ac6cef04c9#id:75560467?gallery=true&amp;center=1000,-703\" target=\"_blank\">photographie de 1925<\/a>\u00a0extraite des archives d\u00e9partementales des Hautes-Alpes (2), les deux glaciers sont plus &lsquo;avanc\u00e9s&rsquo; qu&rsquo;aujourd&rsquo;hui mais sont loin de leur jonction pass\u00e9e. Ces reculs des fronts glaciaires ont d&rsquo;ailleurs lib\u00e9r\u00e9 (entre autres) des troncs d&rsquo;arbres fossilis\u00e9s, indiquant la pr\u00e9sence de v\u00e9g\u00e9tation \u00e0 des altitudes bien sup\u00e9rieures \u00e0 celles d&rsquo;aujourd&rsquo;hui, il y a des centaines ou des milliers d&rsquo;ann\u00e9es&#8230;<\/p>\n<p>On trouve dans le livre &lsquo;Les Myst\u00e8res des Hautes-Alpes&rsquo; (Alain Lequien), l&rsquo;histoire &lsquo;l\u00e9gendaire&rsquo; du Pr\u00e9 de Mme Carle, bien r\u00e9sum\u00e9e dans un article de &lsquo;Hautes-Alpes insolites&rsquo;.(3) <i>\u00ab\u00a0Comment s&rsquo;imaginer qu&rsquo;ici, \u00e0 l&rsquo;\u00e9poque romaine, on aurait peut-\u00eatre cultiv\u00e9 des vignes ?<\/i> <i>Et qu&rsquo;au d\u00e9but du XVIe si\u00e8cle, cette vall\u00e9e caillouteuse constitu\u00e9e des d\u00e9bordements du torrent Saint-Pierre aurait \u00e9t\u00e9 une jolie prairie d&rsquo;alpage et qu&rsquo;elle aurait m\u00eame \u00e9t\u00e9 \u00a0habit\u00e9e au Moyen-\u00c2ge ?<\/i><i> <\/i><i>Il parait qu&rsquo;alors, les glaciers \u00e9taient encore plus recul\u00e9s qu&rsquo;aujourd&rsquo;hui, et ce paradis faisait partie des biens\u00a0<\/i><i>donn\u00e9s en 1505 par le roi Louis XII \u00e0 Geoffroy Carle, pr\u00e9sident du Parlement du Dauphin\u00e9.\u00a0\u00bb<\/i> \u00c7a fait r\u00eaver, non&#8230;? L&rsquo;autre version de l&rsquo;histoire, moins belle mais plus plausible, est celle d&rsquo;une bonne gestionnaire d&rsquo;un pr\u00e9 au d\u00e9but du XVIe si\u00e8cle, correspondant au recul des glaciers au moyen-\u00e2ge avant leur avanc\u00e9e au cours du XVIIe, jusqu&rsquo;au d\u00e9p\u00f4t morainique sur le &lsquo;pr\u00e9&rsquo; \u00e0 la fin du XIXe&#8230;<\/p>\n<p>Sans remonter n\u00e9cessairement \u00e0 la fin de la derni\u00e8re grande glaciation du W\u00fcrm, Il y a donc eu des successions de fontes plus ou moins importantes puis de reformations, mais tout en \u00e9tant dans une p\u00e9riode interglaciaire&#8230;! Pour autant, si les variations climatiques influencent les glaciers de montagne, ceux-ci ne sont pas n\u00e9cessairement de bons &lsquo;indicateurs du climat&rsquo;, il faut aussi tenir compte du cadre g\u00e9ographique, exposition, altitude, pente, hydrologie&#8230; Ce qui \u00e9tonne, ou qui inqui\u00e8te, pour l&rsquo;\u00e9poque actuelle de &lsquo;retrait&rsquo;, m\u00eame si l&rsquo;on dispose de peu de points de comparaison fiables sur une longue p\u00e9riode, c&rsquo;est la rapidit\u00e9 des ph\u00e9nom\u00e8nes observ\u00e9s. Acc\u00e9l\u00e9ration naturelle passag\u00e8re, cons\u00e9quence de l&rsquo;activit\u00e9 humaine du dernier si\u00e8cle (voire plus) sur cette \u00e9volution, ou bien m\u00eame les deux ? C&rsquo;est la grande question \u00e0 laquelle les glaciologues tentent de r\u00e9pondre&#8230;<\/p>\n<p>(1)\u00a0\u00a0\u00a0<a href=\"http:\/\/www.bibliotheque-dauphinoise.com\/memoires_militaires_bourcet.html\" target=\"_blank\">M. de Bourcet, Lieutenant-G\u00e9n\u00e9ral. M\u00e9moires militaires sur les fronti\u00e8res de la France, du Pi\u00e9mont et de la Savoie, depuis l&#8217;embouchure du Var jusqu\u2019au lac de Gen\u00e8ve.<\/a><\/p>\n<p>(2)\u00a0\u00a0\u00a0<a href=\"https:\/\/www.archives05.fr\/archive\/resultats\/icono\/n:200?arcfacfull=RECH_S&amp;RECH_communescantons_Libel=Pelvoux%20%28Hautes-Alpes,%20France%29%7C&amp;type=icono\" target=\"_blank\">Archives d\u00e9partementales des Hautes-Alpes, Iconoth\u00e8que.<\/a><\/p>\n<p>(3)\u00a0\u00a0\u00a0<a href=\"http:\/\/sylviedamagnez.canalblog.com\/archives\/2014\/12\/19\/31165525.html\" target=\"_blank\">La l\u00e9gende du pr\u00e9 de Madame Carle ou l&rsquo;histoire du cocu rancunier&#8230; Pays des Ecrins.<\/a><\/p>\n<p>Autres articles int\u00e9ressants du Parc National des \u00c9crins :<br \/>\n<a href=\"http:\/\/www.ecrins-parcnational.fr\/sites\/ecrins-parcnational.com\/files\/fiche_doc\/9889\/2005-cahier-glacier.pdf\" target=\"_blank\">&lsquo;cahier&rsquo; th\u00e9matique&rsquo; (2005)<\/a>,\u00a0\u00a0<a href=\"http:\/\/www.ecrins-parcnational.fr\/actualite\/glacier-blanc-equilibre-rompu\" target=\"_blank\">&lsquo;Glacier Blanc : l&rsquo;\u00e9quilibre est rompu&rsquo;.<\/a><\/p>\n","protected":false},"excerpt":{"rendered":"<blockquote>\n<p>Billet invit\u00e9<\/p>\n<\/blockquote>\n<p>Il y a quelques jours, un tweet du blog reprenait un\u00a0<a href=\"http:\/\/www.lemonde.fr\/planete\/article\/2015\/09\/15\/de-la-sierra-nevada-aux-alpes-les-niveaux-de-neige-et-de-glace-sont-catastrophiques_4758372_3244.html\" target=\"_blank\">article du Monde\u00a0<\/a>comparant les bilans\u00a0d&rsquo;enneigement dans la sierra Nevada en Californie et l&rsquo;\u00e9tat des glaciers alpins.<\/p>\n<p>Les glaciers alpins sont en net retrait, longueur et volume, certains petits seraient menac\u00e9s de disparition, mais en nombre limit\u00e9 pour le moment&#8230; C&rsquo;est facilement [&hellip;]<\/p>\n","protected":false},"author":1,"featured_media":0,"comment_status":"closed","ping_status":"closed","sticky":false,"template":"","format":"standard","meta":{"footnotes":""},"categories":[22],"tags":[],"class_list":["post-79028","post","type-post","status-publish","format-standard","hentry","category-ecologie"],"_links":{"self":[{"href":"https:\/\/www.pauljorion.com\/blog\/wp-json\/wp\/v2\/posts\/79028","targetHints":{"allow":["GET"]}}],"collection":[{"href":"https:\/\/www.pauljorion.com\/blog\/wp-json\/wp\/v2\/posts"}],"about":[{"href":"https:\/\/www.pauljorion.com\/blog\/wp-json\/wp\/v2\/types\/post"}],"author":[{"embeddable":true,"href":"https:\/\/www.pauljorion.com\/blog\/wp-json\/wp\/v2\/users\/1"}],"replies":[{"embeddable":true,"href":"https:\/\/www.pauljorion.com\/blog\/wp-json\/wp\/v2\/comments?post=79028"}],"version-history":[{"count":4,"href":"https:\/\/www.pauljorion.com\/blog\/wp-json\/wp\/v2\/posts\/79028\/revisions"}],"predecessor-version":[{"id":79049,"href":"https:\/\/www.pauljorion.com\/blog\/wp-json\/wp\/v2\/posts\/79028\/revisions\/79049"}],"wp:attachment":[{"href":"https:\/\/www.pauljorion.com\/blog\/wp-json\/wp\/v2\/media?parent=79028"}],"wp:term":[{"taxonomy":"category","embeddable":true,"href":"https:\/\/www.pauljorion.com\/blog\/wp-json\/wp\/v2\/categories?post=79028"},{"taxonomy":"post_tag","embeddable":true,"href":"https:\/\/www.pauljorion.com\/blog\/wp-json\/wp\/v2\/tags?post=79028"}],"curies":[{"name":"wp","href":"https:\/\/api.w.org\/{rel}","templated":true}]}}