{"id":79400,"date":"2015-10-06T18:09:58","date_gmt":"2015-10-06T16:09:58","guid":{"rendered":"http:\/\/www.pauljorion.com\/blog\/?p=79400"},"modified":"2015-10-06T21:40:40","modified_gmt":"2015-10-06T19:40:40","slug":"le-rejet-nassoit-pas-une-politique-par-francois-leclerc","status":"publish","type":"post","link":"https:\/\/www.pauljorion.com\/blog\/2015\/10\/06\/le-rejet-nassoit-pas-une-politique-par-francois-leclerc\/","title":{"rendered":"<b>LE REJET N\u2019ASSOIT PAS UNE POLITIQUE<\/b>, par Fran\u00e7ois Leclerc"},"content":{"rendered":"<blockquote><p>Billet invit\u00e9.<\/p><\/blockquote>\n<p>Paradoxe, le parti socialiste portugais sort d\u00e9fait des \u00e9lections et sur le papier en position d\u2019arbitre de la situation. Courtis\u00e9 par le premier ministre de droite sortant, qui lui offre de n\u00e9gocier \u00ab les accords indispensables \u00e0 la mise en \u0153uvre de r\u00e9formes importantes \u00bb, il lui est \u00e9galement propos\u00e9 par le Bloc de gauche de discuter d\u2019une \u00ab solution de gouvernement \u00bb, \u00e0 condition d\u2019abandonner trois points de son programme : les coupes dans les retraites, les r\u00e9ductions de charges sociales et les mesures facilitant les licenciements.<\/p>\n<p><!--more--><\/p>\n<p>Avec le Bloc de gauche, le PS dispose en effet du m\u00eame nombre de d\u00e9put\u00e9s que la coalition de droite, et pourrait tout aussi bien pr\u00e9tendre former un gouvernement. Ce serait alors \u00e0 l\u2019Assembl\u00e9e de la R\u00e9publique de trancher, et les communistes deviendraient les arbitres ! La Constitution pr\u00e9voit en effet que le pr\u00e9sident de la R\u00e9publique doit \u00ab tenir compte du r\u00e9sultat des \u00e9lections \u00bb pour confier la t\u00e2che de former un gouvernement au leader de son choix, ce qui laisse place \u00e0 interpr\u00e9tation&#8230;<\/p>\n<p>Les r\u00e9sultats officiels n\u2019\u00e9tant connus que le 14 octobre prochain, la formation du gouvernement illustre d\u00e8s \u00e0 pr\u00e9sent les ambigu\u00eft\u00e9s de la situation. Bien qu\u2019il soit des plus vraisemblable que le PS adopte comme position &#8211; plus confortable, en accord avec sa vision politique comme avec la nature de son parti d\u2019\u00e9lus &#8211; de n\u00e9gocier son abstention lors des votes d\u00e9cisifs propos\u00e9s par la coalition de droite au pouvoir. Mais le Bloc de gauche, mordant, ne va pas lui faciliter la t\u00e2che.<\/p>\n<p>Les \u00e9lecteurs portugais ont envoy\u00e9 un double message qui n\u2019est pas sans rappeler celui des Grecs de janvier dernier : ils ne veulent pas d\u2019aventure et de sortie de l\u2019euro, mais rejettent ceux qui sont \u00e0 l\u2019initiative de l\u2019aust\u00e9rit\u00e9. Si le ph\u00e9nom\u00e8ne Syriza ne s\u2019est pas reproduit, les partis de gouvernement portugais ont comme les grecs \u00e9t\u00e9 d\u00e9savou\u00e9s, un ph\u00e9nom\u00e8ne qui ne va pas manquer de s\u2019exprimer \u00e9galement en Espagne. Cette d\u00e9saffection touche particuli\u00e8rement les partis socialistes qui ne jouent plus leur r\u00f4le traditionnel, faute de marge de man\u0153uvre. En Espagne, Podemos et Cuidadanos jouent de surcroit les troubles-f\u00eates et vont compliquer la formation d\u2019un gouvernement. Partout, l\u2019\u00e9quation se complexifie, l\u2019alternance qui \u00e0 la fois r\u00e9gulait le jeu et le bloquait est en panne.<\/p>\n<p>Depuis Bruxelles, Pierre Moscovici s\u2019inqui\u00e8te d\u2019un d\u00e9rapage du gouvernement espagnol qui a lev\u00e9 le pied des mesures d\u2019aust\u00e9rit\u00e9 afin de gagner du terrain \u00e9lectoral; il r\u00e9agit en invitant les autorit\u00e9s espagnoles \u00e0 r\u00e9viser leur projet de budget, mais \u00ab apr\u00e8s l\u2019entr\u00e9e en fonction du nouveau gouvernement \u00bb, c\u2019est \u00e0 dire une fois les \u00e9lections pass\u00e9es ! Le cap de celles-ci et des accommodements pass\u00e9s, que pourra-t-il donc survenir si les r\u00e9sultats \u00e9conomiques se tassent ? Ni le ch\u00f4mage, ni l\u2019endettement ne sont choses r\u00e9gl\u00e9es, et les r\u00e9sultats \u00e9conomiques sont modestes et fragiles, quand ils sont au rendez-vous. Vite, ce ne sont pas seulement les pays de l\u2019Europe du sud qui verraient r\u00e9appara\u00eetre la n\u00e9cessit\u00e9 de nouvelles coupes budg\u00e9taires destin\u00e9es \u00e0 pr\u00e9server les capacit\u00e9s de d\u00e9sendettement, mais \u00e9galement l\u2019Autriche, la France et l\u2019Italie.<\/p>\n<p>Lorsqu\u2019elle intervient, la sanction des urnes se traduit par le rejet et non pas par l\u2019adh\u00e9sion. Cela n\u2019assoit pas une politique.<\/p>\n","protected":false},"excerpt":{"rendered":"<blockquote>\n<p>Billet invit\u00e9.<\/p>\n<\/blockquote>\n<p>Paradoxe, le parti socialiste portugais sort d\u00e9fait des \u00e9lections et sur le papier en position d\u2019arbitre de la situation. Courtis\u00e9 par le premier ministre de droite sortant, qui lui offre de n\u00e9gocier \u00ab les accords indispensables \u00e0 la mise en \u0153uvre de r\u00e9formes importantes \u00bb, il lui est \u00e9galement propos\u00e9 par le Bloc [&hellip;]<\/p>\n","protected":false},"author":37,"featured_media":0,"comment_status":"closed","ping_status":"closed","sticky":false,"template":"","format":"standard","meta":{"footnotes":""},"categories":[204,17],"tags":[75,264],"class_list":["post-79400","post","type-post","status-publish","format-standard","hentry","category-europe","category-politique","tag-espagne","tag-portugal"],"_links":{"self":[{"href":"https:\/\/www.pauljorion.com\/blog\/wp-json\/wp\/v2\/posts\/79400","targetHints":{"allow":["GET"]}}],"collection":[{"href":"https:\/\/www.pauljorion.com\/blog\/wp-json\/wp\/v2\/posts"}],"about":[{"href":"https:\/\/www.pauljorion.com\/blog\/wp-json\/wp\/v2\/types\/post"}],"author":[{"embeddable":true,"href":"https:\/\/www.pauljorion.com\/blog\/wp-json\/wp\/v2\/users\/37"}],"replies":[{"embeddable":true,"href":"https:\/\/www.pauljorion.com\/blog\/wp-json\/wp\/v2\/comments?post=79400"}],"version-history":[{"count":4,"href":"https:\/\/www.pauljorion.com\/blog\/wp-json\/wp\/v2\/posts\/79400\/revisions"}],"predecessor-version":[{"id":79408,"href":"https:\/\/www.pauljorion.com\/blog\/wp-json\/wp\/v2\/posts\/79400\/revisions\/79408"}],"wp:attachment":[{"href":"https:\/\/www.pauljorion.com\/blog\/wp-json\/wp\/v2\/media?parent=79400"}],"wp:term":[{"taxonomy":"category","embeddable":true,"href":"https:\/\/www.pauljorion.com\/blog\/wp-json\/wp\/v2\/categories?post=79400"},{"taxonomy":"post_tag","embeddable":true,"href":"https:\/\/www.pauljorion.com\/blog\/wp-json\/wp\/v2\/tags?post=79400"}],"curies":[{"name":"wp","href":"https:\/\/api.w.org\/{rel}","templated":true}]}}