{"id":79442,"date":"2015-10-08T13:53:05","date_gmt":"2015-10-08T11:53:05","guid":{"rendered":"http:\/\/www.pauljorion.com\/blog\/?p=79442"},"modified":"2015-10-08T13:53:05","modified_gmt":"2015-10-08T11:53:05","slug":"la-celebre-efficacite-allemande-nest-pas-une-legende-par-roberto-boulant","status":"publish","type":"post","link":"https:\/\/www.pauljorion.com\/blog\/2015\/10\/08\/la-celebre-efficacite-allemande-nest-pas-une-legende-par-roberto-boulant\/","title":{"rendered":"La c\u00e9l\u00e8bre efficacit\u00e9 allemande n\u2019est pas une l\u00e9gende !, par Roberto Boulant"},"content":{"rendered":"<blockquote><p>Billet invit\u00e9.<\/p><\/blockquote>\n<p>La c\u00e9l\u00e8bre efficacit\u00e9 allemande n\u2019est pas une l\u00e9gende, pour preuve : combien de temps a-t-il fallu aux Am\u00e9ricains et \u00e0 la <em>commission Rogers<\/em> pour rendre le rapport d\u2019enqu\u00eate sur l\u2019accident de la navette Challenger&nbsp;? Pr\u00e8s de 18 semaines. Pire m\u00eame ! En 2001 (11\u00e8me l\u00e9gislature, dossier 3386, tome 1 et 2), il fallut 26 semaines \u00e0 une commission parlementaire pour enqu\u00eater \u2013avec le succ\u00e8s que l\u2019on sait- sur les causes, les cons\u00e9quences et la <strong>pr\u00e9vention<\/strong> des inondations.<\/p>\n<p>Amateurisme que tout cela !<\/p>\n<p><!--more--><\/p>\n<p>Il aura fallu \u00e0 <a href=\"http:\/\/www.lemonde.fr\/economie\/article\/2015\/09\/25\/volkswagen-devrait-s-en-remettre-au-patron-de-porsche-matthias-muller_4771347_3234.html\">Matthias M\u00fcller<\/a>, nomm\u00e9 le 25 septembre dernier \u00e0 la t\u00eate du groupe Volkswagen, moins de trois semaines (oui 3 ! 1+1+1) pour boucler son enqu\u00eate et prouver que son pr\u00e9d\u00e9cesseur M. Martin Winterkorn, n\u2019\u00e9tait en rien au courant des petites turpitudes et autres trucages logiciels, dont s\u2019\u00e9tait rendu responsable le groupe VW. Ouf, nous voil\u00e0 rassur\u00e9s ! Nous tous(tes) qui respirons \u00e0 grands poumons les particules fines des motorisations diesels, nous doutions bien que M. Winterkorn \u00e9tait un pur g\u00e9nie, trahi seulement par une poign\u00e9e de brebis galeuses (comme malheureusement toutes les grandes et belles familles en connaissent&#8230;)<\/p>\n<p>Et m\u00eame doublement rassur\u00e9s pour la Sainte Croissance, lorsque nous apprenons qu\u2019\u00e0 la suite de cette enqu\u00eate GTI, l\u2019action du groupe a imm\u00e9diatement <a href=\"http:\/\/www.cerclefinance.com\/default.asp?pub=valactu&amp;art=429348\">bondi de 5,5% \u00e0 la bourse de Francfort !<\/a><\/p>\n<p>Ceci dit, bien que soulag\u00e9s que l\u2019agneau du Seigneur fut finalement reconnu dans son immacul\u00e9e blancheur, encore manque-t-il \u00e0 notre bonheur que les vilaines brebis noires soient identifi\u00e9es et impitoyablement ch\u00e2ti\u00e9es !<\/p>\n<p>Un miracle n\u2019arrivant jamais seul, osera-t-on esp\u00e9rer que l\u2019enqu\u00eate se focalise finalement sur un ou deux employ\u00e9s subalternes ? Au hasard, sur un quelconque ing\u00e9nieur en instance de divorce, ou surendett\u00e9, ou avec des probl\u00e8mes d\u2019alcool, etc. Nul doute que le gredin, devant des escadrilles d\u2019avocats le harcelant nuit et jour, devant les d\u00e9tails de sa vie priv\u00e9e r\u00e9v\u00e9l\u00e9s par la presse \u00e0 scandale, finirait par craquer et avouer sa culpabilit\u00e9.<\/p>\n<p>Il faut cependant esp\u00e9rer que le sc\u00e9l\u00e9rat ne choisira pas alors une l\u00e2che fuite dans le suicide, en cl\u00f4turant ainsi -au grand dam de VW- tout un pan de l\u2019enqu\u00eate judiciaire !<\/p>\n<p>Mais m\u00eame ainsi, sachons nous r\u00e9jouir ! Montjoie ! Cette triste fin ne saura \u00e9branler la foi des z\u00e9lotes du March\u00e9 !<\/p>\n<p>Au contraire les fortifiera-t-elle dans leur croyance !<\/p>\n<p>Imaginez fr\u00e8res et s\u0153urs, voici que la Main Invisible est capable de punir les m\u00e9chants en les poussant par la fen\u00eatre !<\/p>\n","protected":false},"excerpt":{"rendered":"<blockquote>\n<p>Billet invit\u00e9.<\/p>\n<\/blockquote>\n<p>La c\u00e9l\u00e8bre efficacit\u00e9 allemande n\u2019est pas une l\u00e9gende, pour preuve : combien de temps a-t-il fallu aux Am\u00e9ricains et \u00e0 la <em>commission Rogers<\/em> pour rendre le rapport d\u2019enqu\u00eate sur l\u2019accident de la navette Challenger&nbsp;? Pr\u00e8s de 18 semaines. Pire m\u00eame ! En 2001 (11\u00e8me l\u00e9gislature, dossier 3386, tome 1 et 2), il fallut [&hellip;]<\/p>\n","protected":false},"author":41,"featured_media":0,"comment_status":"closed","ping_status":"closed","sticky":false,"template":"","format":"standard","meta":{"footnotes":""},"categories":[3066,833],"tags":[94,4495],"class_list":["post-79442","post","type-post","status-publish","format-standard","hentry","category-justice","category-la-vie-de-tous-les-jours","tag-allemagne","tag-volkswagen"],"_links":{"self":[{"href":"https:\/\/www.pauljorion.com\/blog\/wp-json\/wp\/v2\/posts\/79442","targetHints":{"allow":["GET"]}}],"collection":[{"href":"https:\/\/www.pauljorion.com\/blog\/wp-json\/wp\/v2\/posts"}],"about":[{"href":"https:\/\/www.pauljorion.com\/blog\/wp-json\/wp\/v2\/types\/post"}],"author":[{"embeddable":true,"href":"https:\/\/www.pauljorion.com\/blog\/wp-json\/wp\/v2\/users\/41"}],"replies":[{"embeddable":true,"href":"https:\/\/www.pauljorion.com\/blog\/wp-json\/wp\/v2\/comments?post=79442"}],"version-history":[{"count":6,"href":"https:\/\/www.pauljorion.com\/blog\/wp-json\/wp\/v2\/posts\/79442\/revisions"}],"predecessor-version":[{"id":79457,"href":"https:\/\/www.pauljorion.com\/blog\/wp-json\/wp\/v2\/posts\/79442\/revisions\/79457"}],"wp:attachment":[{"href":"https:\/\/www.pauljorion.com\/blog\/wp-json\/wp\/v2\/media?parent=79442"}],"wp:term":[{"taxonomy":"category","embeddable":true,"href":"https:\/\/www.pauljorion.com\/blog\/wp-json\/wp\/v2\/categories?post=79442"},{"taxonomy":"post_tag","embeddable":true,"href":"https:\/\/www.pauljorion.com\/blog\/wp-json\/wp\/v2\/tags?post=79442"}],"curies":[{"name":"wp","href":"https:\/\/api.w.org\/{rel}","templated":true}]}}