{"id":79866,"date":"2015-10-28T10:23:20","date_gmt":"2015-10-28T09:23:20","guid":{"rendered":"http:\/\/www.pauljorion.com\/blog\/?p=79866"},"modified":"2015-10-28T14:38:27","modified_gmt":"2015-10-28T13:38:27","slug":"les-crises-europeennes-se-combinent-par-francois-leclerc","status":"publish","type":"post","link":"https:\/\/www.pauljorion.com\/blog\/2015\/10\/28\/les-crises-europeennes-se-combinent-par-francois-leclerc\/","title":{"rendered":"<b>LES CRISES EUROP\u00c9ENNES SE COMBINENT<\/b>, par Fran\u00e7ois Leclerc"},"content":{"rendered":"<blockquote><p>Billet invit\u00e9.<\/p><\/blockquote>\n<p>La combinaison des crises du d\u00e9sendettement et de celle des demandeurs d\u2019asile commence \u00e0 produire ses effets. Irr\u00e9sistible, la pouss\u00e9e des r\u00e9fugi\u00e9s met \u00e0 nu la vacuit\u00e9 des r\u00e9ponses qui leur sont apport\u00e9es, tandis que la mobilisation des pays plac\u00e9s en premi\u00e8re ligne qu\u2019elle implique m\u00e9rite une compensation qui se dessine.<\/p>\n<p><!--more--><\/p>\n<p>Le gouvernement grec en b\u00e9n\u00e9ficie d\u00e9j\u00e0, \u00e0 qui il est demand\u00e9 de jouer les tampons par d\u00e9faut en cr\u00e9ant dans l\u2019urgence 50.000 places afin d\u2019accueillir les r\u00e9fugi\u00e9s et de r\u00e9guler leur flux, dans l\u2019espoir que la Turquie puisse ult\u00e9rieurement jouer le r\u00f4le qui lui est allou\u00e9. Une r\u00e9union de l\u2019Eurogroupe va statuer le 9 novembre prochain \u00e0 propos de l\u2019adoption partielle et tardive des mesures qui devaient intervenir \u00e0 la mi-octobre. Les autorit\u00e9s grecques arguent du fait que quasiment 90% de celles-ci ont \u00e9t\u00e9 impl\u00e9ment\u00e9es dans les temps, mais elles sont contredites par les autorit\u00e9s europ\u00e9ennes, qui consid\u00e8rent que seulement un tiers des 48 mesures en question l\u2019ont \u00e9t\u00e9. A la cl\u00e9, le versement d\u2019une premi\u00e8re tranche de 2 milliards d\u2019euros de pr\u00eat, qui se fait attendre. Des discussions sont engag\u00e9es afin de trouver une solution en proc\u00e9dant par remplacement de certaines mesures controvers\u00e9es par d\u2019autres, \u00e0 impact financier \u00e9quivalent, \u00e0 l\u2019initiative du gouvernement. \u00c0 suivre.<\/p>\n<p>Le gouvernement italien fait sans attendre l\u2019objet de la mansu\u00e9tude de la Commission, qui a accept\u00e9 que ses d\u00e9penses occasionn\u00e9es par l\u2019accueil des r\u00e9fugi\u00e9s ne soit pas comptabilis\u00e9es dans le calcul de son d\u00e9ficit, accordant \u00e0 Matteo Renzi, le pr\u00e9sident du Conseil, de nouvelles marges de man\u0153uvre budg\u00e9taires. Jean-Claude Juncker l\u2019a annonc\u00e9 devant le Parlement europ\u00e9en, \u00e9voquant \u00ab\u00a0les circonstances exceptionnelles\u00a0\u00bb pr\u00e9vues dans les textes, en pr\u00e9cisant bien que cette disposition ne pouvait \u00eatre accord\u00e9e qu\u2019au cas par cas et sur la base d\u2019un \u00e9tat pr\u00e9cis des d\u00e9penses engag\u00e9es. Le cas de la Gr\u00e8ce mis \u00e0 part, l\u2019Autriche, la Belgique et la Slov\u00e9nie pourraient plus particuli\u00e8rement b\u00e9n\u00e9ficier de cette flexibilit\u00e9.<\/p>\n<p>Il y a urgence \u00e0 accorder des compensations dans le cas de cette derni\u00e8re, qui est particuli\u00e8rement mise \u00e0 l\u2019\u00e9preuve en raison de ses faibles moyens. Mais le cas de l\u2019Autriche qui n\u2019a rien demand\u00e9 pourrait vite se pr\u00e9senter. Se d\u00e9fendant de toute fermeture des fronti\u00e8res, la ministre autrichienne de l\u2019int\u00e9rieur Johanna Mikl-Leitner a en effet annonc\u00e9 l\u2019\u00e9dification d\u2019une barri\u00e8re tout au long de la fronti\u00e8re avec la Slov\u00e9nie, \u00e0 l\u2019int\u00e9rieur de l\u2019espace Schengen, afin d\u2019\u00ab assurer une entr\u00e9e ordonn\u00e9e, contr\u00f4l\u00e9e dans notre pays\u00a0\u00bb du flux des migrants, la principale pr\u00e9occupation des autorit\u00e9s europ\u00e9ennes.<\/p>\n<p>L\u2019Allemagne n\u2019a pas non plus demand\u00e9 \u00e0 b\u00e9n\u00e9ficier du dispositif dont profite l\u2019Italie, mais Horst Seehofer, le premier ministre bavarois, se sert comme levier de la crise des r\u00e9fugi\u00e9s. Il va plus loin que les Autrichiens en proposant de fermer les fronti\u00e8res allemandes, dans un contexte politique national qui s\u2019alourdit. Bien que partie prenante de l\u2019alliance conservatrice CDU\/CSU, il est de facto devenu le premier opposant \u00e0 Angela Merkel \u00e0 l\u2019int\u00e9rieur du pays. Qu\u2019importe si, comme le pr\u00e9voit le quotidien Die Welt, une telle fermeture aboutirait au passage des r\u00e9fugi\u00e9s par les montagnes et en traversant les cours d\u2019eau, au prix de nombreuses vies humaines : l\u2019objectif du premier ministre bavarois n\u2019est pas de passer \u00e0 l\u2019acte mais d\u2019acqu\u00e9rir un nouveau poids politique.<\/p>\n<p>La faiblesse de la CDU enregistr\u00e9e dans les sondages ne profite pas au SPD, mais \u00e0 l\u2019AfD (Alternative f\u00fcr Deutschland), la nouvelle formation cr\u00e9\u00e9e en 2013 sur une base eurosceptique, qui progresse dans ces m\u00eames sondages. Signe des temps, des sp\u00e9culations apparaissent \u00e0 propos de la fin du r\u00e8gne d\u2019Angela Merkel, d\u00e9menties par le maintien de sa c\u00f4te de popularit\u00e9 tr\u00e8s \u00e9lev\u00e9e, et de l\u2019alternative que repr\u00e9senterait une candidature Wolfgang Sch\u00e4uble dont le tour serait enfin venu.<\/p>\n<p>Le gouvernement allemand \u00e9tait in\u00e9branlable dans l\u2019application de sa politique. Des failles apparaissent dans l\u2019application de celle-ci en raison des cons\u00e9quences de la crise des r\u00e9fugi\u00e9s qui n\u2019est pas pr\u00e8s d\u2019\u00eatre r\u00e9gl\u00e9e. Vont-elles ou non s\u2019\u00e9largir, une fois pass\u00e9 le cap des \u00e9lections portugaise et espagnole qui pourraient y contribuer ?<\/p>\n","protected":false},"excerpt":{"rendered":"<blockquote>\n<p>Billet invit\u00e9.<\/p>\n<\/blockquote>\n<p>La combinaison des crises du d\u00e9sendettement et de celle des demandeurs d\u2019asile commence \u00e0 produire ses effets. Irr\u00e9sistible, la pouss\u00e9e des r\u00e9fugi\u00e9s met \u00e0 nu la vacuit\u00e9 des r\u00e9ponses qui leur sont apport\u00e9es, tandis que la mobilisation des pays plac\u00e9s en premi\u00e8re ligne qu\u2019elle implique m\u00e9rite une compensation qui se dessine.<\/p>\n","protected":false},"author":37,"featured_media":0,"comment_status":"closed","ping_status":"closed","sticky":false,"template":"","format":"standard","meta":{"footnotes":""},"categories":[204,4440],"tags":[4535,1865,4537,4536,4538,160,3459,3097,2490],"class_list":["post-79866","post","type-post","status-publish","format-standard","hentry","category-europe","category-migrations","tag-afd","tag-autriche","tag-cdu","tag-csu","tag-frontieres","tag-grece","tag-matteo-renzi","tag-refugies","tag-slovenie"],"_links":{"self":[{"href":"https:\/\/www.pauljorion.com\/blog\/wp-json\/wp\/v2\/posts\/79866","targetHints":{"allow":["GET"]}}],"collection":[{"href":"https:\/\/www.pauljorion.com\/blog\/wp-json\/wp\/v2\/posts"}],"about":[{"href":"https:\/\/www.pauljorion.com\/blog\/wp-json\/wp\/v2\/types\/post"}],"author":[{"embeddable":true,"href":"https:\/\/www.pauljorion.com\/blog\/wp-json\/wp\/v2\/users\/37"}],"replies":[{"embeddable":true,"href":"https:\/\/www.pauljorion.com\/blog\/wp-json\/wp\/v2\/comments?post=79866"}],"version-history":[{"count":5,"href":"https:\/\/www.pauljorion.com\/blog\/wp-json\/wp\/v2\/posts\/79866\/revisions"}],"predecessor-version":[{"id":79878,"href":"https:\/\/www.pauljorion.com\/blog\/wp-json\/wp\/v2\/posts\/79866\/revisions\/79878"}],"wp:attachment":[{"href":"https:\/\/www.pauljorion.com\/blog\/wp-json\/wp\/v2\/media?parent=79866"}],"wp:term":[{"taxonomy":"category","embeddable":true,"href":"https:\/\/www.pauljorion.com\/blog\/wp-json\/wp\/v2\/categories?post=79866"},{"taxonomy":"post_tag","embeddable":true,"href":"https:\/\/www.pauljorion.com\/blog\/wp-json\/wp\/v2\/tags?post=79866"}],"curies":[{"name":"wp","href":"https:\/\/api.w.org\/{rel}","templated":true}]}}