{"id":80348,"date":"2015-11-23T09:00:13","date_gmt":"2015-11-23T08:00:13","guid":{"rendered":"http:\/\/www.pauljorion.com\/blog\/?p=80348"},"modified":"2015-11-23T09:53:59","modified_gmt":"2015-11-23T08:53:59","slug":"non-pas-un-courant-el-nino-mais-deux-phenomenes-oceaniques-paralleles-espaces-de-plus-de-2000-km-dans-lest-de-locean-pacifique-par-philippe-soubeyrand","status":"publish","type":"post","link":"https:\/\/www.pauljorion.com\/blog\/2015\/11\/23\/non-pas-un-courant-el-nino-mais-deux-phenomenes-oceaniques-paralleles-espaces-de-plus-de-2000-km-dans-lest-de-locean-pacifique-par-philippe-soubeyrand\/","title":{"rendered":"Non pas un courant El Ni\u00f1o, mais deux ph\u00e9nom\u00e8nes oc\u00e9aniques parall\u00e8les espac\u00e9s de plus de 2000 km dans l&rsquo;est de l&rsquo;Oc\u00e9an Pacifique, par Philippe Soubeyrand"},"content":{"rendered":"<blockquote><p>Billet invit\u00e9.<\/p><\/blockquote>\n<p><a href=\"http:\/\/www.pauljorion.com\/blog\/wp-content\/uploads\/Fig1-El_Nino_1997_vs_2015.gif\"><img loading=\"lazy\" decoding=\"async\" class=\"alignleft size-full wp-image-80349\" src=\"http:\/\/www.pauljorion.com\/blog\/wp-content\/uploads\/Fig1-El_Nino_1997_vs_2015.gif\" alt=\"Fig1-El_Nino_1997_vs_2015\" width=\"768\" height=\"342\" \/><\/a><\/p>\n<p><em>El Ni<\/em><em>\u00f1<\/em><em>os 1997 vs 2015<\/em> \u2013 Animation publi\u00e9e par la NASA\/JPL-Caltech le 19\/11\/2015 [1].<\/p>\n<p><!--more--><\/p>\n<p>Nous en avions d\u00e9j\u00e0 parl\u00e9 \u00e0 deux reprises [2] [3], le courant El Ni\u00f1o actuellement en cours de formation dans l&rsquo;est de l\u2019Oc\u00e9an Pacifique, ressemblerait \u00e0 s&rsquo;y m\u00e9prendre \u00e0 celui observ\u00e9 en 1997 du fait de l&rsquo;\u00e9volution en cours de l&rsquo;anomalie de temp\u00e9rature de surface en El Ni\u00f1o 3.4\u00a0; en tout cas, c&rsquo;est ce que l&rsquo;on croyait jusqu&rsquo;\u00e0 maintenant. Sauf qu&rsquo;un communiqu\u00e9 r\u00e9cent de la NASA (National Aeronautics and Space Administration) laisse entendre sans la moindre ambigu\u00eft\u00e9 que les deux ph\u00e9nom\u00e8nes observ\u00e9s \u00e0 quelques 18 ans d&rsquo;intervalle seraient diff\u00e9rents [1], le ph\u00e9nom\u00e8ne observ\u00e9 en 2015 n&rsquo;\u00e9tant pas normal dans sa forme, son mouvement et sa dur\u00e9e. Le ph\u00e9nom\u00e8ne actuel semblerait m\u00eame \u00eatre la combinaison de deux ph\u00e9nom\u00e8nes simultan\u00e9s.<\/p>\n<p>Souvenons-nous que le ph\u00e9nom\u00e8ne de 1997 demeurait jusqu&rsquo;\u00e0 pr\u00e9sent le plus violent jamais enregistr\u00e9\u00a0; Paul Jorion se souvient du climat qui s\u00e9vissait en Californie cette ann\u00e9e l\u00e0 [P.J. : je publierai un petit texte sur cette ann\u00e9e-l\u00e0]\u00a0? Mais souvenons-nous surtout que l&rsquo;ouragan le plus intense et le plus meurtrier du XX<sup>\u00e8me<\/sup> si\u00e8cle devait s&rsquo;appeler Mitch et se former en 1998 [3]&#8230;<\/p>\n<p>Sur l&rsquo;animation comparative ci-dessus, nous pouvons observer simultan\u00e9ment l&rsquo;\u00e9volution du ph\u00e9nom\u00e8ne au cours des ann\u00e9es 1997 et 2015 (jusqu&rsquo;au 1<sup>er<\/sup> octobre seulement pour 2015). Les images sont celles des satellites Poseidon [4] en 1997 et Jason 2 [5] en 2015. Ces images mettent en \u00e9vidence les diff\u00e9rences d&rsquo;altitude de surface de l&rsquo;Oc\u00e9an Pacifique provoqu\u00e9es notamment par la pr\u00e9sence du courant El Ni\u00f1o\u00a0:<\/p>\n<p>&#8211; les zones blanches repr\u00e9sentent des hausses de l&rsquo;altitude de surface par rapport au niveau moyen de plus de 18 cm, et<\/p>\n<p>&#8211; les zones violettes des baisses de l&rsquo;altitude de surface par rapport au niveau moyen de plus de 18 cm (avec des pr\u00e9cisions de mesure de 2,4 cm pour Poseidon et de 2 cm pour Jason 2),<\/p>\n<p>&#8211; soit une diff\u00e9rence d&rsquo;altitude de surface entre ces deux zones de plus de 36 cm.<\/p>\n<p>Et que pouvons-nous observer d&rsquo;anormal en 2015 sur cette animation comparative\u00a0: la formation dans l&rsquo;est de l&rsquo;Oc\u00e9an Pacifique d&rsquo;un second ph\u00e9nom\u00e8ne oc\u00e9anique parall\u00e8le situ\u00e9 \u00e0 plus de 2000 km au nord du courant El Ni\u00f1o, ainsi qu&rsquo;une \u00e9l\u00e9vation anormale et erratique du niveau de l&rsquo;Oc\u00e9an Pacifique le long de la C\u00f4te Ouest de l&rsquo;Am\u00e9rique du Nord qui serait sans doute provoqu\u00e9e par la persistance du r\u00e9chauffement de l&rsquo;oc\u00e9an dans cette r\u00e9gion du monde sur la p\u00e9riode 2014-2015. Nick Bond de l&rsquo;Universit\u00e9 de Washington \u00e0 Seattle a donn\u00e9 un nom \u00e0 ce nouveau ph\u00e9nom\u00e8ne\u00a0: le Blob. Et c&rsquo;est bel et bien la concomitance d&rsquo;El Ni\u00f1o et du Blob qui inqui\u00e8te les scientifiques de la NASA, les mod\u00e8les actuels beaucoup trop r\u00e9cents ne permettant pas de pr\u00e9voir les cons\u00e9quences d&rsquo;un tel \u00e9v\u00e9nement sur les changements climatiques en cours.<\/p>\n<p>Une chose est certaine, l&rsquo;ann\u00e9e 2015 ne cesse de pulv\u00e9riser mois apr\u00e8s mois tous les records de temp\u00e9rature, devan\u00e7ant m\u00eame l&rsquo;ann\u00e9e 2014, ce que semble vouloir indiquer le dernier rapport de la NOAA (National Oceanic and Atmospheric Administration), par l&rsquo;interm\u00e9diaire de son d\u00e9partement National Centers for Environmental Information, relatif au mois d&rsquo;octobre 2015 [6], sur lequel nous rel\u00e8verons une fois de plus la pr\u00e9sence toujours aussi marqu\u00e9e et paradoxale de la r\u00e9gion froide de l&rsquo;Atlantique Nord [3]\u00a0:<\/p>\n<p><a href=\"http:\/\/www.pauljorion.com\/blog\/wp-content\/uploads\/Fig2-Anomalie_T\u00b0C_janvier_octobre_2015.gif\"><img loading=\"lazy\" decoding=\"async\" class=\"alignleft size-full wp-image-80350\" src=\"http:\/\/www.pauljorion.com\/blog\/wp-content\/uploads\/Fig2-Anomalie_T\u00b0C_janvier_octobre_2015.gif\" alt=\"Fig2-Anomalie_T\u00b0C_janvier_octobre_2015\" width=\"990\" height=\"765\" \/><\/a><\/p>\n<p>Il n&rsquo;est donc pas \u00e9tonnant dans de telles conditions de pouvoir observer une multiplication de ph\u00e9nom\u00e8nes climatiques locaux extr\u00eames, tels que\u00a0:<\/p>\n<p>&#8211; les pluies torrentielles et les coul\u00e9es de boue en Californie [7],<\/p>\n<p>&#8211; la s\u00e9cheresse en Afrique du Sud [8], ou encore<\/p>\n<p>&#8211; l&rsquo;arriv\u00e9e \u00e0 la fois tardive et brutale du premier front froid sur la France [9].<\/p>\n<p>\u2026 \u00e0 suivre.<\/p>\n<p>============================================<br \/>\n[1] Carol Rasmussen, <a href=\"http:\/\/climate.nasa.gov\/news\/2368\/\" target=\"_blank\"><em>2015 and 1997 El Ni\u00f1os\u00a0: D\u00e9j\u00e0 vu or something new\u00a0?<\/em><\/a>, NASA&rsquo;s Earth Science News Team, NASA GLOBAL CLIMATE CHANGE, 19\/11\/2015\u00a0<\/p>\n<p>[2] <a href=\"http:\/\/www.pauljorion.com\/blog\/2015\/10\/06\/3-bilan-climatique-temperature-cryosphere-gulf-stream-el-nino-et-malgre-cela-nous-ne-sommes-toujours-pas-prets-par-philippe-soubeyrand\/\">3 Bilan climatique temp\u00e9rature cryosph\u00e8re gulf stream-el nino et malgr\u00e9 cela nous ne sommes toujours pas pr\u00eats, par Philippe Soubeyrand\/<\/a><\/p>\n<p>[3] <a href=\"http:\/\/www.pauljorion.com\/blog\/2015\/11\/04\/etat-durgence-crise-systemique-globale-emballement-climatique-atlantique-nord-vs-el-nino-cop21-etou-loi-de-puisseguin-regardons-ce-soliton-en-face-par-philippe-soubeyrand\/\">\u00c9TAT D\u2019URGENCE : crise syst\u00e9mique globale, emballement climatique, Atlantique Nord vs El Ni\u00f1o, COP21 et\/ou Loi de Puisseguin\u2026 Regardons ce \u00ab soliton \u00bb en face !, par Philippe Soubeyrand<\/a><\/p>\n<p>[4] <a href=\"https:\/\/fr.wikipedia.org\/wiki\/TOPEX\/Poseidon\" target=\"_blank\"><em>TOPEX\/Poseidon<\/em><\/a>, Wikip\u00e9dia, L&rsquo;encyclop\u00e9die libre, 28\/08\/2015 :<\/p>\n<p>[5] <a href=\"https:\/\/fr.wikipedia.org\/wiki\/Jason_(satellite)\" target=\"_blank\"><em>Jason (satellite)<\/em><\/a>, Wikip\u00e9dia, L&rsquo;encyclop\u00e9die libre, 13\/10\/2015 :<\/p>\n<p>[6] NOAA National Centers for Environmental Information, State of the Climate: <a href=\"http:\/\/www.ncdc.noaa.gov\/sotc\/global\/201510\" target=\"_blank\">Global Analysis for October 2015<\/a>, published online November 2015, retrieved on November 22, 2015 from :<\/p>\n<p>[7] <a href=\"http:\/\/www.sudouest.fr\/2015\/10\/17\/en-images-des-coulees-de-boue-spectaculaires-frappent-la-californie-2158090-5138.php\" target=\"_blank\"><em>En images\u00a0: des coul\u00e9es de boue spectaculaires frappent la Californie<\/em><\/a>, SUD OUEST avec AFP, 17\/10\/2015\u00a0:<\/p>\n<p>[8] <a href=\"http:\/\/www.lemonde.fr\/afrique\/video\/2015\/11\/18\/secheresse-en-afrique-du-sud-les-carcasses-de-betail-s-empilent_4812793_3212.html\" target=\"_blank\"><em>S\u00e9cheresse en Afrique du Sud : les carcasses de b\u00e9tail s\u2019entassent<\/em><\/a>, Le Monde avec AFP, 19\/11\/2015\u00a0:<\/p>\n<p>[9] <a href=\"http:\/\/www.meteofrance.fr\/actualites\/30858898-arrivee-du-froid-apres-une-periode-exceptionnellement-douce\" target=\"_blank\"><em>Arriv\u00e9e du froid apr\u00e8s une p\u00e9riode exceptionnellement douce<\/em><\/a>, METEO FRANCE, 20\/11\/2015\u00a0:<\/p>\n","protected":false},"excerpt":{"rendered":"<blockquote>\n<p>Billet invit\u00e9.<\/p>\n<\/blockquote>\n<p><a href=\"http:\/\/www.pauljorion.com\/blog\/wp-content\/uploads\/Fig1-El_Nino_1997_vs_2015.gif\"><img loading=\"lazy\" decoding=\"async\" class=\"alignleft size-full wp-image-80349\" src=\"http:\/\/www.pauljorion.com\/blog\/wp-content\/uploads\/Fig1-El_Nino_1997_vs_2015.gif\" alt=\"Fig1-El_Nino_1997_vs_2015\" width=\"768\" height=\"342\" \/><\/a><\/p>\n<p><em>El Ni<\/em><em>\u00f1<\/em><em>os 1997 vs 2015<\/em> \u2013 Animation publi\u00e9e par la NASA\/JPL-Caltech le 19\/11\/2015 [1].<\/p>\n","protected":false},"author":1,"featured_media":0,"comment_status":"closed","ping_status":"closed","sticky":false,"template":"","format":"standard","meta":{"footnotes":""},"categories":[4494],"tags":[172],"class_list":["post-80348","post","type-post","status-publish","format-standard","hentry","category-environnement","tag-rechauffement-climatique"],"_links":{"self":[{"href":"https:\/\/www.pauljorion.com\/blog\/wp-json\/wp\/v2\/posts\/80348","targetHints":{"allow":["GET"]}}],"collection":[{"href":"https:\/\/www.pauljorion.com\/blog\/wp-json\/wp\/v2\/posts"}],"about":[{"href":"https:\/\/www.pauljorion.com\/blog\/wp-json\/wp\/v2\/types\/post"}],"author":[{"embeddable":true,"href":"https:\/\/www.pauljorion.com\/blog\/wp-json\/wp\/v2\/users\/1"}],"replies":[{"embeddable":true,"href":"https:\/\/www.pauljorion.com\/blog\/wp-json\/wp\/v2\/comments?post=80348"}],"version-history":[{"count":7,"href":"https:\/\/www.pauljorion.com\/blog\/wp-json\/wp\/v2\/posts\/80348\/revisions"}],"predecessor-version":[{"id":80358,"href":"https:\/\/www.pauljorion.com\/blog\/wp-json\/wp\/v2\/posts\/80348\/revisions\/80358"}],"wp:attachment":[{"href":"https:\/\/www.pauljorion.com\/blog\/wp-json\/wp\/v2\/media?parent=80348"}],"wp:term":[{"taxonomy":"category","embeddable":true,"href":"https:\/\/www.pauljorion.com\/blog\/wp-json\/wp\/v2\/categories?post=80348"},{"taxonomy":"post_tag","embeddable":true,"href":"https:\/\/www.pauljorion.com\/blog\/wp-json\/wp\/v2\/tags?post=80348"}],"curies":[{"name":"wp","href":"https:\/\/api.w.org\/{rel}","templated":true}]}}