{"id":80493,"date":"2015-11-28T20:10:58","date_gmt":"2015-11-28T19:10:58","guid":{"rendered":"http:\/\/www.pauljorion.com\/blog\/?p=80493"},"modified":"2015-11-28T20:10:58","modified_gmt":"2015-11-28T19:10:58","slug":"lordre-nouveau-qui-se-presente-par-francois-leclerc","status":"publish","type":"post","link":"https:\/\/www.pauljorion.com\/blog\/2015\/11\/28\/lordre-nouveau-qui-se-presente-par-francois-leclerc\/","title":{"rendered":"<b>L\u2019ORDRE NOUVEAU QUI SE PR\u00c9SENTE<\/b>, par Fran\u00e7ois Leclerc"},"content":{"rendered":"<blockquote><p>Billet invit\u00e9.<\/p><\/blockquote>\n<p>\u00ab\u00a0Nous ne pouvons pas maintenir sur la dur\u00e9e notre \u00c9tat social, si l&rsquo;afflux de r\u00e9fugi\u00e9s se poursuit ainsi. Si l&rsquo;Union europ\u00e9enne ne prot\u00e8ge pas mieux ses fronti\u00e8res ext\u00e9rieures, alors un petit groupe de pays le fera\u00a0\u00bb, a d\u00e9clar\u00e9 Jeroen Dijsselbloem au quotidien allemand Handelsblatt, pr\u00e9cisant qu\u2019il n\u2019est pas \u00ab\u00a0tr\u00e8s optimiste\u00a0\u00bb sur la survie de l\u2019actuel espace Schengen. On appr\u00e9ciera l\u2019argument. <\/p>\n<p><!--more--><\/p>\n<p>Plus qu\u2019un simple ballon d\u2019essai, l\u2019hypoth\u00e8se d\u2019un \u00ab\u00a0mini-Schengen\u00a0\u00bb est une forte tentation. S\u00e9curiser la fronti\u00e8re d\u2019un espace restreint serait un moindre mal pour \u00e9viter leur r\u00e9tablissement syst\u00e9matique et repr\u00e9senterait en fin de compte la meilleure issue afin de maitriser sans coup f\u00e9rir l\u2019exode des r\u00e9fugi\u00e9s. Aux autres de se d\u00e9brouiller. Que peuvent en effet concr\u00e8tement attendre les autorit\u00e9\u00a0europ\u00e9ennes du sommet de demain dimanche consacr\u00e9 au r\u00f4le-cl\u00e9 d\u00e9volu \u00e0 la Turquie, avec en invit\u00e9 vedette son premier ministre Ahmet Davuto\u00c4\u0178lu, le pr\u00e9sident ne s\u2019\u00e9tant pas d\u00e9plac\u00e9 ? Quelles contreparties devront \u00eatre accord\u00e9es au r\u00e9gime turc et avec quels effets\u00a0? Il y a un gros malaise \u00a0! <\/p>\n<p>Visionnaire, le pr\u00e9sident de l\u2019Eurogroupe l\u2019est \u00e0 un autre titre. Confirmant que les d\u00e9penses relatives \u00e0 l\u2019accueil des r\u00e9fugi\u00e9s ou \u00e0 les endiguer pourront \u00eatre exclues du calcul du d\u00e9ficit budg\u00e9taire par la Commission europ\u00e9enne &#8211; dont il ne fait pas partie &#8211; il s\u2019oppose d\u00e8s maintenant \u00e0 ce qu\u2019elles soient d\u00e9duites \u00ab\u00a0durablement\u00a0\u00bb du calcul des d\u00e9ficits. <\/p>\n<p>Sentant le vent tourner, le ministre fran\u00e7ais des finances Michel Sapin avait fait savoir que \u00ab\u00a0la responsabilit\u00e9 politique, la lutte contre le terrorisme, n&rsquo;est pas antinomique de la responsabilit\u00e9 budg\u00e9taire dont j&rsquo;ai aujourd&rsquo;hui la charge\u00a0\u00bb, pr\u00e9cisant que \u00ab\u00a0le s\u00e9rieux budg\u00e9taire continuera \u00e0 s&rsquo;appliquer et les objectifs de r\u00e9duction des d\u00e9ficits que nous avons fix\u00e9s pour l&rsquo;ann\u00e9e prochaine restent les m\u00eames\u00a0\u00bb. Exit le distinguo de Fran\u00e7ois Hollande entre \u00ab\u00a0pacte de s\u00e9curit\u00e9\u00a0\u00bb et \u00ab\u00a0pacte de stabilit\u00e9\u00a0\u00bb qui n\u2019est plus d\u2019actualit\u00e9&#8230;<\/p>\n<p>Pierre apr\u00e8s pierre, ils b\u00e2tissent des murs d\u2019exclusion et d\u2019enfermement, les inconscients.  <\/p>\n","protected":false},"excerpt":{"rendered":"<blockquote>\n<p>Billet invit\u00e9.<\/p>\n<\/blockquote>\n<p>\u00ab\u00a0Nous ne pouvons pas maintenir sur la dur\u00e9e notre \u00c9tat social, si l&rsquo;afflux de r\u00e9fugi\u00e9s se poursuit ainsi. Si l&rsquo;Union europ\u00e9enne ne prot\u00e8ge pas mieux ses fronti\u00e8res ext\u00e9rieures, alors un petit groupe de pays le fera\u00a0\u00bb, a d\u00e9clar\u00e9 Jeroen Dijsselbloem au quotidien allemand Handelsblatt, pr\u00e9cisant qu\u2019il n\u2019est pas \u00ab\u00a0tr\u00e8s optimiste\u00a0\u00bb sur la survie [&hellip;]<\/p>\n","protected":false},"author":37,"featured_media":0,"comment_status":"closed","ping_status":"closed","sticky":false,"template":"","format":"standard","meta":{"footnotes":""},"categories":[204,4440],"tags":[3097],"class_list":["post-80493","post","type-post","status-publish","format-standard","hentry","category-europe","category-migrations","tag-refugies"],"_links":{"self":[{"href":"https:\/\/www.pauljorion.com\/blog\/wp-json\/wp\/v2\/posts\/80493","targetHints":{"allow":["GET"]}}],"collection":[{"href":"https:\/\/www.pauljorion.com\/blog\/wp-json\/wp\/v2\/posts"}],"about":[{"href":"https:\/\/www.pauljorion.com\/blog\/wp-json\/wp\/v2\/types\/post"}],"author":[{"embeddable":true,"href":"https:\/\/www.pauljorion.com\/blog\/wp-json\/wp\/v2\/users\/37"}],"replies":[{"embeddable":true,"href":"https:\/\/www.pauljorion.com\/blog\/wp-json\/wp\/v2\/comments?post=80493"}],"version-history":[{"count":4,"href":"https:\/\/www.pauljorion.com\/blog\/wp-json\/wp\/v2\/posts\/80493\/revisions"}],"predecessor-version":[{"id":80497,"href":"https:\/\/www.pauljorion.com\/blog\/wp-json\/wp\/v2\/posts\/80493\/revisions\/80497"}],"wp:attachment":[{"href":"https:\/\/www.pauljorion.com\/blog\/wp-json\/wp\/v2\/media?parent=80493"}],"wp:term":[{"taxonomy":"category","embeddable":true,"href":"https:\/\/www.pauljorion.com\/blog\/wp-json\/wp\/v2\/categories?post=80493"},{"taxonomy":"post_tag","embeddable":true,"href":"https:\/\/www.pauljorion.com\/blog\/wp-json\/wp\/v2\/tags?post=80493"}],"curies":[{"name":"wp","href":"https:\/\/api.w.org\/{rel}","templated":true}]}}