{"id":81128,"date":"2015-12-21T14:45:54","date_gmt":"2015-12-21T13:45:54","guid":{"rendered":"http:\/\/www.pauljorion.com\/blog\/?p=81128"},"modified":"2015-12-21T16:29:33","modified_gmt":"2015-12-21T15:29:33","slug":"lenjeu-espagnol-nest-pas-electoral-par-francois-leclerc","status":"publish","type":"post","link":"https:\/\/www.pauljorion.com\/blog\/2015\/12\/21\/lenjeu-espagnol-nest-pas-electoral-par-francois-leclerc\/","title":{"rendered":"<b>L\u2019ENJEU ESPAGNOL N\u2019EST PAS \u00c9LECTORAL<\/b>, par Fran\u00e7ois Leclerc"},"content":{"rendered":"<blockquote><p>Billet invit\u00e9.<\/p><\/blockquote>\n<p>L&rsquo;\u00e9quation \u00e9lectorale espagnole peut-elle \u00eatre r\u00e9solue par une combinaison gouvernementale ? L\u2019analyse sans fin des sc\u00e9narios possibles, qui ne manquent pas, renvoie \u00e0 une \u00e9vidence\u00a0: aucune solution ne semble en mesure de faire face aux exigences contradictoires de la situation. <\/p>\n<p><!--more--><\/p>\n<p>L\u2019Espagne traverse trois crises simultan\u00e9es, la premi\u00e8re est sociale et r\u00e9sulte de la politique \u00e9conomique men\u00e9e conform\u00e9ment aux directives europ\u00e9ennes, la seconde est nationale en raison de la pouss\u00e9 des revendications mettant en cause l\u2019\u00c9tat espagnol centralis\u00e9 h\u00e9rit\u00e9 du franquisme. La troisi\u00e8me est une crise de la politique, de la corruption et des connivences dans lesquels les partis de gouvernement se sont illustr\u00e9s.<\/p>\n<p>Par son programme et ce qu\u2019il repr\u00e9sente, Podemos est apparu comme une issue, contredisant les appels \u00e0 voter utile. Ce qui explique son r\u00e9sultat, m\u00eame s\u2019il n\u2019a pas r\u00e9ussi \u00e0 devancer en nombre de voix le second grand perdant des \u00e9lections apr\u00e8s le PP qu\u2019est le PSOE. Aux sp\u00e9culations sur sa participation \u00e0 une solution <i>\u00e0 la portugaise<\/i>, qui conduirait Podemos \u00e0 soutenir un gouvernement minoritaire, Pablo Iglesias a d\u00e8s la nuit de dimanche oppos\u00e9 trois conditions pr\u00e9alables \u00e0 la signature de tout pacte et r\u00e9clam\u00e9 des r\u00e9formes de la constitution afin de renforcer les droits sociaux, de r\u00e9former une loi \u00e9lectorale qui favorise la droite et de cr\u00e9er un syst\u00e8me de r\u00e9vocabilit\u00e9 \u00e0 mi-mandat du chef du gouvernement. Ce sera pour plus tard, le Partido Popular ayant conserv\u00e9 la majorit\u00e9 au S\u00e9nat. La nouvelle transition ne fait que commencer&#8230; <\/p>\n<p>Les l\u00e9gislatives ont \u00e9t\u00e9 la continuation des municipales. Podemos a remport\u00e9 ses plus grands succ\u00e8s dans les grandes villes o\u00f9 <i>les mar\u00e9es<\/i> (les mobilisations populaires) ont conduit \u00e0 leur t\u00eate des h\u00e9riti\u00e8res des <i>Indign\u00e9s<\/i>, \u00e0 Barcelone et \u00e0 Madrid, \u00e0 Valence, au Pays Basque et en Galice. Tout en prenant des voix \u00e0 la fois au PP et au PSOE, Cuidadanos n\u2019a pas r\u00e9pondu \u00e0 des espoirs d\u00e9\u00e7us, tandis que Podemos que l\u2019on donnait sur le d\u00e9clin est sorti vainqueur des \u00e9lections.  <\/p>\n","protected":false},"excerpt":{"rendered":"<blockquote>\n<p>Billet invit\u00e9.<\/p>\n<\/blockquote>\n<p>L&rsquo;\u00e9quation \u00e9lectorale espagnole peut-elle \u00eatre r\u00e9solue par une combinaison gouvernementale ? L\u2019analyse sans fin des sc\u00e9narios possibles, qui ne manquent pas, renvoie \u00e0 une \u00e9vidence\u00a0: aucune solution ne semble en mesure de faire face aux exigences contradictoires de la situation. <\/p>\n","protected":false},"author":37,"featured_media":0,"comment_status":"closed","ping_status":"closed","sticky":false,"template":"","format":"standard","meta":{"footnotes":""},"categories":[204,17],"tags":[75,3481],"class_list":["post-81128","post","type-post","status-publish","format-standard","hentry","category-europe","category-politique","tag-espagne","tag-podemos"],"_links":{"self":[{"href":"https:\/\/www.pauljorion.com\/blog\/wp-json\/wp\/v2\/posts\/81128","targetHints":{"allow":["GET"]}}],"collection":[{"href":"https:\/\/www.pauljorion.com\/blog\/wp-json\/wp\/v2\/posts"}],"about":[{"href":"https:\/\/www.pauljorion.com\/blog\/wp-json\/wp\/v2\/types\/post"}],"author":[{"embeddable":true,"href":"https:\/\/www.pauljorion.com\/blog\/wp-json\/wp\/v2\/users\/37"}],"replies":[{"embeddable":true,"href":"https:\/\/www.pauljorion.com\/blog\/wp-json\/wp\/v2\/comments?post=81128"}],"version-history":[{"count":9,"href":"https:\/\/www.pauljorion.com\/blog\/wp-json\/wp\/v2\/posts\/81128\/revisions"}],"predecessor-version":[{"id":81137,"href":"https:\/\/www.pauljorion.com\/blog\/wp-json\/wp\/v2\/posts\/81128\/revisions\/81137"}],"wp:attachment":[{"href":"https:\/\/www.pauljorion.com\/blog\/wp-json\/wp\/v2\/media?parent=81128"}],"wp:term":[{"taxonomy":"category","embeddable":true,"href":"https:\/\/www.pauljorion.com\/blog\/wp-json\/wp\/v2\/categories?post=81128"},{"taxonomy":"post_tag","embeddable":true,"href":"https:\/\/www.pauljorion.com\/blog\/wp-json\/wp\/v2\/tags?post=81128"}],"curies":[{"name":"wp","href":"https:\/\/api.w.org\/{rel}","templated":true}]}}