{"id":81274,"date":"2015-12-28T18:55:51","date_gmt":"2015-12-28T17:55:51","guid":{"rendered":"http:\/\/www.pauljorion.com\/blog\/?p=81274"},"modified":"2015-12-28T19:53:43","modified_gmt":"2015-12-28T18:53:43","slug":"analyse-du-projet-de-loi-constitutionnelle-2-la-decheance-de-nationalite-par-cedric-mas","status":"publish","type":"post","link":"https:\/\/www.pauljorion.com\/blog\/2015\/12\/28\/analyse-du-projet-de-loi-constitutionnelle-2-la-decheance-de-nationalite-par-cedric-mas\/","title":{"rendered":"ANALYSE DU PROJET DE LOI CONSTITUTIONNELLE (2) : LA D\u00c9CH\u00c9ANCE DE NATIONALIT\u00c9, par C\u00e9dric Mas"},"content":{"rendered":"<blockquote><p>Billet invit\u00e9. Ouvert aux commentaires.<\/p><\/blockquote>\n<p>Apr\u00e8s avoir abord\u00e9 dans <a href=\"http:\/\/www.pauljorion.com\/blog\/2015\/12\/27\/lanalyse-du-projet-de-revision-constitutionnelle-letat-durgence-1\/\" target=\"_blank\">un premier billet<\/a> la constitutionnalisation de l\u2019\u00e9tat d\u2019urgence, nous analysons maintenant la seconde mesure pr\u00e9vue dans ce projet de r\u00e9vision constitutionnelle : la d\u00e9ch\u00e9ance de nationalit\u00e9.<\/p>\n<p><!--more--><\/p>\n<p><strong><em>Le cadre juridique de la d\u00e9ch\u00e9ance de nationalit\u00e9 :<\/em><\/strong><\/p>\n<p>Rappelons que dans la Constitution, l\u2019acquisition comme la perte de la nationalit\u00e9 rel\u00e8vent de la Loi. C&rsquo;est l\u2019article 34 qui d\u00e9finit les domaines de comp\u00e9tence de la Loi, \u00e0 savoir un certain nombre de mati\u00e8res dont \u00ab <em>la nationalit\u00e9, l&rsquo;\u00e9tat et la capacit\u00e9 des personnes, les r\u00e9gimes matrimoniaux, les successions et lib\u00e9ralit\u00e9s<\/em>\u00a0\u00bb.<\/p>\n<p>La nationalit\u00e9 n\u2019est donc qu\u2019un des attributs du droit civil classique, qu\u2019il appartient \u00e0 la Loi de r\u00e9gler. Dans ces mati\u00e8res, le l\u00e9gislateur ne doit pas simplement fixer les grands principes mais d\u00e9finir toutes les r\u00e8gles (dans d&rsquo;autres mati\u00e8res, la Constitution lui demande juste de fixer le cadre, \u00e0 charge pour des d\u00e9crets de d\u00e9finir les r\u00e8gles).<\/p>\n<p>Donc, en mati\u00e8re de droit civil, dont la nationalit\u00e9, seul le l\u00e9gislateur est comp\u00e9tent, et ni le pouvoir ex\u00e9cutif, ni le Juge ne peuvent d\u00e9finir les r\u00e8gles de droit applicables (1).<\/p>\n<p>Et c\u2019est donc dans le Code civil que l&rsquo;on va trouver les r\u00e8gles applicables \u00e0 l&rsquo;acquisition et \u00e0 la perte de la nationalit\u00e9. En effet, il existe d\u00e9j\u00e0 aujourd\u2019hui des hypoth\u00e8ses o\u00f9 un citoyen fran\u00e7ais peut \u00eatre d\u00e9chu de sa nationalit\u00e9 (contrairement aux affirmations d\u00e9lirantes de certains, la nationalit\u00e9 fran\u00e7aise peut donc se perdre \u2013 et cela sans que notre pays ne se couvre instantan\u00e9ment de miradors et de policiers politiques en lunettes et impers noirs).<\/p>\n<p>Et la preuve se trouve dans les articles 25 et 25-1 qui pr\u00e9voient la d\u00e9ch\u00e9ance de la nationalit\u00e9, d\u00e9cid\u00e9e par d\u00e9cret pris apr\u00e8s avis conforme du Conseil d\u2019Etat, pour des personnes qui ont \u00e9t\u00e9 condamn\u00e9es pour certains crimes et d\u00e9lits \u00e0 savoir (2) :<\/p>\n<p>1) les crimes et d\u00e9lits \u00ab <em>constituant une atteinte aux int\u00e9r\u00eats fondamentaux de la Nation ou pour un crime ou un d\u00e9lit constituant un acte de terrorisme <\/em>\u00bb (et oui d\u00e9j\u00e0 et ce depuis 1998)<\/p>\n<p>2) les crimes et d\u00e9lits pr\u00e9vus et r\u00e9prim\u00e9s \u00ab <em>par le chapitre II du titre III du livre IV du code p\u00e9nal <\/em>\u00bb (il s\u2019agit des atteintes \u00e0 l&rsquo;administration publique commises par des personnes exer\u00e7ant une fonction publique \u2013 articles 432-1 \u00e0 432-17 du code p\u00e9nal)<\/p>\n<p>3) la soustraction \u00ab <em>aux obligations r\u00e9sultant pour lui du code du service national <\/em>\u00bb (largement tomb\u00e9 en d\u00e9su\u00e9tude \u00e0 ce jour).<\/p>\n<p>\u00c0\u00a0ces trois situations qui peuvent amener le pouvoir ex\u00e9cutif \u00e0 prononcer pour la personne condamn\u00e9e la d\u00e9ch\u00e9ance de sa nationalit\u00e9 fran\u00e7aise, il faut ajouter une 4<sup>\u00e8me<\/sup> situation qui ne suppose aucune condamnation, c&rsquo;est la d\u00e9ch\u00e9ance du Fran\u00e7ais qui s&rsquo;est \u00ab\u00a0<em>livr\u00e9 au profit d&rsquo;un \u00c9tat \u00e9tranger \u00e0 des actes incompatibles avec la qualit\u00e9 de Fran\u00e7ais et pr\u00e9judiciables aux int\u00e9r\u00eats de la France <\/em>\u00bb.<\/p>\n<p>Dans tous les cas, le code civil pr\u00e9voit trois contraintes :<\/p>\n<p>&#8211; le d\u00e9ch\u00e9ance doit \u00eatre prononc\u00e9e par un d\u00e9cret, qui ne peut \u00eatre pris que sur avis <u>conforme<\/u> du Conseil d\u2019\u00c9tat (c\u2019est une garantie aujourd\u2019hui \u00e9vidente pour qui pratique la plus haute juridiction administrative, m\u00eame si nous verrons que la pr\u00e9sence de magistrats dans les instances statuant en mati\u00e8re de nationalit\u00e9 n&rsquo;a pas dans le pass\u00e9 offert une quelconque garantie).<\/p>\n<p>&#8211; il faut pour 3 des 4 hypoth\u00e8ses une condamnation p\u00e9nale devenue d\u00e9finitive.<\/p>\n<p>&#8211; et en aucun cas, cette d\u00e9ch\u00e9ance ne doit aboutir \u00e0 cr\u00e9er un apatride (c\u2019est \u00e0 dire que la personne d\u00e9chue doit disposer d\u2019une autre nationalit\u00e9).<\/p>\n<p>Et pour couronner le tout, cette d\u00e9ch\u00e9ance ne peut intervenir que dans deux d\u00e9lais de prescription qui se cumulent :<\/p>\n<p>&#8211; au plus tard dans les 10 ans de la condamnation ou de la survenance des faits (pour la 4<sup>\u00e8me<\/sup> hypoth\u00e8se)<\/p>\n<p>&#8211; et au plus tard dans les 10 ans de l\u2019acquisition de la nationalit\u00e9. Il convient de noter qu\u2019en application d\u2019une Loi du 23 janvier 2006, ce dernier d\u00e9lai sera port\u00e9 au 1<sup>er<\/sup> janvier 2016 (oui dans quelques jours) \u00e0 15 ans pour les d\u00e9ch\u00e9ances prononc\u00e9es dans le 1<sup>er<\/sup> cas, qui concerne \u2013 \u00d4 surprise ! \u2013 les condamnations pour terrorisme.<\/p>\n<p><strong><em>Le contexte historique de la d\u00e9ch\u00e9ance de la nationalit\u00e9 :<\/em><\/strong><\/p>\n<p>Le probl\u00e8me du gouvernement est que cette d\u00e9ch\u00e9ance n\u2019est donc possible que pour des personnes qui n&rsquo;\u00e9taient pas fran\u00e7aises au d\u00e9part, qui ont acquis la nationalit\u00e9 fran\u00e7aise. Toute personne n\u00e9e fran\u00e7aise ne peut donc \u00eatre d\u00e9chue de sa nationalit\u00e9, en droit positif (aujourd&rsquo;hui et pour quelques mois encore).<\/p>\n<p>En r\u00e9alit\u00e9, cette exclusion n&rsquo;est pas un oubli puisqu&rsquo;il y a eu de nombreuses lois sur la nationalit\u00e9 et la d\u00e9ch\u00e9ance (dont les Lois du 7 avril 1915, du 10 ao\u00fbt 1927 ou le d\u00e9cret-loi du 12 novembre 1938), et aucune, AUCUNE n&rsquo;a jamais pr\u00e9vu qu&rsquo;un Fran\u00e7ais de naissance puisse \u00eatre d\u00e9chu de sa nationalit\u00e9.<\/p>\n<p>Le fait est que le droit du sol n\u2019est pas un vain mot dans notre droit civil, et que le l\u00e9gislateur s\u2019y est conform\u00e9 pendant deux si\u00e8cles, malgr\u00e9 les tensions, crises et vicissitudes qui ont marqu\u00e9 l\u2019histoire de notre beau pays.<\/p>\n<p>Il n\u2019y a eu en r\u00e9alit\u00e9 qu\u2019un seul cas dans notre histoire o\u00f9 une loi a pr\u00e9vu la d\u00e9ch\u00e9ance de nationalit\u00e9 pour des personnes n\u00e9es fran\u00e7aises : c&rsquo;est la \u00ab\u00a0fameuse\u00a0\u00bb loi du 22 juillet 1940, vot\u00e9e sous le r\u00e9gime de Vichy (vot\u00e9e donc par le m\u00eame Parlement que celui \u00e9lu en 1936 avec le Front Populaire \u2013 petit rappel historique innocent).<\/p>\n<p>Cette loi symbolise \u00e0 elle seule tout le corpus juridique qui accompagne la violente r\u00e9action de l\u2019extr\u00eame-droite fran\u00e7aise arriv\u00e9e au pouvoir dans les fourgons de la Wehrmacht, r\u00e9action appel\u00e9e \u00ab R\u00e9volution nationale \u00bb.<\/p>\n<p>Cette Loi a donc fait couler beaucoup d\u2019encre et susciter de nombreux d\u00e9lires, malgr\u00e9 les excellentes \u00e9tudes juridiques et sociologiques sur son application (3).<\/p>\n<p>En r\u00e9alit\u00e9, il n&rsquo;y a pas eu UNE loi mais TROIS lois successives (4), ce qui montre \u00e0 quel point cette question est ancr\u00e9e dans le logiciel id\u00e9ologique de l\u2019extr\u00eame droite fran\u00e7aise :<\/p>\n<ul>\n<li>une Loi du 16 juillet 1940 (qui modifie l\u2019article 10 de la Loi du 10 ao\u00fbt 1927 relatif \u00e0 la d\u00e9ch\u00e9ance de la nationalit\u00e9 pour les personnes \u00e9trang\u00e8res ayant acquis la nationalit\u00e9 fran\u00e7aise),<\/li>\n<li>une Loi du 22 juillet qui pr\u00e9voit de \u00ab\u00a0r\u00e9viser r\u00e9troactivement\u00a0\u00bb les naturalisations intervenues entre 1927 et 1940,<\/li>\n<li>et enfin une Loi du 23 juillet 1940 qui pr\u00e9voit la d\u00e9ch\u00e9ance de la nationalit\u00e9 pour les Fran\u00e7ais ayant quitt\u00e9 le pays sans ordre de mission (en fait les Fran\u00e7ais Libres, et c&rsquo;est sur son fondement que le G\u00e9n\u00e9ral de Gaulle sera d\u00e9chu de sa nationalit\u00e9 par d\u00e9cret du 8 d\u00e9cembre 1940).<\/li>\n<\/ul>\n<p><a href=\"http:\/\/www.pauljorion.com\/blog\/wp-content\/uploads\/De-Gaulle.jpg\" rel=\"attachment wp-att-81277\"><img loading=\"lazy\" decoding=\"async\" class=\"alignleft size-full wp-image-81277\" src=\"http:\/\/www.pauljorion.com\/blog\/wp-content\/uploads\/De-Gaulle.jpg\" alt=\"De Gaulle\" width=\"1285\" height=\"1691\" \/><\/a><\/p>\n<p>Pour parfaire le tableau de sinistre m\u00e9moire pour tout juriste, pr\u00e9cisons que ces Lois ont \u00e9t\u00e9 r\u00e9dig\u00e9es pour modifier de mani\u00e8re r\u00e9troactive la situation des personnes qui pouvaient devenir apatrides d&rsquo;un simple trait de plume, et que les pertes de nationalit\u00e9 d\u00e9cid\u00e9es pouvaient \u00eatre \u00e9tendues aux \u00e9pouses et enfants de la personne d\u00e9chue. On le voit, quand l&rsquo;extr\u00eame-droite a \u00ab\u00a0carte blanche\u00a0\u00bb, elle ne m\u00e9gote jamais sur le sordide.<\/p>\n<p>Une fois ces mesures vot\u00e9es, les d\u00e9ch\u00e9ances commencent. Elles font l\u2019objet d\u2019une proc\u00e9dure complexe mise en \u0153uvre jusqu\u2019en 1944. C\u2019est la Commission de r\u00e9vision des naturalisations qui statue sur chaque cas. Elle est form\u00e9e de 10 membres nomm\u00e9s par le gouvernement et pr\u00e9sid\u00e9e par un Conseiller d\u2019Etat (5).<\/p>\n<p>Pendant 4 ans, cette commission va exclure de la communaut\u00e9 des Fran\u00e7ais des personnes, dont les noms sont publi\u00e9s au Journal Officiel chaque semaine. Contrairement \u00e0 ce qui est annonc\u00e9 dans la Loi du 22 juillet 1940, la \u00ab r\u00e9vision \u00bb ne se limite pas aux naturalisations et va s\u2019\u00e9tendre \u00e0 tous les modes d\u2019acquisition de la nationalit\u00e9. En th\u00e9orie, plus de 900.000 personnes sont concern\u00e9es entre 1927 et 1940, et le faible nombre de personnes qui vont se voir retirer la nationalit\u00e9 &#8211; 15 154 personnes au total (6) &#8211; ne doit pas masquer que pr\u00e8s de 45 % sont juifs et seront livr\u00e9s (avec femmes et enfants) \u00e0 la d\u00e9portation du seul fait de la perte de leur qualit\u00e9 de Fran\u00e7ais.<\/p>\n<p>Logiquement, le gouvernement provisoire de la R\u00e9publique abroge ces dispositions, assez rapidement pour les d\u00e9ch\u00e9ances qui frappent les Fran\u00e7ais libres (Ordonnance du 18 avril 1943 \u00e0 Alger donc), puis celles relatives aux r\u00e9visions des naturalisations (Ordonnance du 24 mai 1944).<\/p>\n<p>Les dispositions de la Loi du 16 juillet 1940 relatives \u00e0 la proc\u00e9dure de d\u00e9ch\u00e9ance de la nationalit\u00e9 pour les Fran\u00e7ais naturalis\u00e9s r\u00e9cemment, resteront en vigueur jusqu\u2019\u00e0 l\u2019adoption du code de la nationalit\u00e9 (ordonnance du 19 octobre 1945).<\/p>\n<p>Mais le choc li\u00e9 \u00e0 ces pratiques criminelles et totalement contraires aux principes fondateurs de la R\u00e9publique est tel qu\u2019en 1945 le nouveau l\u00e9gislateur choisira un autre dispositif pour sanctionner les \u00ab mauvais Fran\u00e7ais \u00bb (les collaborateurs) qui par leur action se sont rendus indignes de faire partie de la communaut\u00e9 nationale : ce sera l\u2019indignit\u00e9 nationale, sanction lourde privative de tous les droits civiques et personnels, qui sera appliqu\u00e9e par des juridictions d\u2019exception (7).<\/p>\n<p>Il s\u2019agit d\u2019un r\u00e9gime particulier instaur\u00e9 par une ordonnance du 26 ao\u00fbt 1944 (juste apr\u00e8s la Lib\u00e9ration de Paris) qui va poser de nombreux probl\u00e8mes pratiques, mais sera fond\u00e9e sur un principe : \u00e9carter les personnes jug\u00e9es indignes de participer \u00e0 la reconstruction nationale de la France, sans pour autant les exclure de la communaut\u00e9 nationale.<\/p>\n<p>Ce r\u00e9gime de l\u2019indignit\u00e9 nationale, limit\u00e9 dans le temps et destin\u00e9 \u00e0 r\u00e9pondre \u00e0 un contexte particulier a \u00e9t\u00e9 rapidement abandonn\u00e9, compte tenu de ses difficult\u00e9s pratiques.<\/p>\n<p><strong><em>Le projet du gouvernement Valls :<\/em><\/strong><\/p>\n<p>C\u2019est donc dans un contexte symbolique et historique particuli\u00e8rement lourd, et absolument pas ma\u00eetris\u00e9, que le gouvernement entend aujourd\u2019hui ins\u00e9rer dans la Constitution la possibilit\u00e9 de d\u00e9choir de la nationalit\u00e9 fran\u00e7aise des personnes n\u00e9es fran\u00e7aises.<\/p>\n<p>L\u2019article 2 du projet constitutionnel veut modifier l\u2019article 34 de la mani\u00e8re suivante :<\/p>\n<ul>\n<li>En ins\u00e9rant apr\u00e8s le mot \u00ab\u00a0nationalit\u00e9\u00a0\u00bb, les termes suivants : \u00ab <em>y compris les conditions dans lesquelles une personne n\u00e9e fran\u00e7aise qui d\u00e9tient une autre nationalit\u00e9 peut \u00eatre d\u00e9chue de la nationalit\u00e9 fran\u00e7aise lorsqu\u2019elle est condamn\u00e9e pour un crime constituant une atteinte grave \u00e0 la vie de la Nation<\/em>\u00a0\u00bb<\/li>\n<li>Et en ins\u00e9rant un autre tiret s\u00e9par\u00e9 \u00ab <em>l\u2019\u00e9tat et la capacit\u00e9 des personnes, les r\u00e9gimes matrimoniaux, les successions et lib\u00e9ralit\u00e9s <\/em>\u00bb.<\/li>\n<\/ul>\n<p>Le motif invoqu\u00e9 est que la jurisprudence actuelle du Conseil constitutionnel ne permet pas de retirer par une loi la nationalit\u00e9 \u00e0 une personne qui n\u2019entre pas dans les conditions de l\u2019article 25 du code civil, et notamment une personne n\u00e9e fran\u00e7aise.<\/p>\n<p>Et l&rsquo;adoption d&rsquo;une simple loi r\u00e9formant les articles 25 et 25-1 du code civil serait jug\u00e9e inconstitutionnelle pour deux raisons :<\/p>\n<p>d\u2019abord le gouvernement consid\u00e8re qu\u2019il existe un \u00ab <em>principe fondamental reconnu par les lois de la R\u00e9publique relatif \u00e0 l\u2019absence de possibilit\u00e9 de d\u00e9ch\u00e9ance de nationalit\u00e9 pour une personne n\u00e9e fran\u00e7aise m\u00eame si elle poss\u00e8de une autre nationalit\u00e9 <\/em>\u00bb (il n&rsquo;a pas encore \u00e9t\u00e9 \u00e9nonc\u00e9 par le Conseil constitutionnel mais il est vrai que tout est r\u00e9uni pour qu&rsquo;\u00e0 la premi\u00e8re occasion, il devienne r\u00e9alit\u00e9),<\/p>\n<p>et ensuite parce que dans une d\u00e9cision r\u00e9cente (n\u00b0 2015-439 QPC du 23 janvier 2015), le Conseil constitutionnel a exig\u00e9 qu\u2019une Loi qui touche \u00e0 la nationalit\u00e9 ne porte pas \u00ab <em>atteinte \u00e0 une situation l\u00e9galement acquise<\/em> \u00bb.<\/p>\n<p>Pour le gouvernement, la d\u00e9ch\u00e9ance de la nationalit\u00e9 d\u2019origine \u00ab <em>constitue une atteinte \u00e0 une situation l\u00e9galement acquise <\/em>\u00bb. Il ajoute que la \u00ab <em>nationalit\u00e9 fran\u00e7aise attribu\u00e9e d\u00e8s la naissance conf\u00e8re en effet \u00e0 son titulaire des droits fondamentaux dont la privation par le l\u00e9gislateur ordinaire pourrait \u00eatre regard\u00e9e comme une atteinte exc\u00e9dant ce qu\u2019autorise la Constitution<\/em> \u00bb, ce qui n\u00e9cessite donc de modifier la Constitution pour permettre de forcer le Conseil constitutionnel \u00e0 modifier sa jurisprudence.<\/p>\n<p>Et pourquoi forcer une \u00e9ventuelle r\u00e9sistance du Conseil constitutionnel (qui ne s\u2019est pourtant pas montr\u00e9 tr\u00e8s r\u00e9sistant jusque-l\u00e0) ?<\/p>\n<p>Parce que la d\u00e9ch\u00e9ance de la nationalit\u00e9 permet pour le gouvernement de \u00ab <em>renforcer la protection de la soci\u00e9t\u00e9 fran\u00e7aise, en permettant notamment de proc\u00e9der \u00e0 l\u2019\u00e9loignement durable du territoire de la R\u00e9publique, par la voie de l\u2019expulsion, des personnes dont le caract\u00e8re dangereux est av\u00e9r\u00e9 par la condamnation d\u00e9finitive dont elles ont fait l\u2019objet et \u00e0 interdire leur retour sur le territoire <\/em>\u00bb.<\/p>\n<p>Voil\u00e0 la r\u00e9alit\u00e9 de tout le projet : permettre la r\u00e9surgence juridique \u00ab\u00a0modernis\u00e9e\u00a0\u00bb de l\u2019exil des personnes ind\u00e9sirables.<\/p>\n<p>Nous n\u2019\u00e9piloguerons pas sur les promesses du gouvernement selon lesquelles \u00ab <em>seules les infractions criminelles les plus graves peuvent justifier une sanction telle que la d\u00e9ch\u00e9ance de nationalit\u00e9 prononc\u00e9e \u00e0 l\u2019encontre de Fran\u00e7ais de naissance<\/em> \u00bb puisqu\u2019il appartiendra \u00e0 la Loi de les fixer, et que rien n\u2019interdit \u00e0 ce que d\u2019\u00e9ventuelles r\u00e9formes l\u00e9gislatives n\u2019en \u00e9largissent l\u2019application.<\/p>\n<p>Pr\u00e9cisons que c&rsquo;est d&rsquo;ores et d\u00e9j\u00e0 le projet du Front national qui tr\u00e9pigne d&rsquo;impatience d&rsquo;\u00e9largir le champ des d\u00e9ch\u00e9ances de nationalit\u00e9, d\u00e8s qu&rsquo;il arrivera au pouvoir, en profitant du nouveau cadre juridique obligeamment instaur\u00e9 par le gouvernement actuel, comme le montre la d\u00e9claration de ce matin ci-dessous (8).<\/p>\n<p><a href=\"http:\/\/www.pauljorion.com\/blog\/wp-content\/uploads\/philippot.jpg\" rel=\"attachment wp-att-81276\"><img loading=\"lazy\" decoding=\"async\" class=\"alignleft size-full wp-image-81276\" src=\"http:\/\/www.pauljorion.com\/blog\/wp-content\/uploads\/philippot.jpg\" alt=\"philippot\" width=\"1500\" height=\"833\" \/><\/a><\/p>\n<p><strong><em>Les critiques juridiques de cette mesure :<\/em><\/strong><\/p>\n<p>Ce projet souffre de plusieurs critiques qui suffiraient \u00e0 en d\u00e9montrer l\u2019inutilit\u00e9 et l\u2019inanit\u00e9, sans besoin de faire appel aux m\u00e2nes et h\u00e9ros de la R\u00e9publique outrag\u00e9e.<\/p>\n<p>D\u2019abord, l\u2019argument sur la constitutionnalisation de la d\u00e9ch\u00e9ance est assez faible puisqu\u2019il appartient au l\u00e9gislateur de fixer les r\u00e8gles relatives \u00e0 la nationalit\u00e9. Et si ces r\u00e8gles doivent s\u2019ins\u00e9rer dans le cadre des principes fondamentaux reconnus par les Lois de la R\u00e9publique, qui ont une valeur constitutionnelle, c\u2019est justement parce qu\u2019il n\u2019est normalement pas <em>n\u00e9cessaire<\/em> de les inscrire dans la Constitution.<\/p>\n<p>De plus, et comme pour la constitutionnalisation de l&rsquo;\u00e9tat d&rsquo;urgence (voir le <a href=\"http:\/\/www.pauljorion.com\/blog\/2015\/12\/27\/lanalyse-du-projet-de-revision-constitutionnelle-letat-durgence-1\/\" target=\"_blank\">billet pr\u00e9c\u00e9dent<\/a>), le projet de loi constitutionnelle est fait de telle mani\u00e8re qu&rsquo;il est impossible au gouvernement qui l&rsquo;a con\u00e7u et entend le d\u00e9fendre de plaider la bonne foi.<\/p>\n<p>Car la r\u00e9forme n&rsquo;\u00e9largit pas simplement la possibilit\u00e9 de d\u00e9ch\u00e9ance de nationalit\u00e9 aux personnes n\u00e9es fran\u00e7aises, <strong><u>elle sort la nationalit\u00e9 du droit civil pour en faire un domaine l\u00e9gislatif autonome et m\u00eame mis en valeur<\/u><\/strong>.<\/p>\n<p>Tr\u00e8s concr\u00e8tement, la nationalit\u00e9 n\u2019est plus une des mati\u00e8res qui rel\u00e8vent de la Loi, mais un domaine autonome de comp\u00e9tence l\u00e9gislative, b\u00e9n\u00e9ficiant donc d&rsquo;un tiret particulier. Et ce changement n&rsquo;est pas que symbolique puisqu\u2019il revient sur la r\u00e9forme de 1993 qui avait abrog\u00e9 le code de la nationalit\u00e9 pour justement le r\u00e9introduire dans le code civil.<\/p>\n<p>La nationalit\u00e9 n\u2019est qu\u2019un des attributs de la personne, et il n\u2019y a aucune raison d\u2019en faire un domaine autonome du reste du droit civil.<\/p>\n<p>En proc\u00e9dant ainsi, en mettant \u00e0 ce point en valeur la nationalit\u00e9 dans la Constitution, le gouvernement constitutionnalise le logiciel id\u00e9ologique de l\u2019extr\u00eame-droite, qui fait des questions de nationalit\u00e9 (et de \u00ab\u00a0bons\u00a0\u00bb ou \u00ab\u00a0mauvais\u00a0\u00bb Fran\u00e7ais) le c\u0153ur de son action politique !<\/p>\n<p>Ce changement de tiret, inutile techniquement (l&rsquo;ajout pouvait se faire sans modifier le nombre des tirets, par une insertion entre virgules), est donc une formidable victoire id\u00e9ologique, politique et juridique de l\u2019extr\u00eame-droite qui voit consacr\u00e9e dans la Constitution sa fixation d\u00e9lirante sur la nationalit\u00e9, d\u00e9finie comme l\u2019alpha et l\u2019om\u00e9ga de la personne (alors qu&rsquo;un minimum d&rsquo;honn\u00eatet\u00e9 intellectuelle suffit pour constater que, m\u00eame de nos jours, la majorit\u00e9 des Fran\u00e7ais n\u2019a pas choisi d\u2019\u00eatre fran\u00e7ais).<\/p>\n<p><strong><em>Les critiques techniques de la d\u00e9ch\u00e9ance de nationalit\u00e9 :<\/em><\/strong><\/p>\n<p>Cette d\u00e9ch\u00e9ance de nationalit\u00e9, con\u00e7ue pour augmenter la s\u00e9curit\u00e9 de la Nation, souffre aussi de critiques techniques quant \u00e0 son efficacit\u00e9.<\/p>\n<p>De fait, il n&rsquo;\u00e9chappera \u00e0 personne \u2013 \u00e0 part Messieurs Hollande et Valls manifestement &#8211; que cette mesure est inutile contre des personnes coupables d\u2019actes terroristes jihadistes. Les terroristes rejettent d\u00e9j\u00e0 toute appartenance \u00e0 la France, \u00ab pays de m\u00e9cr\u00e9ance (kufr)\u00bb. Donc la menace d&rsquo;une d\u00e9ch\u00e9ance d\u2019une nationalit\u00e9 \u00ab kafir \u00bb ne sera d&rsquo;aucun effet dissuasif pour des personnes endoctrin\u00e9es dans l\u2019id\u00e9ologie jihadiste (en revanche elle les fait beaucoup rire, au point que l&rsquo;on se prend \u00e0 douter que notre Premier ministre tente \u00e0 leur encontre la strat\u00e9gie dite \u00ab\u00a0de la dent de requin\u00a0\u00bb \u2013 les amateurs de Kaamelott comprendront).<\/p>\n<p>Et la possibilit\u00e9 de les expulser du territoire n\u2019est pas non plus un argument s\u00e9rieux, d\u00e8s lors que les jihadistes circulent sous de faux papiers et que les moyens de d\u00e9tection et de contr\u00f4le sont notoirement insuffisants (mais c&rsquo;est tellement plus dr\u00f4le de d\u00e9penser l&rsquo;argent public pour modifier la Constitution).<\/p>\n<p>Combien de jihadistes fich\u00e9s et rep\u00e9r\u00e9s, voire expuls\u00e9s, circulent-ils librement en Europe et en France ?<\/p>\n<p>Il suffit de se pencher sur les parcours des auteurs des attentats du 13 novembre pour r\u00e9aliser \u00e0 quel point l\u2019expulsion d\u2019un jihadiste condamn\u00e9 et d\u00e9chu de sa nationalit\u00e9 fran\u00e7aise ne renforcera rien du tout.<\/p>\n<p>Mais cette mesure pose aussi des probl\u00e8mes techniques : il n\u2019est pas possible de faire d\u2019un jihadiste d\u00e9chu de sa nationalit\u00e9 fran\u00e7aise un apatride. Cela suppose donc qu\u2019il conserve une autre nationalit\u00e9 (et qu\u2019il soit ni-national). Que va-t-il se passer s\u2019il est aussi d\u00e9chu de son autre nationalit\u00e9 ?<\/p>\n<p>Va-t-il pouvoir faire annuler sa d\u00e9ch\u00e9ance ? Dans quels d\u00e9lais ? Et avec quelles cons\u00e9quences juridiques pour ses droits patrimoniaux ?<\/p>\n<p>Et quid de sa famille rest\u00e9e en France ? Aura-t-il un droit de visite ?<\/p>\n<p>Le plus grotesque de la mesure est que gr\u00e2ce \u00e0 sa d\u00e9ch\u00e9ance, le terroriste dangereux qui n&rsquo;est plus Fran\u00e7ais \u00e9chappera \u00e0 nos juridictions : il ne pourra plus se voir interdire de rejoindre les zones jihadistes, ni se voir soumettre \u00e0 tout contr\u00f4le et toute mesure de coercition (comme par exemple l\u2019interdiction de sortie du territoire).<\/p>\n<p>Et s\u2019il est \u00e0 l\u2019\u00e9tranger il ne sera plus possible de solliciter son extradition vers la France s&rsquo;il est arr\u00eat\u00e9 \u00e0 l&rsquo;\u00e9tranger et qu&rsquo;il int\u00e9resse \u00e0 nouveau nos Services.<\/p>\n<p>C&rsquo;est ainsi que la Justice et la Police devront apprendre \u00e0 se passer de tout terroriste dangereux, anciennement Fran\u00e7ais mais d\u00e9chu. Or, les cycles de vie et d\u2019action des r\u00e9seaux jihadistes montrent que la lutte antiterroriste doit s\u2019inscrire sur un temps long, voire tr\u00e8s long, et que les m\u00eames personnages cl\u00e9s se retrouvent r\u00e9guli\u00e8rement au cours des enqu\u00eates. On comprend mieux l&rsquo;\u00e9moi des Juges antiterroristes, qui sont compl\u00e8tement oppos\u00e9es \u00e0 cette mesure.<\/p>\n<p>Enfin, il reste le cas \u00e9ventuel d&rsquo;un terroriste jihadiste n\u00e9 Fran\u00e7ais, condamn\u00e9 par contumace et d\u00e9chu de sa nationalit\u00e9, qui \u00e9chappera ainsi d\u00e9finitivement \u00e0 sa peine, son extradition vers la France n&rsquo;\u00e9tant plus automatique comme elle l&rsquo;aurait \u00e9t\u00e9 s&rsquo;il \u00e9tait \u00ab\u00a0rest\u00e9\u00a0\u00bb Fran\u00e7ais\u2026<\/p>\n<p>Bien que ce cas reste th\u00e9orique (nul ne peut savoir si la future loi qui sera adopt\u00e9e apr\u00e8s la r\u00e9forme de la Constitution pr\u00e9voira une telle d\u00e9ch\u00e9ance pour des condamnations par contumace), il illustre le ridicule d&rsquo;une mesure techniquement inefficace.<\/p>\n<p><strong><em>Eloigner une menace ne renforce pas la s\u00e9curit\u00e9 :<\/em><\/strong><\/p>\n<p>C&rsquo;est ainsi que l\u2019\u00e9loignement du territoire d\u2019\u00e9l\u00e9ments dangereux ayant purg\u00e9 leur peine, ne renforce pas \u00ab\u00a0la s\u00e9curit\u00e9 de la Nation\u00a0\u00bb, malgr\u00e9 les affirmations du gouvernement, qui montre l\u00e0 une (nouvelle) preuve de sa grave m\u00e9connaissance de la mani\u00e8re dont fonctionne le contre-terrorisme.<\/p>\n<p>R\u00e9former le suivi des condamn\u00e9s en fin de peine, lorsque leur dangerosit\u00e9 est av\u00e9r\u00e9e, ou simplement allouer les moyens humains et financiers n\u00e9cessaires au suivi de ces condamn\u00e9s dans le cadre des dispositifs d\u00e9j\u00e0 existants (qu\u2019il s\u2019agisse de r\u00e9insertion, de d\u00e9radicalisation ou de surveillance), voil\u00e0 ce qui renforcerait r\u00e9ellement la s\u00e9curit\u00e9 nationale.<\/p>\n<p>Au lieu de cela, le gouvernement ne propose rien de moins que d\u2019expulser des individus dangereux, soit vers des pays o\u00f9 ils seront tortur\u00e9s et manipul\u00e9s par les services de s\u00e9curit\u00e9 de dictatures (ce qui ne fera qu\u2019affaiblir encore notre position face \u00e0 la propagande jihadiste qui d\u00e9nonce nos \u00ab doubles discours \u00bb sur la d\u00e9mocratie et les droits de l\u2019homme), soit vers des pays \u00ab sanctuaires \u00bb o\u00f9 ils pourront organiser en toute impunit\u00e9, et loin des capacit\u00e9s d\u2019action et de surveillance de nos services, de nouveaux attentats.<\/p>\n<p>Plus un individu qui a purg\u00e9 sa peine est dangereux et plus vous avez int\u00e9r\u00eat \u00e0 le garder sous une surveillance \u00e9troite au plus pr\u00e8s de vos moyens de renseignement. Voil\u00e0 une r\u00e8gle de base du contre-terrorisme qui est all\u00e8grement bafou\u00e9e par cette r\u00e9forme constitutionnelle qui n\u2019a en r\u00e9alit\u00e9 aucune justification technique rationnelle.<\/p>\n<p>En pratique, et selon la loi vot\u00e9e apr\u00e8s la r\u00e9forme de notre Constitution, soit la d\u00e9ch\u00e9ance de nationalit\u00e9 sera appliqu\u00e9e sur une grande \u00e9chelle, et ses effets positifs attendus seront annul\u00e9s par les effets n\u00e9gatifs pour la s\u00e9curit\u00e9 de la Nation, soit elle sera r\u00e9duite \u00e0 un ou deux cas annuels, ce qui n\u2019aura donc aucun effet.<\/p>\n<p>Or dans l&rsquo;intervalle, cette mesure aura scell\u00e9 un d\u00e9sastre symbolique et politique majeur pour la lutte contre le terrorisme que nous menons.<\/p>\n<p><strong><em>Un d\u00e9sastre symbolique et politique majeur :<\/em><\/strong><\/p>\n<p>L&rsquo;ampleur des r\u00e9actions n\u00e9gatives que ce projet (loin d&rsquo;\u00eatre toujours bien argument\u00e9es) g\u00e9n\u00e8re montre qu&rsquo;il est d\u00e9sastreux sur le plan symbolique.<\/p>\n<p>La d\u00e9ch\u00e9ance de nationalit\u00e9 renie les valeurs fondamentales qui font la sp\u00e9cificit\u00e9 de la France.<\/p>\n<p>Le plus \u00e9tonnant est que le gouvernement ne craint pas de proclamer dans la motivation de son projet que \u00ab <em>La d\u00e9mocratie ne combat pas ceux qui nient ses valeurs en y renon\u00e7ant<\/em> \u00bb. Or il fait ensuite l\u2019inverse en reniant toute prudence dans les attentes aux droits, les principes fondamentaux des lois de la R\u00e9publique et sa propre parole publique (puisque ce projet avait \u00e9t\u00e9 envisag\u00e9 en 2010 (9), et avait \u00e9t\u00e9 alors fortement critiqu\u00e9 par les m\u00eames qui le d\u00e9fendent aujourd\u2019hui).<\/p>\n<p>En souhaitant retirer leur nationalit\u00e9 \u00e0 des Fran\u00e7ais de naissance, le gouvernement se place bien \u00e9videmment dans la continuit\u00e9 des Lois adopt\u00e9es sous Vichy en 1940. Bien \u00e9videmment, les conditions et les garanties de la mesure envisag\u00e9e en 2015 sont diff\u00e9rentes de celles de 1940 (notamment l\u2019interdiction de cr\u00e9er des apatrides).<\/p>\n<p>Mais ce constat est une r\u00e9alit\u00e9 historique incontestable : il n\u2019y a eu qu\u2019un seul moment dans l\u2019histoire de France, o\u00f9 un l\u00e9gislateur a remis en cause une nationalit\u00e9 acquise par la naissance, et le droit du sol qui la fonde, et c&rsquo;est en 1940\u2026<\/p>\n<p>Le symbole est donc d\u00e9sastreux, et il est particuli\u00e8rement surprenant que le gouvernement, pourtant dot\u00e9 d\u2019une pl\u00e9thore de conseillers en communication, en marketing ou en image, n\u2019ait pas r\u00e9alis\u00e9 \u00e0 quel point la dimension symbolique de ce projet allait \u00eatre n\u00e9faste \u00e0 tout le pays.<\/p>\n<p>La non ma\u00eetrise des symboles par nos dirigeants choque, surtout quand on la compare avec la ma\u00eetrise de la symbolique des actions des dirigeants jihadistes (date, cible, moyens, discours\u2026 tout est ma\u00eetris\u00e9 chez eux).<\/p>\n<p>Mais la critique politique de cette mesure ne peut se limiter \u00e0 une esp\u00e8ce de \u00ab point Godwin \u00bb disqualifiant, et il faut aller au-del\u00e0 de la seule r\u00e9f\u00e9rence \u00e0 Vichy.<\/p>\n<p>En r\u00e9alit\u00e9, la d\u00e9ch\u00e9ance de la nationalit\u00e9 est un d\u00e9sastreux aveu de faiblesse politique, et un renoncement \u00e0 lutter contre la propagande et l\u2019id\u00e9ologie jihadistes.<\/p>\n<p>Ce renoncement est d\u2019abord celui de la politisation de la sanction.<\/p>\n<p>Le terrorisme jihadiste met en danger nos Soci\u00e9t\u00e9s, seulement parce que nous l\u2019acceptons. Les attentats terroristes, aussi terribles soient-ils, ne sont ni irr\u00e9sistibles, ni d\u2019une ampleur telle que nos Soci\u00e9t\u00e9s soient mortellement menac\u00e9es sur le terrain.<\/p>\n<p>Certes les pertes et les drames humains caus\u00e9s par chaque attentat sont terribles, mais \u00e0 aucun moment nos soci\u00e9t\u00e9s d\u00e9velopp\u00e9es ne devraient \u00eatre d\u00e9stabilis\u00e9es par les coups port\u00e9s par les terroristes.<\/p>\n<p>En fait, c&rsquo;est la r\u00e9ponse apport\u00e9e par nos dirigeants depuis plus de 10 ans au terrorisme jihadiste, qui d\u00e9cuple la puissance de chaque attaque. En politisant la r\u00e9ponse p\u00e9nale \u00e0 ces crimes terroristes, nos gouvernements augmentent leurs effets et leurs conf\u00e8rent une importance largement sup\u00e9rieure \u00e0 la r\u00e9alit\u00e9 des dommages caus\u00e9s.<\/p>\n<p>Pour s&rsquo;en rendre compte, il suffit de comparer la r\u00e9ponse actuelle au terrorisme jihadiste avec celle oppos\u00e9e par la classe politique de la III<sup>\u00e8me<\/sup> R\u00e9publique (10).<\/p>\n<p>Prenons du recul quelques instants : pour r\u00e9pondre \u00e0 une attaque sanglante et dramatique (mais \u00e9vitable), de 9 terroristes fanatis\u00e9s, notre gouvernement n&rsquo;a rien de mieux \u00e0 proposer que de changer notre Constitution !<\/p>\n<p>On comprend l&rsquo;\u00e9norme jubilation des commanditaires de ces attaques, qui n\u2019en sont que plus motiv\u00e9s \u00e0 continuer \u00e0 pr\u00e9parer contre nous de nouvelles op\u00e9rations criminelles.<\/p>\n<p>Mais pire encore que la disproportion et l\u2019absence de r\u00e9silience que montre ce projet con\u00e7u en r\u00e9action \u00e0 un attentat, il y a l\u2019aveu de faiblesse et de d\u00e9faite que rec\u00e8le cette d\u00e9ch\u00e9ance de nationalit\u00e9.<\/p>\n<p>Incapable de pouvoir lutter face \u00e0 l\u2019id\u00e9ologie et l\u2019endoctrinement jihadistes, notre Soci\u00e9t\u00e9 ne saurait donc qu\u2019exclure et expulser les auteurs et complices d&rsquo;attentats.<\/p>\n<p>Sommes-nous donc d\u00e9pourvus de moyens de contrer une radicalisation qui n\u2019est ni une maladie incurable, ni un processus irr\u00e9versible ? (11)<\/p>\n<p>Nos valeurs, nos modes de vie, les perspectives d\u2019avenir que nous offrons \u00e0 la jeunesse, sont-ils si d\u00e9testables que nous ne puissions esp\u00e9rer concurrencer ceux offerts par la propagande grossi\u00e8re d&rsquo;un \u00c9tat islamique totalitaire et invivable ?<\/p>\n<p>En r\u00e9alit\u00e9, exclure de la Nation, ses membres devenus jihadistes est le signe d\u2019un refus de r\u00e9pondre au d\u00e9fi que le jihadisme pose \u00e0 notre pays, et c\u2019est laisser le champ libre \u00e0 la propagande d\u2019une id\u00e9ologie totalitaire et extr\u00e9miste dont l\u2019absence d\u2019avenir est masqu\u00e9 par l\u2019ultra-violence et le caract\u00e8re suicidaire.<\/p>\n<p>La d\u00e9ch\u00e9ance de la nationalit\u00e9 pr\u00e9vue dans le projet de loi constitutionnelle ne renforcera donc pas la s\u00e9curit\u00e9 du pays et constitue un d\u00e9sastre symbolique et politique qui comble au-del\u00e0 de leurs esp\u00e9rances les auteurs des attentats du 13 novembre.<\/p>\n<p><strong><em>Conclusion<\/em><\/strong><\/p>\n<p>La d\u00e9ch\u00e9ance de nationalit\u00e9 est donc la mesure qui attire le plus l\u2019attention alors que nous l\u2019avons vu, la constitutionnalisation de l\u2019\u00e9tat d\u2019urgence rec\u00e8le des dangers encore plus importants.<\/p>\n<p>Si l\u2019on devait se fonder sur une analyse rationnelle des risques des deux articles, ce devrait \u00eatre l\u2019article 1<sup>er<\/sup> qui devrait le plus mobiliser.<\/p>\n<p>En effet, si la d\u00e9ch\u00e9ance de nationalit\u00e9 montre un aveuglement \u00e0 toute dimension symbolique de l\u2019action politique, et un renoncement \u00e0 affronter une id\u00e9ologie monstrueuse, elle ne rec\u00e8le aucun des dangers directs sur le caract\u00e8re d\u00e9mocratique de notre r\u00e9gime, ni sur nos libert\u00e9s et droits fondamentaux, que fait peser l&rsquo;\u00e9tat d&rsquo;urgence, en instaurant un arbitraire des services de police et de s\u00e9curit\u00e9 dont l\u2019ampleur et la dur\u00e9e sont impr\u00e9visibles et sans garde-fous.<\/p>\n<p>Mais pr\u00e9senter comme une mesure de \u00ab coh\u00e9rence technique \u00bb, et camoufl\u00e9e par le toll\u00e9 g\u00e9n\u00e9r\u00e9 par l\u2019article 2, la constitutionnalisation de l\u2019\u00e9tat d\u2019urgence pr\u00e9vue dans l\u2019article 1 risque de ne pas soulever de grands d\u00e9bats lors de l\u2019examen par les deux Chambres.<\/p>\n<p>Et c\u2019est peut-\u00eatre la seule explication rationnelle de cet article 2, avanc\u00e9 par le Pr\u00e9sident de la R\u00e9publique dans l\u2019\u00e9motion et la panique qui ont saisi les plus hautes autorit\u00e9s du pays apr\u00e8s les attentats du 13 novembre, puis retir\u00e9 pour \u00eatre \u00e0 nouveau int\u00e9gr\u00e9 dans le projet de r\u00e9vision constitutionnelle.<\/p>\n<p>Mobiliser les esprits loin du vrai enjeu d&rsquo;une r\u00e9forme ouvertement liberticide, r\u00e9sulterait donc d\u2019un calcul politique \u00e0 plusieurs niveaux, qu\u2019il s\u2019agisse aussi de positionner le gouvernement pour la prochaine \u00e9ch\u00e9ance \u00e9lectorale de 2017.<\/p>\n<p>C\u2019est donc tout le projet de Loi constitutionnelle, tel qu\u2019il a \u00e9t\u00e9 pr\u00e9sent\u00e9 le 23 d\u00e9cembre 2015, et non seulement la d\u00e9ch\u00e9ance de nationalit\u00e9, qui doit \u00eatre combattu et refus\u00e9 par les citoyens soucieux de pr\u00e9server ce qui a fait la France, mais aussi par tous ceux qui refusent de renoncer et de s\u2019avouer vaincu face au d\u00e9fi que le terrorisme jihadiste nous pose et qu\u2019il nous appartient de relever et de vaincre.<\/p>\n<p>======================================<\/p>\n<p>(1) pour faire court (que les puristes me pardonnent les raccourcis simplificateurs), c&rsquo;est comme cela depuis la R\u00e9volution en r\u00e9action avec l\u2019arbitraire royal et l\u2019ins\u00e9curit\u00e9 des jurisprudences des Parlements.<\/p>\n<p>(2) <a href=\"http:\/\/www.legifrance.gouv.fr\/affichCode.do;jsessionid=AABE826A0C817EB19E34CCE24A6587EF.tpdila22v_1?idSectionTA=LEGISCTA000006150513&amp;cidTexte=LEGITEXT000006070721&amp;dateTexte=19960722\">http:\/\/www.legifrance.gouv.fr\/affichCode.do;jsessionid=AABE826A0C817EB19E34CCE24A6587EF.tpdila22v_1?idSectionTA=LEGISCTA000006150513&amp;cidTexte=LEGITEXT000006070721&amp;dateTexte=19960722<\/a> ;<\/p>\n<p>(3) Il faudrait m\u00eame y ajouter une Loi du 17 juillet 1940 sur l\u2019exclusion de la fonction publique de tous ceux qui ne poss\u00e8dent pas la nationalit\u00e9 fran\u00e7aise \u00ab <em>\u00e0 titre originaire, comme \u00e9tant n\u00e9s de p\u00e8re fran\u00e7ais <\/em>\u00bb.<\/p>\n<p>(4) voir par exemple l\u2019excellent travail historique de Bernard Laguerre, <em>les d\u00e9naturalis\u00e9s de Vichy, 1940-1944<\/em>, in Vingti\u00e8me si\u00e8cle, revue d\u2019histoire, n\u00b020, octobre-d\u00e9cembre 1988<\/p>\n<p><a href=\"http:\/\/www.persee.fr\/doc\/xxs_0294-1759_1988_num_20_1_2792\">http:\/\/www.persee.fr\/doc\/xxs_0294-1759_1988_num_20_1_2792<\/a> ;<\/p>\n<p>(5) assist\u00e9 d\u2019un magistrat de la Cour de cassation, de 4 magistrats de Cours d\u2019appel, d\u2019un repr\u00e9sentant du minist\u00e8re des Affaires \u00e9trang\u00e8res, du minist\u00e8re de l\u2019Int\u00e9rieur, du minist\u00e8re de la D\u00e9fense et du secr\u00e9taire d\u2019\u00c9tat \u00e0 la jeunesse et \u00e0 la famille (arr\u00eat\u00e9 du 31 juillet 1940) la commission sera compl\u00e9t\u00e9e par un Conseiller d\u2019\u00c9tat ou ma\u00eetre des Requ\u00eates (arr\u00eat\u00e9 du 22 ao\u00fbt 1940) puis d\u2019un repr\u00e9sentant du secr\u00e9tariat d\u2019\u00e9tat aux Colonies (arr\u00eat\u00e9 du 1<sup>er<\/sup> juin 1942).<\/p>\n<p>(6) En th\u00e9orie ce chiffre est bien plus \u00e9lev\u00e9 puisqu\u2019au 31 juillet 1943, pas moins de 17 964 dossiers de retraits de nationalit\u00e9 ont \u00e9t\u00e9 valid\u00e9s par la Commission, mais la parution des listes de noms dans le J.O. a pris de plus en plus de retard et explique qu\u2019en 1944, environ 25 \u00e0 30 % vont \u00e9chapper \u00e0 la mesure faute de publicit\u00e9.<\/p>\n<p>(7) avec les m\u00eames magistrats que pr\u00e9c\u00e8demment, rappelons que le procureur g\u00e9n\u00e9ral Andr\u00e9 Mornet qui requiert la peine de mort contre Pierre Laval et le mar\u00e9chal P\u00e9tain a si\u00e9g\u00e9 au sein de la Commission de r\u00e9vision des d\u00e9naturalisations.<\/p>\n<p>(8) <a href=\"https:\/\/twitter.com\/FN_officiel\/status\/681377372977926144?lang=fr\">https:\/\/twitter.com\/FN_officiel\/status\/681377372977926144?lang=fr<\/a><\/p>\n<p>(9) <a href=\"http:\/\/www.lemonde.fr\/politique\/article\/2010\/07\/30\/nicolas-sarkozy-met-la-decheance-de-nationalite-au-coeur-de-sa-politique-securitaire_1393949_823448.html\">http:\/\/www.lemonde.fr\/politique\/article\/2010\/07\/30\/nicolas-sarkozy-met-la-decheance-de-nationalite-au-coeur-de-sa-politique-securitaire_1393949_823448.html<\/a><\/p>\n<p>(10) il ne s\u2019agit pas d\u2019id\u00e9aliser les lois sc\u00e9l\u00e9rates organisant la r\u00e9pression p\u00e9nale du terrorisme anarchiste, mais de constater que malgr\u00e9 les attentats, les d\u00e9put\u00e9s refus\u00e8rent de cr\u00e9er un crime politique, et trait\u00e8rent les terroristes anarchistes comme des criminels de droit commun, refusant d\u2019en faire des martyrs politiques \u2013 voir sur le sujet plus large de la r\u00e9ponse l\u00e9gislative au terrorisme l\u2019excellent rapport du 25 mars 2015, sur l\u2019indignit\u00e9 nationale de M. Jean-Jacques URVOAS : <a href=\"http:\/\/www.assemblee-nationale.fr\/14\/rap-info\/i2677.asp#P312_109325\">http:\/\/www.assemblee-nationale.fr\/14\/rap-info\/i2677.asp#P312_109325<\/a><\/p>\n<p>(11) poser cette question c\u2019est d\u00e9j\u00e0 s\u2019interroger sur l\u2019efficacit\u00e9 des officines et des m\u00e9thodes de d\u00e9radicalisation actuelles, dont l\u2019efficacit\u00e9 est si faible que l\u2019on en vient \u00e0 douter de l\u2019existence m\u00eame en dehors des plateaux de TV.<\/p>\n","protected":false},"excerpt":{"rendered":"<blockquote>\n<p>Billet invit\u00e9. Ouvert aux commentaires.<\/p>\n<\/blockquote>\n<p>Apr\u00e8s avoir abord\u00e9 dans <a href=\"http:\/\/www.pauljorion.com\/blog\/2015\/12\/27\/lanalyse-du-projet-de-revision-constitutionnelle-letat-durgence-1\/\" target=\"_blank\">un premier billet<\/a> la constitutionnalisation de l\u2019\u00e9tat d\u2019urgence, nous analysons maintenant la seconde mesure pr\u00e9vue dans ce projet de r\u00e9vision constitutionnelle : la d\u00e9ch\u00e9ance de nationalit\u00e9.<\/p>\n","protected":false},"author":1,"featured_media":0,"comment_status":"open","ping_status":"closed","sticky":false,"template":"","format":"standard","meta":{"footnotes":""},"categories":[2597,276],"tags":[4637],"class_list":["post-81274","post","type-post","status-publish","format-standard","hentry","category-democratie-2","category-droit","tag-decheance-de-nationalite"],"_links":{"self":[{"href":"https:\/\/www.pauljorion.com\/blog\/wp-json\/wp\/v2\/posts\/81274","targetHints":{"allow":["GET"]}}],"collection":[{"href":"https:\/\/www.pauljorion.com\/blog\/wp-json\/wp\/v2\/posts"}],"about":[{"href":"https:\/\/www.pauljorion.com\/blog\/wp-json\/wp\/v2\/types\/post"}],"author":[{"embeddable":true,"href":"https:\/\/www.pauljorion.com\/blog\/wp-json\/wp\/v2\/users\/1"}],"replies":[{"embeddable":true,"href":"https:\/\/www.pauljorion.com\/blog\/wp-json\/wp\/v2\/comments?post=81274"}],"version-history":[{"count":14,"href":"https:\/\/www.pauljorion.com\/blog\/wp-json\/wp\/v2\/posts\/81274\/revisions"}],"predecessor-version":[{"id":81291,"href":"https:\/\/www.pauljorion.com\/blog\/wp-json\/wp\/v2\/posts\/81274\/revisions\/81291"}],"wp:attachment":[{"href":"https:\/\/www.pauljorion.com\/blog\/wp-json\/wp\/v2\/media?parent=81274"}],"wp:term":[{"taxonomy":"category","embeddable":true,"href":"https:\/\/www.pauljorion.com\/blog\/wp-json\/wp\/v2\/categories?post=81274"},{"taxonomy":"post_tag","embeddable":true,"href":"https:\/\/www.pauljorion.com\/blog\/wp-json\/wp\/v2\/tags?post=81274"}],"curies":[{"name":"wp","href":"https:\/\/api.w.org\/{rel}","templated":true}]}}