{"id":81606,"date":"2016-01-15T12:10:37","date_gmt":"2016-01-15T11:10:37","guid":{"rendered":"http:\/\/www.pauljorion.com\/blog\/?p=81606"},"modified":"2016-01-16T11:36:50","modified_gmt":"2016-01-16T10:36:50","slug":"ch4-et-h2o-boucle-de-retroaction-positive-quand-tu-nous-tiens-par-philippe-soubeyrand","status":"publish","type":"post","link":"https:\/\/www.pauljorion.com\/blog\/2016\/01\/15\/ch4-et-h2o-boucle-de-retroaction-positive-quand-tu-nous-tiens-par-philippe-soubeyrand\/","title":{"rendered":"CH<sub>4<\/sub> et H<sub>2<\/sub>O\u00a0: boucle de r\u00e9troaction positive, quand tu nous tiens\u00a0!, par Philippe Soubeyrand"},"content":{"rendered":"<blockquote><p>Billet invit\u00e9. Note de l&rsquo;auteur : une erreur de calcul nous a \u00e9t\u00e9 signal\u00e9e et vient d&rsquo;\u00eatre corrig\u00e9e au niveau de la fuite de m\u00e9thane en cours en Californie, ce qui ne change rien \u00e0 la gravit\u00e9 de la situation ; concernant les PRG et l&rsquo;interpr\u00e9tation que l&rsquo;on en a (2 semaines, 20 ans, 100 ans, 500 ans), un billet plus \u00e9tay\u00e9 est en cours de pr\u00e9paration au regard de l&rsquo;afflux des commentaires importants \u00e0 ce sujet. A suivre&#8230;<\/p><\/blockquote>\n<p>Nous avons pu constater tout au long de l&rsquo;ann\u00e9e 2015 que nous allions de surprise en surprise \u00e0 l&rsquo;approche d&rsquo;un \u00e9pisode El Ni\u00f1o 2015-2016 [1] qu&rsquo;aucun des mod\u00e8les math\u00e9matiques existants n&rsquo;a \u00e9t\u00e9 en mesure de pr\u00e9voir avec pr\u00e9cision \u00e0 un horizon d&rsquo;au moins 2 mois, voire plus. Nous \u00e9tions l\u00e0 lorsque l&rsquo;Antarctique adressait \u00e0 l&rsquo;Humanit\u00e9 un signal fort d\u00e8s le mois de juillet 2015, pourtant nous \u00e9tions incapables \u00e0 ce moment l\u00e0 d&rsquo;entrevoir le moindre lien avec ce ph\u00e9nom\u00e8ne oc\u00e9anique tout juste en cours de formation. Il aura fallu attendre la formation simultan\u00e9e de plusieurs temp\u00eates tropicales dans l&rsquo;est de l&rsquo;oc\u00e9an Pacifique pour comprendre que quelque chose de majeur \u00e9tait bel et bien en train de se produire dans cette r\u00e9gion du monde. Puis, lorsque l&rsquo;ouragan Patricia fut \u00e9valu\u00e9 de cat\u00e9gorie 5, l\u00e0 il nous paraissait \u00e9vident que nos probl\u00e8mes ne faisaient que commencer, tout cela sans compter l\u2019occurrence d&rsquo;une \u00e9ni\u00e8me catastrophe industrielle.<\/p>\n<p><!--more--><\/p>\n<p>A ce stade, la communaut\u00e9 scientifique tarde toujours \u00e0 reconna\u00eetre la dangerosit\u00e9 de l&rsquo;\u00e9pisode en cours et pr\u00e9f\u00e8re se r\u00e9fugier dans de vagues comparaisons avec l&rsquo;\u00e9pisode El Ni\u00f1o 1997-1998. A quoi bon observer et mesurer les choses dans ce cas si c&rsquo;est pour ne jamais prendre le moindre risque\u00a0? Il est en effet regrettable de constater que dans la communaut\u00e9 scientifique d&rsquo;aujourd&rsquo;hui, le mot surveillance rime beaucoup plus avec silence qu&rsquo;avec alerte\u00a0! Car pendant ce temps, l&rsquo;une apr\u00e8s l&rsquo;autre, les populations des r\u00e9gions du monde les plus expos\u00e9es aux risques d&rsquo;inondation, voire de submersion, se retrouvent trop souvent violemment prises au pi\u00e8ge d\u00e8s l&rsquo;arriv\u00e9e de nouvelles temp\u00eates. Aussi, partant du principe fondamental qu&rsquo;une vie n&rsquo;a pas de prix, cela signifie d&rsquo;ores et d\u00e9j\u00e0 que le retour social sur investissement (SRoI) de l&rsquo;ensemble de nos dispositifs scientifiques de surveillance, aussi organis\u00e9 et connect\u00e9 soit-il, est nul\u00a0! A partir de maintenant, nous pourrions m\u00eame consid\u00e9rer que nous \u00e9voluons d&rsquo;ores et d\u00e9j\u00e0 en terrain n\u00e9gatif&#8230; mais passons.<\/p>\n<p>Revenons plut\u00f4t au sujet qui nous int\u00e9resse aujourd&rsquo;hui\u00a0: les gaz \u00e0 effet de serre. Ils sont au nombre de 207 dans l&rsquo;inventaire qui est dress\u00e9 au sein du 5\u00e8me rapport du GIEC ayant servi lors des n\u00e9gociations de la COP21. Parmi ces gaz, certains, nous le savons d\u00e9j\u00e0, pr\u00e9sentent des potentiels de r\u00e9chauffement dus aux gaz \u00e0 effet de serre (PRG) tr\u00e8s \u00e9lev\u00e9s (\u00e0 plus de 10000) apr\u00e8s 100 ans pass\u00e9 dans l&rsquo;atmosph\u00e8re, le pire de tous \u00e9tant l&rsquo;hexafluorure de soufre (SF<sub>6<\/sub>) ayant un PRG de 23500 apr\u00e8s 100 ans pass\u00e9 dans l&rsquo;atmosph\u00e8re et une dur\u00e9e de vie de 3200 ans dans l&rsquo;atmosph\u00e8re\u00a0; le PRG signifiant ici qu&rsquo;1 kg de SF<sub>6<\/sub> pr\u00e9sente le m\u00eame potentiel de r\u00e9chauffement climatique que 23500 kg (ou 23,5 t) de dioxyde de carbone (CO<sub>2<\/sub>). Fort heureusement pour nous, ce ne sont pas ceux qui pr\u00e9sentent les plus fortes concentrations dans l&rsquo;atmosph\u00e8re. Il n&rsquo;en demeure pas moins que certains gaz au PRG bien plus faible, puissent pr\u00e9senter dans l&rsquo;imm\u00e9diat des risques bien plus importants du fait notamment de l&rsquo;augmentation de la masse nuageuse. Et c&rsquo;est le cas notamment du m\u00e9thane (CH<sub>4<\/sub>) dont le PRG est de 85 apr\u00e8s 20 ans pass\u00e9 dans l&rsquo;atmosph\u00e8re. En effet, il existe une r\u00e9action chimique qui depuis la dissociation photochimique de l&rsquo;ozone (O<sub>3<\/sub>) et de l&rsquo;eau (H<sub>2<\/sub>O) permet d&rsquo;oxyder le m\u00e9thane. Sauf que paradoxalement, une augmentation de la masse nuageuse conduit \u00e0 un blocage des flux de photons n\u00e9cessaires \u00e0 cette dissociation photochimique, et donc dans le m\u00eame temps \u00e0 un mauvais fonctionnement du puits de m\u00e9thane, ce gaz \u00e0 effet de serre restant ainsi plus longtemps dans l&rsquo;atmosph\u00e8re.<\/p>\n<p>Or, il ne nous aura sans doute pas \u00e9chapp\u00e9 qu&rsquo;une catastrophe industrielle sans pr\u00e9c\u00e9dent, due \u00e0 une fuite de m\u00e9thane, \u00e9tait actuellement en cours en Californie depuis le 23 octobre 2015 et devrait \u00eatre d\u00e9finitivement colmat\u00e9e courant mars 2016. On estime que plus de 80000 tonnes de m\u00e9thane se seraient d&rsquo;ores et d\u00e9j\u00e0 \u00e9chapp\u00e9es dans l&rsquo;atmosph\u00e8re, soit l&rsquo;\u00e9quivalent d&rsquo;au moins 6,8 Mt de dioxyde de carbone, c&rsquo;est \u00e0 dire de l&rsquo;ordre de 0.0125 % des \u00e9missions annuelles mondiales. Et ce n&rsquo;est h\u00e9las pas termin\u00e9. Une paille \u00e0 laquelle viennent s&rsquo;ajouter bien \u00e9videmment toutes les autres sources d&rsquo;\u00e9mission de m\u00e9thane du fait de nos activit\u00e9s anthropiques&#8230;<\/p>\n<p>De plus, qu&rsquo;observe-t-on dans le m\u00eame temps dans notre atmosph\u00e8re du fait de l&rsquo;\u00e9pisode El Ni\u00f1o 2015-2016 [1]\u00a0? Eh bien malheureusement une augmentation sans pr\u00e9c\u00e9dent de la quantit\u00e9 de vapeur d&rsquo;eau et donc de la masse nuageuse, soit la formation d&rsquo;une gigantesque boucle de r\u00e9troaction positive accentuant d&rsquo;autant le r\u00e9chauffement en cours par effet de serre, du fait notamment de l\u2019irradiation terrestre&#8230;<\/p>\n<p><a href=\"http:\/\/www.pauljorion.com\/blog\/wp-content\/uploads\/Fig1-RSS_WVAPD_1988-2014.png\" rel=\"attachment wp-att-81607\"><img loading=\"lazy\" decoding=\"async\" class=\"alignleft size-full wp-image-81607\" src=\"http:\/\/www.pauljorion.com\/blog\/wp-content\/uploads\/Fig1-RSS_WVAPD_1988-2014.png\" alt=\"Fig1-RSS_WVAPD_1988-2014\" width=\"700\" height=\"460\" \/><\/a><\/p>\n<p>Carte de l&rsquo;anomalie de quantit\u00e9 de vapeur d&rsquo;eau par d\u00e9cennie pour la p\u00e9riode 1988-2014 [2].<\/p>\n<p><a href=\"http:\/\/www.pauljorion.com\/blog\/wp-content\/uploads\/Fig2-RSS_WV_112015.png\" rel=\"attachment wp-att-81608\"><img loading=\"lazy\" decoding=\"async\" class=\"alignleft size-full wp-image-81608\" src=\"http:\/\/www.pauljorion.com\/blog\/wp-content\/uploads\/Fig2-RSS_WV_112015.png\" alt=\"Fig2-RSS_WV_112015\" width=\"700\" height=\"460\" \/><\/a><\/p>\n<p>Carte de l&rsquo;anomalie de quantit\u00e9 de vapeur d&rsquo;eau en novembre 2015 par rapport \u00e0 1988 [2].<\/p>\n<p>La moyenne de l&rsquo;anomalie de quantit\u00e9 de vapeur d&rsquo;eau due \u00e0 l&rsquo;\u00e9vaporation des oc\u00e9ans, qui ne d\u00e9passait jamais les 2 mm par m\u00e8tre carr\u00e9 et par ann\u00e9e depuis le d\u00e9but des mesures en 1988, 2 mm \u00e9tant le record d\u00e9tenu par l&rsquo;\u00e9pisode El Ni\u00f1o 1997-1998 pour l&rsquo;ensemble des latitudes situ\u00e9es autour de l&rsquo;\u00e9quateur entre les latitudes 20\u00b0N et 20\u00b0S, a litt\u00e9ralement doubl\u00e9 fin 2015 pour tendre vers 4 mm sous ces m\u00eames latitudes. Et il en va de m\u00eame sous nos latitudes o\u00f9 la moyenne de l&rsquo;anomalie de quantit\u00e9 de vapeur d&rsquo;eau, qui ne d\u00e9passait jamais le mm par m\u00e8tre carr\u00e9 et par ann\u00e9e depuis le d\u00e9but des mesures en 1988, s\u2019\u00e9tablissait \u00e0 2 mm fin 2015. C&rsquo;est dire la violence de l&rsquo;\u00e9pisode El Ni\u00f1o 2015-2016 toujours en cours dont la NOAA (National Oceanic and Atmospheric Administration) vient de retenir la moyenne sur trois mois de l&rsquo;anomalie de temp\u00e9rature de surface en El Ni\u00f1o 3.4 \u00e0 2,3\u00b0C pour le trimestre octobre-novembre-d\u00e9cembre 2015 par rapport \u00e0 1950. En cons\u00e9quence de quoi nous pouvons d\u00e8s maintenant craindre une saison 2016 de temp\u00eates tropicales extr\u00eamement agit\u00e9e.<\/p>\n<p>Ce n&rsquo;est donc pas un hasard si l&rsquo;on peut d&rsquo;ores et d\u00e9j\u00e0 observer d&rsquo;abord au beau milieu de l&rsquo;oc\u00e9an Pacifique puis, seulement 2 jours apr\u00e8s, au beau milieu de l&rsquo;oc\u00e9an Atlantique, les toutes premi\u00e8res temp\u00eates tropicales de l&rsquo;ann\u00e9e, ph\u00e9nom\u00e8nes tout \u00e0 fait inhabituels pour un mois de janvier\u00a0; en oc\u00e9an Atlantique il faut remonter \u00e0 1938 pour retrouver un cas de formation similaire&#8230;<\/p>\n<p><a href=\"http:\/\/www.pauljorion.com\/blog\/wp-content\/uploads\/Fig3-Pali_2016.png\" rel=\"attachment wp-att-81609\"><img loading=\"lazy\" decoding=\"async\" class=\"alignleft size-full wp-image-81609\" src=\"http:\/\/www.pauljorion.com\/blog\/wp-content\/uploads\/Fig3-Pali_2016.png\" alt=\"Fig3-Pali_2016\" width=\"700\" height=\"650\" \/><\/a><\/p>\n<p>Voici <em>Pali<\/em>, en oc\u00e9an Pacifique \u2013 Courtesy of the US Naval Research Laboratory.<\/p>\n<p><a href=\"http:\/\/www.pauljorion.com\/blog\/wp-content\/uploads\/Fig4-Alex_2016.png\" rel=\"attachment wp-att-81610\"><img loading=\"lazy\" decoding=\"async\" class=\"alignleft size-full wp-image-81610\" src=\"http:\/\/www.pauljorion.com\/blog\/wp-content\/uploads\/Fig4-Alex_2016.png\" alt=\"Fig4-Alex_2016\" width=\"700\" height=\"700\" \/><\/a><\/p>\n<p>Voici <em>Alex<\/em>, en oc\u00e9an Atlantique \u2013 Courtesy of the US Naval Research Laboratory.<\/p>\n<p>L&rsquo;ann\u00e9e 2016 commence vraiment tr\u00e8s bien&#8230; Le Baltic Dry Index (<a href=\"http:\/\/www.bloomberg.com\/quote\/BDIY:IND\">BDIY<\/a>), l&rsquo;indice des prix du transport maritime, va pouvoir tranquillement poursuivre sa chute en eau profonde\u00a0!<\/p>\n<p><u>Erratum<\/u> : <\/p>\n<p>J&rsquo;avais initialement \u00e9crit : <\/p>\n<blockquote><p>Or, il ne nous aura sans doute pas \u00e9chapp\u00e9 qu&rsquo;une catastrophe industrielle sans pr\u00e9c\u00e9dent, due \u00e0 une fuite de m\u00e9thane, \u00e9tait actuellement en cours en Californie depuis le 23 octobre 2015 et devrait \u00eatre d\u00e9finitivement colmat\u00e9e courant mars 2016. On estime que plus de 80000 tonnes de m\u00e9thane se seraient d&rsquo;ores et d\u00e9j\u00e0 \u00e9chapp\u00e9es dans l&rsquo;atmosph\u00e8re, soit l&rsquo;\u00e9quivalent d&rsquo;au moins 6,8 Gt de dioxyde de carbone, c&rsquo;est \u00e0 dire de l&rsquo;ordre de 12,5% des \u00e9missions annuelles mondiales. Et ce n&rsquo;est h\u00e9las pas termin\u00e9. Une paille \u00e0 laquelle viennent s&rsquo;ajouter bien \u00e9videmment toutes les autres sources d&rsquo;\u00e9mission de m\u00e9thane du fait de nos activit\u00e9s anthropiques&#8230;<\/p><\/blockquote>\n<p>Merci \u00e0 Germain Guinchard d&rsquo;avoir relev\u00e9 l&rsquo;erreur !<\/p>\n<p>=================================<\/p>\n<p>[1] <a href=\"http:\/\/www.pauljorion.com\/blog\/2015\/12\/24\/el-nino-2015-2016-helas-monsieur-attali-le-pere-noel-nexiste-pas-mais-nous-devrions-tous-croire-en-lenfant-jesus-par-philippe-soubeyrand\/\">EL NI<\/a><a href=\"http:\/\/www.pauljorion.com\/blog\/2015\/12\/24\/el-nino-2015-2016-helas-monsieur-attali-le-pere-noel-nexiste-pas-mais-nous-devrions-tous-croire-en-lenfant-jesus-par-philippe-soubeyrand\/\">\u00d1<\/a><a href=\"http:\/\/www.pauljorion.com\/blog\/2015\/12\/24\/el-nino-2015-2016-helas-monsieur-attali-le-pere-noel-nexiste-pas-mais-nous-devrions-tous-croire-en-lenfant-jesus-par-philippe-soubeyrand\/\">O 2015-2016\u00a0: h\u00e9las monsieur Attali, le P\u00e8re No\u00ebl n&rsquo;existe pas, mais nous devrions tous croire en \u00ab\u00a0L&rsquo;enfant J\u00e9sus\u00a0\u00bb&#8230;<\/a>, par Philippe Soubeyrand<\/p>\n<p>[2] <a href=\"http:\/\/www.remss.com\/measurements\/atmospheric-water-vapor\">Monthly TPW<\/a> data are produced by Remote Sensing Systems and sponsored by the NASA Earth Science MeaSUREs DISCOVER Project.<\/p>\n","protected":false},"excerpt":{"rendered":"<blockquote>\n<p>Billet invit\u00e9. Note de l&rsquo;auteur : une erreur de calcul nous a \u00e9t\u00e9 signal\u00e9e et vient d&rsquo;\u00eatre corrig\u00e9e au niveau de la fuite de m\u00e9thane en cours en Californie, ce qui ne change rien \u00e0 la gravit\u00e9 de la situation ; concernant les PRG et l&rsquo;interpr\u00e9tation que l&rsquo;on en a (2 semaines, 20 ans, 100 [&hellip;]<\/p>\n<\/blockquote>\n","protected":false},"author":1,"featured_media":0,"comment_status":"closed","ping_status":"closed","sticky":false,"template":"","format":"standard","meta":{"footnotes":""},"categories":[4494],"tags":[4546,172],"class_list":["post-81606","post","type-post","status-publish","format-standard","hentry","category-environnement","tag-el-nino","tag-rechauffement-climatique"],"_links":{"self":[{"href":"https:\/\/www.pauljorion.com\/blog\/wp-json\/wp\/v2\/posts\/81606","targetHints":{"allow":["GET"]}}],"collection":[{"href":"https:\/\/www.pauljorion.com\/blog\/wp-json\/wp\/v2\/posts"}],"about":[{"href":"https:\/\/www.pauljorion.com\/blog\/wp-json\/wp\/v2\/types\/post"}],"author":[{"embeddable":true,"href":"https:\/\/www.pauljorion.com\/blog\/wp-json\/wp\/v2\/users\/1"}],"replies":[{"embeddable":true,"href":"https:\/\/www.pauljorion.com\/blog\/wp-json\/wp\/v2\/comments?post=81606"}],"version-history":[{"count":5,"href":"https:\/\/www.pauljorion.com\/blog\/wp-json\/wp\/v2\/posts\/81606\/revisions"}],"predecessor-version":[{"id":81636,"href":"https:\/\/www.pauljorion.com\/blog\/wp-json\/wp\/v2\/posts\/81606\/revisions\/81636"}],"wp:attachment":[{"href":"https:\/\/www.pauljorion.com\/blog\/wp-json\/wp\/v2\/media?parent=81606"}],"wp:term":[{"taxonomy":"category","embeddable":true,"href":"https:\/\/www.pauljorion.com\/blog\/wp-json\/wp\/v2\/categories?post=81606"},{"taxonomy":"post_tag","embeddable":true,"href":"https:\/\/www.pauljorion.com\/blog\/wp-json\/wp\/v2\/tags?post=81606"}],"curies":[{"name":"wp","href":"https:\/\/api.w.org\/{rel}","templated":true}]}}