{"id":83165,"date":"2016-03-07T16:14:06","date_gmt":"2016-03-07T15:14:06","guid":{"rendered":"http:\/\/www.pauljorion.com\/blog\/?p=83165"},"modified":"2016-03-07T16:14:06","modified_gmt":"2016-03-07T15:14:06","slug":"pourquoi-vouloir-que-lespece-humaine-survive-par-cedric-chevalier","status":"publish","type":"post","link":"https:\/\/www.pauljorion.com\/blog\/2016\/03\/07\/pourquoi-vouloir-que-lespece-humaine-survive-par-cedric-chevalier\/","title":{"rendered":"Pourquoi vouloir que l&rsquo;esp\u00e8ce humaine survive ?, par C\u00e9dric Chevalier"},"content":{"rendered":"<p><a href=\"http:\/\/www.pauljorion.com\/blog\/wp-content\/uploads\/Dernier_Jorion.jpg\" rel=\"attachment wp-att-82298\"><img loading=\"lazy\" decoding=\"async\" class=\"alignleft size-full wp-image-82298\" src=\"http:\/\/www.pauljorion.com\/blog\/wp-content\/uploads\/Dernier_Jorion.jpg\" alt=\"Dernier_Jorion\" width=\"200\" height=\"300\" \/><\/a><\/p>\n<blockquote><p>Billet invit\u00e9. Ouvert aux commentaires.<\/p><\/blockquote>\n<p>Dans son <a href=\"http:\/\/www.pauljorion.com\/blog\/2016\/03\/06\/le-temps-quil-fait-le-3-mars-2016-retranscription\/\" target=\"_blank\">\u00ab\u00a0Temps qu&rsquo;il fait\u00a0\u00bb du 3 mars 2016<\/a>, Paul Jorion s&rsquo;exprime \u00e0 propos de son prochain livre, <a href=\"http:\/\/www.pauljorion.com\/blog\/tag\/le-dernier-qui-sen-va-eteint-la-lumiere\/\" target=\"_blank\">Le dernier qui s&rsquo;en va \u00e9teint la lumi\u00e8re<\/a> :<\/p>\n<p><i>\u00ab\u00a0Et je vous l\u2019ai d\u00e9j\u00e0 dit\u00a0: on ne peut pas prouver qu\u2019il faut sauver le genre humain et l\u2019humanit\u00e9, cela ne se prouve pas, c\u2019est une chose qu\u2019on a envie de faire ou pas. Moi personnellement, j\u2019ai envie que cela continue\u2026 qu\u2019on s\u2019am\u00e9liore quand m\u00eame. Je me dispute un petit peu dans tous les coins, sur un mode un peu r\u00e9formiste d\u2019un c\u00f4t\u00e9, sur un mode un peu plus r\u00e9volutionnaire d\u2019un autre, je fais [fl\u00e8che] de tout bois mais j\u2019ai l\u2019impression qu\u2019avant de partir, il faut faire un max quand m\u00eame. Pourquoi\u00a0? \u00ab\u00a0Pour la beaut\u00e9 du geste\u00a0\u00bb comme j\u2019avais dit un jour. Je ne sais pas exactement ce que veut dire l\u2019expression mais je me comprends et j\u2019esp\u00e8re vous aussi, que faire quelque chose pour la beaut\u00e9 du geste, \u00e7a vaut la peine.\u00a0\u00bb<\/i><\/p>\n<p><!--more-->Puisqu&rsquo;il pourrait ne pas exister de sens extrins\u00e8que en cet Univers pour l&rsquo;existence humaine, qu&rsquo;il n&rsquo;y aurait aucun sens donn\u00e9, qui serait une expression d&rsquo;une transcendance, alors le sens serait \u00ab\u00a0\u00e0 donner\u00a0\u00bb, intrins\u00e8que \u00e0 chacun et \u00e0 chaque groupe humain qui le partagerait, et serait donc immanent.<\/p>\n<p>Le sens serait une \u00e9mergence, \u00e0 construire par chacun et chaque groupe humain. Le penser, ce sens, et agir en cons\u00e9quence, ce serait le faire exister.<\/p>\n<p>La question de la survie de l&rsquo;Humanit\u00e9 pourrait se r\u00e9sumer \u00e0 cela. Elle a du sens pour moi, j&rsquo;y attache \u00e9norm\u00e9ment d&rsquo;importance. Je peux rationaliser (rationaliser \u00e0 la Spinoza, dans une raison qui int\u00e8gre les affects) cette conviction, comme Hans Jonas, \u00e0 partir d&rsquo;un argument fort : la Responsabilit\u00e9 (le fait de \u00ab\u00a0r\u00e9pondre de\u00a0\u00bb \u00e0 quelqu&rsquo;un), qui est aussi la \u00ab\u00a0r\u00e9ciprocit\u00e9\u00a0\u00bb de la R\u00e8gle d&rsquo;Or (\u00ab\u00a0aime ton prochain comme toi-m\u00eame\u00a0\u00bb ou, en n\u00e9gatif, \u00ab\u00a0ne fais pas \u00e0 autrui ce que tu ne voudrais pas qu&rsquo;il te fasse\u00a0\u00bb). Exprim\u00e9e \u00e0 travers l&rsquo;espace interg\u00e9n\u00e9rationnel, cette r\u00e8gle signifie ceci : \u00ab\u00a0Si tu avais le choix de na\u00eetre dans un parmi plusieurs Univers possibles, choisirais-tu celui o\u00f9 les g\u00e9n\u00e9rations ant\u00e9rieures ont agi de telle sorte que ton existence puisse \u00eatre authentiquement humaine, ou tout autre o\u00f9 les g\u00e9n\u00e9rations ant\u00e9rieures ne se seraient pas senties responsables de toi et de ton existence ?\u00a0\u00bb.<\/p>\n<p>Mais cette rationalisation, je le sais, n&rsquo;est qu&rsquo;une fragile couche de vernis \u00e0 ma conviction intime.<\/p>\n<p>Puisqu&rsquo;il n&rsquo;y a pas de morale extrins\u00e8que, transcendante, c&rsquo;est le consensus des Hommes autour de normes qui peut fonder une \u00e9thique collective. Et c&rsquo;est ce consensus qui peut donner force ex\u00e9cutoire \u00e0 l&rsquo;agglom\u00e9ration des convictions intimes des membres d&rsquo;un groupe.<\/p>\n<p>Je pense qu&rsquo;il est possible de trouver un consensus autour de la r\u00e8gle de r\u00e9ciprocit\u00e9 que je d\u00e9cris, o\u00f9 chacun peut estimer en son for int\u00e9rieur, qu&rsquo;il pr\u00e9f\u00e8re vivre dans un tel Univers o\u00f9 chaque individu se soucie que les g\u00e9n\u00e9rations futures puissent avoir une existence authentiquement humaine, plut\u00f4t que vivre dans un tout autre Univers.<\/p>\n<p>La Responsabilit\u00e9 n&rsquo;existe pas extrins\u00e8quement. Mais si un consensus suffisamment large se forme, la Responsabilit\u00e9 acquiert une existence sui generis, elle na\u00eet de fa\u00e7on \u00e9mergente, comme une immanence humaine, un sens cr\u00e9\u00e9 et donn\u00e9 par l&rsquo;Homme. Elle acquiert une force ex\u00e9cutoire.<\/p>\n<div>\n<p>De ce point de vue philosophique, je parviens \u00e0 un projet politique, dans lequel j&rsquo;esp\u00e8re rejoindre une majorit\u00e9 de mes contemporains. L&rsquo;esp\u00e8ce humaine est menac\u00e9e d&rsquo;effondrement et d&rsquo;extinction. Il n&rsquo;est pas de raison extrins\u00e8que de vouloir sa survie ou sa disparition. Mais chacun peut reconna\u00eetre que le projet de sa survie d\u00e9pend de la cr\u00e9ation d&rsquo;une id\u00e9e du sens de cette survie, de sa transformation en exigence de Responsabilit\u00e9, et de la formation d&rsquo;un consensus politique capable de forcer le destin par l&rsquo;action consciente et d\u00e9termin\u00e9e.<\/p>\n<p>Ainsi, le probl\u00e8me de l&rsquo;effondrement devient un \u00ab\u00a0simple\u00a0\u00bb probl\u00e8me de d\u00e9mocratie. L&rsquo;esp\u00e8ce humaine survivra si un nombre suffisant d&rsquo;entre les citoyens estiment que sa survie est une valeur qui m\u00e9rite qu&rsquo;on se batte pour elle.<\/p>\n<p>Alors seulement la Responsabilit\u00e9 au sens de Jonas existera, de mani\u00e8re \u00e9mergente et immanente.<\/p>\n<p>C&rsquo;est aussi, plus prosa\u00efquement, un \u00ab\u00a0simple\u00a0\u00bb probl\u00e8me de biologie.<\/p>\n<p>Le sort de l&rsquo;esp\u00e8ce n&rsquo;est pas jou\u00e9 d&rsquo;avance. L&rsquo;esp\u00e8ce n&rsquo;est pas monolithique, elle est compos\u00e9e d&rsquo;individus. Le cheminement de l&rsquo;esp\u00e8ce est la r\u00e9sultante de l&rsquo;action et de la survie de chacun de ses membres face \u00e0 leur environnement.<\/p>\n<p>Il est permis \u00e0 chacune des composantes de l&rsquo;esp\u00e8ce : nihiliste, croyante, ath\u00e9e, agnostique, \u00e9cologiste, lib\u00e9rale, n\u00e9olib\u00e9rale, etc. de poursuivre ses vis\u00e9es par tous les moyens qu&rsquo;elle se donne.<\/p>\n<p>Si la composante \u00ab\u00a0pro-survie\u00a0\u00bb joue bien sa partition, l&rsquo;Humanit\u00e9 pourrait bien survivre en chantant joyeusement. Si pas, on entendra un jour les notes lugubres du finale.<\/p>\n<p>Moi je fais partie de cette composante qui trouve \u00e7a important la survie de l&rsquo;esp\u00e8ce. Et, citoyen moderne fier et un peu t\u00e9m\u00e9raire, j&rsquo;estime avoir autant de droit\/de possibilit\u00e9 que les autres individus de d\u00e9finir ce qu&rsquo;est l&rsquo;esp\u00e8ce et ce qu&rsquo;est son potentiel.<\/p>\n<p>Il y a donc une lutte intra-esp\u00e8ce entre les individus pour lesquels la survie est importante \u00e0 long terme, et tous les autres qui s&rsquo;en foutent&#8230;<\/p>\n<p>Une certitude aujourd&rsquo;hui selon moi : d\u00e9pass\u00e9e qu&rsquo;elle est par les \u00e9v\u00e9nements et obsol\u00e8tes que sont ses m\u00e9canismes de survie automatiques \u00e0 court terme, seule une esp\u00e8ce humaine compos\u00e9e par une majorit\u00e9 de membres \u00ab\u00a0pro-survie\u00a0\u00bb victorieux verra encore le soleil se lever dans quelques si\u00e8cles.<\/p>\n<p>Que cette majorit\u00e9 se forme par adh\u00e9sion culturelle, ou par tout autre m\u00e9canisme biologique funeste qui serait catastrophique.<\/p>\n<\/div>\n<div>\n<p>Mais donc au del\u00e0 de ma petite survie personnelle, il se fait que, libre-arbitre ou partition g\u00e9n\u00e9tique d\u00e9terministe, j&rsquo;agis et j&rsquo;agirai dans le sens de la survie collective.<\/p>\n<p>Peut-\u00eatre la s\u00e9lection naturelle a-t-elle fait \u00e9merg\u00e9 des individus pour lesquels ce genre de chose est important ? Ou peut-\u00eatre sommes-nous tous dot\u00e9s de cet instinct, qui serait \u00e9touff\u00e9 par notre culture actuelle ?<\/p>\n<p>Nous verrons en tout cas si Dame Nature a\u00a0suffisamment\u00a0dot\u00e9 l&rsquo;esp\u00e8ce de cet instinct de survie \u00e0 long terme&#8230;<\/p>\n<p>Entretemps, et aussi pour la beaut\u00e9 du geste, je continuerai \u00e0 m&rsquo;engager pour l&rsquo;alternative la plus heureuse.<\/p>\n<\/div>\n","protected":false},"excerpt":{"rendered":"<p><a href=\"http:\/\/www.pauljorion.com\/blog\/wp-content\/uploads\/Dernier_Jorion.jpg\" rel=\"attachment wp-att-82298\"><img loading=\"lazy\" decoding=\"async\" class=\"alignleft size-full wp-image-82298\" src=\"http:\/\/www.pauljorion.com\/blog\/wp-content\/uploads\/Dernier_Jorion.jpg\" alt=\"Dernier_Jorion\" width=\"200\" height=\"300\" \/><\/a><\/p>\n<blockquote>\n<p>Billet invit\u00e9. Ouvert aux commentaires.<\/p>\n<\/blockquote>\n<p>Dans son <a href=\"http:\/\/www.pauljorion.com\/blog\/2016\/03\/06\/le-temps-quil-fait-le-3-mars-2016-retranscription\/\" target=\"_blank\">\u00ab\u00a0Temps qu&rsquo;il fait\u00a0\u00bb du 3 mars 2016<\/a>, Paul Jorion s&rsquo;exprime \u00e0 propos de son prochain livre, <a href=\"http:\/\/www.pauljorion.com\/blog\/tag\/le-dernier-qui-sen-va-eteint-la-lumiere\/\" target=\"_blank\">Le dernier qui s&rsquo;en va \u00e9teint la lumi\u00e8re<\/a> :<\/p>\n<p><i>\u00ab\u00a0Et je vous l\u2019ai d\u00e9j\u00e0 dit\u00a0: on [&hellip;]<\/i><\/p>\n","protected":false},"author":1,"featured_media":0,"comment_status":"open","ping_status":"closed","sticky":false,"template":"","format":"standard","meta":{"footnotes":""},"categories":[2597,2104,4728],"tags":[4734,931,3765],"class_list":["post-83165","post","type-post","status-publish","format-standard","hentry","category-democratie-2","category-la-survie-de-lespece","category-le-dernier-qui-sen-va-eteint-la-lumiere","tag-hans-jonas","tag-responsabilite","tag-survie-de-lespece"],"_links":{"self":[{"href":"https:\/\/www.pauljorion.com\/blog\/wp-json\/wp\/v2\/posts\/83165","targetHints":{"allow":["GET"]}}],"collection":[{"href":"https:\/\/www.pauljorion.com\/blog\/wp-json\/wp\/v2\/posts"}],"about":[{"href":"https:\/\/www.pauljorion.com\/blog\/wp-json\/wp\/v2\/types\/post"}],"author":[{"embeddable":true,"href":"https:\/\/www.pauljorion.com\/blog\/wp-json\/wp\/v2\/users\/1"}],"replies":[{"embeddable":true,"href":"https:\/\/www.pauljorion.com\/blog\/wp-json\/wp\/v2\/comments?post=83165"}],"version-history":[{"count":2,"href":"https:\/\/www.pauljorion.com\/blog\/wp-json\/wp\/v2\/posts\/83165\/revisions"}],"predecessor-version":[{"id":83200,"href":"https:\/\/www.pauljorion.com\/blog\/wp-json\/wp\/v2\/posts\/83165\/revisions\/83200"}],"wp:attachment":[{"href":"https:\/\/www.pauljorion.com\/blog\/wp-json\/wp\/v2\/media?parent=83165"}],"wp:term":[{"taxonomy":"category","embeddable":true,"href":"https:\/\/www.pauljorion.com\/blog\/wp-json\/wp\/v2\/categories?post=83165"},{"taxonomy":"post_tag","embeddable":true,"href":"https:\/\/www.pauljorion.com\/blog\/wp-json\/wp\/v2\/tags?post=83165"}],"curies":[{"name":"wp","href":"https:\/\/api.w.org\/{rel}","templated":true}]}}