{"id":83757,"date":"2016-03-29T12:40:49","date_gmt":"2016-03-29T10:40:49","guid":{"rendered":"http:\/\/www.pauljorion.com\/blog\/?p=83757"},"modified":"2016-03-29T12:50:41","modified_gmt":"2016-03-29T10:50:41","slug":"leurope-1-social-club-de-frederic-taddei-demain-jeudi-24-mars-de-20h-a-22h","status":"publish","type":"post","link":"https:\/\/www.pauljorion.com\/blog\/2016\/03\/29\/leurope-1-social-club-de-frederic-taddei-demain-jeudi-24-mars-de-20h-a-22h\/","title":{"rendered":"L&rsquo;Europe 1 Social Club de Fr\u00e9d\u00e9ric Tadde\u00ef, le lundi 28 mars de 20h \u00e0 22h"},"content":{"rendered":"<p><a href=\"http:\/\/www.pauljorion.com\/blog\/wp-content\/uploads\/Dernier_Jorion.jpg\" rel=\"attachment wp-att-82298\"><img loading=\"lazy\" decoding=\"async\" class=\"alignleft size-full wp-image-82298\" src=\"http:\/\/www.pauljorion.com\/blog\/wp-content\/uploads\/Dernier_Jorion.jpg\" alt=\"Dernier_Jorion\" width=\"200\" height=\"300\" \/><\/a><\/p>\n<p style=\"text-align: center;\"><strong><a href=\"https:\/\/www.facebook.com\/Europe1SocialClub\" target=\"_blank\">Europe 1, Le Social Club<\/a><\/strong><\/p>\n<p style=\"text-align: center;\">Paul Jorion fut\u00a0l&rsquo;un des invit\u00e9s de Fr\u00e9d\u00e9ric Tadde\u00ef le lundi 28 mars de 20h00 \u00e0 22h00<\/p>\n<p><em>\u00ab\u00a0Sommes-nous outill\u00e9s pour emp\u00eacher notre propre extinction ? Notre constitution psychique et notre histoire jusqu&rsquo;ici sugg\u00e8rent malheureusement que notre esp\u00e8ce n&rsquo;est pas \u00e0 la hauteur de la t\u00e2che.\u00a0\u00bb<\/em><\/p>\n<p>Pour les gens press\u00e9s, j&rsquo;interviens \u00e0 partir 23m31s :<\/p>\n<audio class=\"wp-audio-shortcode\" id=\"audio-83757-1\" preload=\"none\" style=\"width: 100%;\" controls=\"controls\"><source type=\"audio\/mpeg\" src=\"http:\/\/www.pauljorion.com\/blog\/wp-content\/uploads\/Europe-1-social-club-28-03-16-1626262.mp3?_=1\" \/><a href=\"http:\/\/www.pauljorion.com\/blog\/wp-content\/uploads\/Europe-1-social-club-28-03-16-1626262.mp3\">http:\/\/www.pauljorion.com\/blog\/wp-content\/uploads\/Europe-1-social-club-28-03-16-1626262.mp3<\/a><\/audio>\n<p><!--more--><\/p>\n<p>Autres invit\u00e9s :<\/p>\n<p>&#8211; Mickey 3D pour son nouvel album \u00ab\u00a0Sebolavy\u00a0\u00bb<\/p>\n<p>&#8211; Charles CARCOPINO, commissaire de l&rsquo;expo \u00ab\u00a0100 % expo\u00a0\u00bb dans le cadre du festival 100 % de la Villette jusqu&rsquo;au 10 avril<\/p>\n<p>&#8211; Mathieu LINDON, \u00e9crivain et journaliste, pour son livre \u00ab\u00a0Je ne me souviens pas\u00a0\u00bb &#8211; Ed. Pol<\/p>\n<p>&#8211; Christian CLOT, explorateur, pour la nouvelle collection Explora \u00ab\u00a0Rimbaud, l&rsquo;explorateur maudit\u00a0\u00bb, \u00ab\u00a0Darwin, \u00e0 bord du\u00a0Beagle\u00a0\u00bb, \u00ab\u00a0Alexandra David-Neel, les chemins de Lhassa\u00a0\u00bb &#8211; Ed. Gl\u00e9nat<\/p>\n<p>&#8211; Jean-Michel ESPITALLIER, \u00e9crivain, pour son livre \u00ab\u00a0Tourner en rond\u00a0\u00bb &#8211; Ed. PUF<\/p>\n","protected":false},"excerpt":{"rendered":"<p><a href=\"http:\/\/www.pauljorion.com\/blog\/wp-content\/uploads\/Dernier_Jorion.jpg\" rel=\"attachment wp-att-82298\"><img loading=\"lazy\" decoding=\"async\" class=\"alignleft size-full wp-image-82298\" src=\"http:\/\/www.pauljorion.com\/blog\/wp-content\/uploads\/Dernier_Jorion.jpg\" alt=\"Dernier_Jorion\" width=\"200\" height=\"300\" \/><\/a><\/p>\n<p style=\"text-align: center;\"><strong><a href=\"https:\/\/www.facebook.com\/Europe1SocialClub\" target=\"_blank\">Europe 1, Le Social Club<\/a><\/strong><\/p>\n<p style=\"text-align: center;\">Paul Jorion fut\u00a0l&rsquo;un des invit\u00e9s de Fr\u00e9d\u00e9ric Tadde\u00ef le lundi 28 mars de 20h00 \u00e0 22h00<\/p>\n<p><em>\u00ab\u00a0Sommes-nous outill\u00e9s pour emp\u00eacher notre propre extinction ? Notre constitution psychique et notre histoire jusqu&rsquo;ici sugg\u00e8rent [&hellip;]<\/em><\/p>\n","protected":false},"author":1,"featured_media":0,"comment_status":"closed","ping_status":"closed","sticky":false,"template":"","format":"standard","meta":{"footnotes":""},"categories":[4728],"tags":[4327],"class_list":["post-83757","post","type-post","status-publish","format-standard","hentry","category-le-dernier-qui-sen-va-eteint-la-lumiere","tag-le-dernier-qui-sen-va-eteint-la-lumiere"],"_links":{"self":[{"href":"https:\/\/www.pauljorion.com\/blog\/wp-json\/wp\/v2\/posts\/83757","targetHints":{"allow":["GET"]}}],"collection":[{"href":"https:\/\/www.pauljorion.com\/blog\/wp-json\/wp\/v2\/posts"}],"about":[{"href":"https:\/\/www.pauljorion.com\/blog\/wp-json\/wp\/v2\/types\/post"}],"author":[{"embeddable":true,"href":"https:\/\/www.pauljorion.com\/blog\/wp-json\/wp\/v2\/users\/1"}],"replies":[{"embeddable":true,"href":"https:\/\/www.pauljorion.com\/blog\/wp-json\/wp\/v2\/comments?post=83757"}],"version-history":[{"count":10,"href":"https:\/\/www.pauljorion.com\/blog\/wp-json\/wp\/v2\/posts\/83757\/revisions"}],"predecessor-version":[{"id":83994,"href":"https:\/\/www.pauljorion.com\/blog\/wp-json\/wp\/v2\/posts\/83757\/revisions\/83994"}],"wp:attachment":[{"href":"https:\/\/www.pauljorion.com\/blog\/wp-json\/wp\/v2\/media?parent=83757"}],"wp:term":[{"taxonomy":"category","embeddable":true,"href":"https:\/\/www.pauljorion.com\/blog\/wp-json\/wp\/v2\/categories?post=83757"},{"taxonomy":"post_tag","embeddable":true,"href":"https:\/\/www.pauljorion.com\/blog\/wp-json\/wp\/v2\/tags?post=83757"}],"curies":[{"name":"wp","href":"https:\/\/api.w.org\/{rel}","templated":true}]}}