{"id":84499,"date":"2016-04-14T16:06:35","date_gmt":"2016-04-14T14:06:35","guid":{"rendered":"http:\/\/www.pauljorion.com\/blog\/?p=84499"},"modified":"2016-04-15T00:36:37","modified_gmt":"2016-04-14T22:36:37","slug":"ils-nen-ont-pas-fini-avec-les-refugies-par-francois-leclerc","status":"publish","type":"post","link":"https:\/\/www.pauljorion.com\/blog\/2016\/04\/14\/ils-nen-ont-pas-fini-avec-les-refugies-par-francois-leclerc\/","title":{"rendered":"<b>ILS N\u2019EN ONT PAS FINI AVEC LES R\u00c9FUGI\u00c9S !<\/b> par Fran\u00e7ois Leclerc"},"content":{"rendered":"<blockquote><p>Billet invit\u00e9.<\/p><\/blockquote>\n<p>Comment contenir hors d\u2019Europe les masses de r\u00e9fugi\u00e9s qui continuent \u00e0 y chercher refuge ? Le brutal coup d\u2019arr\u00eat port\u00e9 \u00e0 l\u2019exode des Syriens, des Irakiens et des Afghans qui en ont constitu\u00e9 les gros bataillons ne cl\u00f4t pas la crise et laisse la question sans r\u00e9ponse.<\/p>\n<p><!--more--><\/p>\n<p>R\u00e9partir ceux qui obtiendront l\u2019asile, ce processus \u00e0 peine commenc\u00e9, reste \u00e0 se concr\u00e9tiser. Cela impliquera d\u2019augmenter le plafond de 160.000 r\u00e9fugi\u00e9s qui a d\u00e9j\u00e0 \u00e9t\u00e9 d\u00e9cid\u00e9, \u00e0 moins de refuser massivement l\u2019asile. Les dirigeants europ\u00e9ens, Angela Merkel en premier lieu, sont d\u00e9sormais d\u00e9pendants de la bonne volont\u00e9 de Recep Tayyip Erdo\u00c4\u0178an, qui peut difficilement passer pour un d\u00e9mocrate et un partisan des droits de l\u2019Homme, le Parlement europ\u00e9en s&rsquo;\u00e9tant d\u00e9clar\u00e9 aujourd&rsquo;hui \u00ab\u00a0vivement pr\u00e9occup\u00e9\u00a0\u00bb par le recul de l\u2019\u00c9tat de droit en Turquie. Et la Gr\u00e8ce va devoir se d\u00e9p\u00eatrer en premi\u00e8re ligne, recevant actuellement plus de r\u00e9fugi\u00e9s qu\u2019elle n\u2019en renvoie en Turquie. Des affrontements sporadiques se poursuivent \u00e0 Idomeni, et la tension peut vite s\u2019accro\u00eetre dans les \u00eeles ou sur le port du Pir\u00e9e.<\/p>\n<p>La <i>Route des Balkans<\/i> est ferm\u00e9e, mais la fronti\u00e8re mac\u00e9donienne reste sous la pression des 11.000 r\u00e9fugi\u00e9s qui y campent. L\u2019ouverture d\u2019une nouvelle route vers l\u2019Italie depuis le nord de la Gr\u00e8ce et de l\u2019Albanie est redout\u00e9e, et des moyens ont \u00e9t\u00e9 d\u00e9ploy\u00e9s pour l\u2019emp\u00eacher.\u00a0\u00c0 toutes fins utiles, le gouvernement fran\u00e7ais avait pris les devants il y a un an, en instaurant un contr\u00f4le \u00e0 Vintimille, son homologue autrichien en fait actuellement autant au col de Brenner,\u00a0principal point de passage entre l\u2019Italie et l\u2019Autriche. Le cloisonnement de l\u2019espace Schengen se poursuit et la Commission publie un communiqu\u00e9 de protestation.<\/p>\n<p>Dans l\u2019immobilisme ambiant, le gouvernement portugais a propos\u00e9 de d\u00e9passer son quota de r\u00e9fugi\u00e9s et Ada Colau, la maire de Barcelone, a demand\u00e9 \u00e0 la Commission de laisser sa ville accueillir des r\u00e9fugi\u00e9s, pour lesquels tout est pr\u00eat. \u00ab\u00a0La population a envie de faire partie de la solution en participant au r\u00e9seau des villes de refuge \u00bb, avait-elle insist\u00e9 \u00e0 l\u2019occasion d\u2019une r\u00e9union o\u00f9 participaient \u00e9galement les repr\u00e9sentants de Paris, Berlin et Amsterdam. Mais la Commission a d\u2019autres priorit\u00e9s, affutant sous forme de deux propositions au choix, le projet de r\u00e9forme de l\u2019accord de Dublin qui a pr\u00e9sid\u00e9 \u00e0 la constitution de l\u2019espace Schengen.<\/p>\n<p>Qualifi\u00e9e de \u00ab\u00a0Dublin Plus\u00a0\u00bb et fort peu novatrice, la premi\u00e8re garde le syst\u00e8me de demande d&rsquo;asile dans le pays de premi\u00e8re entr\u00e9e et instaure une porte de secours en cas de flux migratoire massif : un m\u00e9canisme de \u00ab\u00a0relocalisation\u00a0\u00bb et de r\u00e9partition, sur le mode de celui qui a \u00e9t\u00e9 n\u00e9goci\u00e9 mais \u00e0 peine appliqu\u00e9. Plus avanc\u00e9e, la deuxi\u00e8me consiste \u00e0 cr\u00e9er un syst\u00e8me permanent de distribution des demandes d&rsquo;asile, selon une cl\u00e9 de r\u00e9partition prenant en compte le PIB et la \u00ab\u00a0capacit\u00e9 d&rsquo;absorption\u00a0\u00bb de chaque \u00c9tat membre, ce dernier crit\u00e8re ouvrant la porte \u00e0 toutes les n\u00e9gociations. Les deux options ont en commun de ne pas apporter de r\u00e9ponse \u00e0 une seule interrogation : comment faire face \u00e0 un exode de cette ampleur qui n\u2019est pas pr\u00eat de s\u2019\u00e9puiser ?<\/p>\n<p>En ce d\u00e9but d\u2019ann\u00e9e, 25.816 r\u00e9fugi\u00e9s ont travers\u00e9 la M\u00e9diterran\u00e9e depuis la Libye pour atteindre l\u2019Italie, dont de nombreux secourus en mer. C\u2019est 7.000 de plus qu&rsquo;\u00e0 la m\u00eame date de l\u2019an dernier. 154.000 r\u00e9fugi\u00e9s y \u00e9taient parvenus sur l\u2019ann\u00e9e enti\u00e8re. Les estimations du nombre de r\u00e9fugi\u00e9s qui pourraient suivre cet exemple varient, mais l\u2019on sait que la Libye, riche de son p\u00e9trole, \u00e9tait un pays d\u2019immigration avant de sombrer dans le chaos actuel. 106.000 demandeurs d\u2019asile sont d\u00e9j\u00e0 h\u00e9berg\u00e9s en Italie, o\u00f9 les structures d\u2019accueil sont satur\u00e9es, 15.000 places sont recherch\u00e9es en urgence : la Gr\u00e8ce n\u2019est pas seule \u00e0 payer pour ceux qui s\u2019en lavent les mains.<\/p>\n<p>Samedi prochain, le pape et son homologue de l\u2019\u00e9glise orthodoxe se rendront \u00e0 Lesbos pour y rencontrer les r\u00e9fugi\u00e9s d\u00e9tenus au camp de Moria. Un d\u00e9jeuner est pr\u00e9vu avec une poign\u00e9e d\u2019entre eux. Se d\u00e9fendant par avance de toute port\u00e9e politique \u00e0 son geste humanitaire, ses louables intentions ne pouvant \u00eatre mises en doute, va-t-il \u00eatre la bonne ou la mauvaise conscience des dirigeants europ\u00e9ens ?<\/p>\n","protected":false},"excerpt":{"rendered":"<blockquote>\n<p>Billet invit\u00e9.<\/p>\n<\/blockquote>\n<p>Comment contenir hors d\u2019Europe les masses de r\u00e9fugi\u00e9s qui continuent \u00e0 y chercher refuge ? Le brutal coup d\u2019arr\u00eat port\u00e9 \u00e0 l\u2019exode des Syriens, des Irakiens et des Afghans qui en ont constitu\u00e9 les gros bataillons ne cl\u00f4t pas la crise et laisse la question sans r\u00e9ponse.<\/p>\n","protected":false},"author":37,"featured_media":0,"comment_status":"closed","ping_status":"closed","sticky":false,"template":"","format":"standard","meta":{"footnotes":""},"categories":[204,4440],"tags":[160,78,3141,3097],"class_list":["post-84499","post","type-post","status-publish","format-standard","hentry","category-europe","category-migrations","tag-grece","tag-italie","tag-pape-francois","tag-refugies"],"_links":{"self":[{"href":"https:\/\/www.pauljorion.com\/blog\/wp-json\/wp\/v2\/posts\/84499","targetHints":{"allow":["GET"]}}],"collection":[{"href":"https:\/\/www.pauljorion.com\/blog\/wp-json\/wp\/v2\/posts"}],"about":[{"href":"https:\/\/www.pauljorion.com\/blog\/wp-json\/wp\/v2\/types\/post"}],"author":[{"embeddable":true,"href":"https:\/\/www.pauljorion.com\/blog\/wp-json\/wp\/v2\/users\/37"}],"replies":[{"embeddable":true,"href":"https:\/\/www.pauljorion.com\/blog\/wp-json\/wp\/v2\/comments?post=84499"}],"version-history":[{"count":13,"href":"https:\/\/www.pauljorion.com\/blog\/wp-json\/wp\/v2\/posts\/84499\/revisions"}],"predecessor-version":[{"id":84529,"href":"https:\/\/www.pauljorion.com\/blog\/wp-json\/wp\/v2\/posts\/84499\/revisions\/84529"}],"wp:attachment":[{"href":"https:\/\/www.pauljorion.com\/blog\/wp-json\/wp\/v2\/media?parent=84499"}],"wp:term":[{"taxonomy":"category","embeddable":true,"href":"https:\/\/www.pauljorion.com\/blog\/wp-json\/wp\/v2\/categories?post=84499"},{"taxonomy":"post_tag","embeddable":true,"href":"https:\/\/www.pauljorion.com\/blog\/wp-json\/wp\/v2\/tags?post=84499"}],"curies":[{"name":"wp","href":"https:\/\/api.w.org\/{rel}","templated":true}]}}