{"id":84841,"date":"2016-04-23T17:20:46","date_gmt":"2016-04-23T15:20:46","guid":{"rendered":"http:\/\/www.pauljorion.com\/blog\/?p=84841"},"modified":"2016-04-24T07:27:55","modified_gmt":"2016-04-24T05:27:55","slug":"rtbf-la-premiere-dans-quel-monde-on-vit-debat-entre-paul-jorion-et-nicolas-baverez-samedi-23-avril-a-10h","status":"publish","type":"post","link":"https:\/\/www.pauljorion.com\/blog\/2016\/04\/23\/rtbf-la-premiere-dans-quel-monde-on-vit-debat-entre-paul-jorion-et-nicolas-baverez-samedi-23-avril-a-10h\/","title":{"rendered":"RTBF La premi\u00e8re, \u00ab\u00a0Dans quel monde on vit\u00a0\u00bb &#8211; D\u00e9bat entre Paul Jorion et Nicolas Baverez, samedi 23 avril \u00e0 10h"},"content":{"rendered":"<p><img loading=\"lazy\" decoding=\"async\" class=\"alignleft wp-image-83779\" src=\"http:\/\/www.pauljorion.com\/blog\/wp-content\/uploads\/le-dernier-qui-sen-va....jpg\" alt=\"le dernier qui s'en va...\" width=\"253\" height=\"380\" \/><\/p>\n<p>Pascal Claude avait invit\u00e9 <\/p>\n<p>Nicolas Baverez, pour parler de son livre <em>Danser sur un volcan<\/em> (Albin Michel 2016)<\/p>\n<p>et moi-m\u00eame, pour <em>Le dernier qui s&rsquo;en va \u00e9teint la lumi\u00e8re<\/em> (Fayard 2016)<\/p>\n<audio class=\"wp-audio-shortcode\" id=\"audio-84841-1\" preload=\"none\" style=\"width: 100%;\" controls=\"controls\"><source type=\"audio\/mpeg\" src=\"http:\/\/www.pauljorion.com\/blog\/wp-content\/uploads\/Dans-quel-monde-on-vit-AAC-audio.mp3?_=1\" \/><a href=\"http:\/\/www.pauljorion.com\/blog\/wp-content\/uploads\/Dans-quel-monde-on-vit-AAC-audio.mp3\">http:\/\/www.pauljorion.com\/blog\/wp-content\/uploads\/Dans-quel-monde-on-vit-AAC-audio.mp3<\/a><\/audio>\n","protected":false},"excerpt":{"rendered":"<p><img loading=\"lazy\" decoding=\"async\" class=\"alignleft wp-image-83779\" src=\"http:\/\/www.pauljorion.com\/blog\/wp-content\/uploads\/le-dernier-qui-sen-va....jpg\" alt=\"le dernier qui s'en va...\" width=\"253\" height=\"380\" \/><\/p>\n<p>Pascal Claude avait invit\u00e9 <\/p>\n<p>Nicolas Baverez, pour parler de son livre <em>Danser sur un volcan<\/em> (Albin Michel 2016)<\/p>\n<p>et moi-m\u00eame, pour <em>Le dernier qui s&rsquo;en va \u00e9teint la lumi\u00e8re<\/em> (Fayard 2016)<\/p>\n","protected":false},"author":1,"featured_media":0,"comment_status":"closed","ping_status":"closed","sticky":false,"template":"","format":"standard","meta":{"footnotes":""},"categories":[4728],"tags":[4327],"class_list":["post-84841","post","type-post","status-publish","format-standard","hentry","category-le-dernier-qui-sen-va-eteint-la-lumiere","tag-le-dernier-qui-sen-va-eteint-la-lumiere"],"_links":{"self":[{"href":"https:\/\/www.pauljorion.com\/blog\/wp-json\/wp\/v2\/posts\/84841","targetHints":{"allow":["GET"]}}],"collection":[{"href":"https:\/\/www.pauljorion.com\/blog\/wp-json\/wp\/v2\/posts"}],"about":[{"href":"https:\/\/www.pauljorion.com\/blog\/wp-json\/wp\/v2\/types\/post"}],"author":[{"embeddable":true,"href":"https:\/\/www.pauljorion.com\/blog\/wp-json\/wp\/v2\/users\/1"}],"replies":[{"embeddable":true,"href":"https:\/\/www.pauljorion.com\/blog\/wp-json\/wp\/v2\/comments?post=84841"}],"version-history":[{"count":6,"href":"https:\/\/www.pauljorion.com\/blog\/wp-json\/wp\/v2\/posts\/84841\/revisions"}],"predecessor-version":[{"id":84884,"href":"https:\/\/www.pauljorion.com\/blog\/wp-json\/wp\/v2\/posts\/84841\/revisions\/84884"}],"wp:attachment":[{"href":"https:\/\/www.pauljorion.com\/blog\/wp-json\/wp\/v2\/media?parent=84841"}],"wp:term":[{"taxonomy":"category","embeddable":true,"href":"https:\/\/www.pauljorion.com\/blog\/wp-json\/wp\/v2\/categories?post=84841"},{"taxonomy":"post_tag","embeddable":true,"href":"https:\/\/www.pauljorion.com\/blog\/wp-json\/wp\/v2\/tags?post=84841"}],"curies":[{"name":"wp","href":"https:\/\/api.w.org\/{rel}","templated":true}]}}