{"id":84908,"date":"2016-04-24T22:23:57","date_gmt":"2016-04-24T20:23:57","guid":{"rendered":"http:\/\/www.pauljorion.com\/blog\/?p=84908"},"modified":"2016-04-24T22:34:06","modified_gmt":"2016-04-24T20:34:06","slug":"le-temps-quil-fait-le-22-avril-2016-retranscription","status":"publish","type":"post","link":"https:\/\/www.pauljorion.com\/blog\/2016\/04\/24\/le-temps-quil-fait-le-22-avril-2016-retranscription\/","title":{"rendered":"LE TEMPS QU&rsquo;IL FAIT LE 22 AVRIL 2016 &#8211; Retranscription"},"content":{"rendered":"<blockquote><p>Retranscription de <a href=\"http:\/\/www.pauljorion.com\/blog\/2016\/04\/22\/le-temps-quil-fait-le-22-avril-2016\/\" target=\"_blank\">Le temps qu&rsquo;il fait le 22 avril 2016<\/a>. Merci \u00e0 Marianne Oppitz !<\/p><\/blockquote>\n<p>Bonjour, nous sommes le vendredi 22 avril 2016.\u00a0Un tout petit mot de l\u2019actualit\u00e9, c\u2019est la question des r\u00e9fugi\u00e9s, des migrants. Un probl\u00e8me qui, au niveau de l\u2019Europe, semble \u00eatre du domaine de l\u2019insoluble. Des mesures sont prises qui n\u2019ont ni queue, ni t\u00eate. \u00c0 la fois, on prend conscience de la taille du probl\u00e8me, et en m\u00eame temps, on r\u00e9v\u00e8le comment des \u00e9tats, bien organis\u00e9s, qui devraient, en fait, avoir une organisation dans le cadre de l\u2019Union europ\u00e9enne, et \u00e0 l\u2019int\u00e9rieur de l\u2019Union europ\u00e9enne, dans la zone euro, sont incapables non seulement de r\u00e9soudre des probl\u00e8mes \u00e9conomiques et financiers, mais quand il y a un probl\u00e8me d\u2019un autre ordre qui se pr\u00e9sente, probl\u00e8me de taille importante, je veux bien, r\u00e9v\u00e8le une pagaille absolue. Signe de l\u2019effondrement g\u00e9n\u00e9ralis\u00e9\u00a0? je ne vais pas dire \u00e7a, mais on pourrait le lire de cette fa\u00e7on l\u00e0. Il y a l\u00e0, une crise importante, un probl\u00e8me.<\/p>\n<p><!--more-->Ce n\u2019est pas in\u00e9dit dans l\u2019histoire, mais voil\u00e0, \u00e0 l\u2019\u00e9poque du 3\u00e8 ou 4\u00e8 si\u00e8cle de l\u2019Europe, il y a eu ces grands d\u00e9placements qu\u2019on a appel\u00e9s du terme p\u00e9joratif d\u2019\u00ab\u00a0invasions barbares. \u00bb \u00ab\u00a0Barbares\u00a0\u00bb, vous savez ce que \u00e7a veut dire, cela veut dire\u00a0: ceux qui ne parlaient pas le grec. \u00ab\u00a0Invasions\u00a0\u00bb, oui, il y a eu des populations en nombre tr\u00e8s importants qui sont venus s\u2019installer. Est-ce que c\u2019est une histoire qui a mal tourn\u00e9\u00a0? Mais non puisque ces populations sont devenues, le plus souvent, des populations dominantes aux endroits qu\u2019elles avaient envahi et la l\u00e9gitimit\u00e9 est arriv\u00e9e de leur c\u00f4t\u00e9. Alors qu\u2019ont fait les gens de l\u2019\u00e9poque qui voyaient cela comme des invasions\u00a0? Eh bien, tout cela a fini par s\u2019arranger. On a perdu, peut-\u00eatre, le nom du pays dans lequel on \u00e9tait, \u00e7a s\u2019est vu. Les Francs ne repr\u00e9sentaient pas grand-chose, ils ont donn\u00e9 leur nom \u00e0 la France. Ils ont domin\u00e9, voil\u00e0 ils sont devenus les Maires du palais, puis ils sont devenus les rois, et voil\u00e0. Maintenant le pays, c\u2019est la France. Alors, c\u2019est un petit groupe de gens qui sont venus comme \u00e7a, de l\u2019ext\u00e9rieur.<\/p>\n<p>Mon actualit\u00e9 \u00e0 moi, c\u2019\u00e9tait de me rendre hier \u00e0 la Nuit Debout \u00e0 Paris. J\u2019avais per\u00e7u en lisant la presse dans la journ\u00e9e, qu\u2019il y a des h\u00e9sitations\u00a0: il y a d\u00e9j\u00e0 des gens qui s\u2019affolent \u00e0 l\u2019id\u00e9e qu\u2019un mouvement qui n\u2019a m\u00eame pas encore un mois, ne soit pas pass\u00e9 \u00e0 autre chose. \u00c0 autre chose, c\u2019est quoi\u00a0? La prise du pouvoir\u00a0? La Bastille\u00a0? Non, non, non. Oh, je lis dans la presse, qu\u2019on n\u2019a jamais vu quelque chose comme ces assembl\u00e9es libres, qu\u2019on n\u2019a jamais vu quelque chose comme ces prises de paroles. Eh bien, il faut \u00eatre assez jeune pour dire des choses comme \u00e7a. Les gens qui avaient 20 ans en 1968, eh bien, ils ont vu exactement la m\u00eame chose, c\u2019est copie conforme. Cela ne veut pas dire qu\u2019il y a une intention de copie ou que ce soit une mauvaise chose. Au contraire, c\u2019est une chose excellente, ces assembl\u00e9es libres, ces <a href=\"https:\/\/books.google.fr\/books\/about\/La_prise_de_parole.html?hl=fr&amp;id=d8NHAAAAYAAJ\">prises de paroles<\/a> dont a parl\u00e9 mon ami <a href=\"https:\/\/fr.wikipedia.org\/wiki\/Michel_de_Certeau\">de Certeau<\/a>, c\u2019est quelque chose d\u2019important. Il n\u2019y a pas de raison que cela passe, maintenant, \u00e0 autre chose.<\/p>\n<p>Il y a une parole qui \u00e9merge, il y a un discours contradictoire si on met toutes ces interventions en parall\u00e8le, en se demandant s\u2019il y a des contradictions. Bien entendu, il y a des gens qui demandent des choses diff\u00e9rentes, et en particulier, il y a des gens, je l\u2019ai entendu hier, qui ont une \u00e2me d\u2019apparatchik. Des gens qui sont pr\u00eats pour un bureaucratisme autoritaire, qui sont l\u00e0 en disant qu\u2019il ne se passe rien, etc. Non, il faut de la patience\u00a0: si quelque chose doit \u00e9merger, cela doit \u00e9merger, mais de soi-m\u00eame. C\u2019est ce que j\u2019ai tenu \u00e0 dire, il y a <a href=\"http:\/\/www.pauljorion.com\/blog\/2016\/04\/24\/paul-jorion-a-tvdebout-53mars-nuit-debout\/\">des vid\u00e9os<\/a>, il y aura des vid\u00e9os. Il y a <a href=\"http:\/\/www.pauljorion.com\/blog\/2016\/04\/23\/le-texte-prepare-de-mon-intervention-a-la-nuit-debout-a-paris-le-21-avril-2016\/\">le texte que j\u2019ai \u00e9crit<\/a> moi-m\u00eame et que je vous montrerai. Mon intervention a eu lieu dans la soir\u00e9e. Je n\u2019invente pas quand je dis qu\u2019elle a \u00e9t\u00e9 applaudie, les gens qui \u00e9taient l\u00e0 l\u2019ont entendu. On pourra s\u2019en convaincre, si on veut. \u00c0 mon avis, il n\u2019y a pas de raison de faire autre chose. Je leur ai dit essentiellement de continuer comme ils le font maintenant. C\u2019est important. Il peut en \u00e9merger quelque chose d\u2019important pour la suite. Mais m\u00eame s\u2019il n\u2019en \u00e9merge rien dans les jours qui viennent, c\u2019est une bonne chose que cette prise de parole.<\/p>\n<p>Derni\u00e8re chose que je voudrais mentionner, c\u2019est l\u2019actualit\u00e9 de mon bouquin, <em>Le dernier qui s\u2019en va \u00e9teint la lumi\u00e8re<\/em>. R\u00e9ception inattendue, aucun de mes livres n\u2019a \u00e9t\u00e9 re\u00e7u de cette mani\u00e8re l\u00e0. Si vous regardez sur Amazon, il se situe dans les 100 premi\u00e8res ventes. Il oscille r\u00e9cemment autour de la 100e place. Ce n\u2019est pas mal : il y a tous les romans, les livres \u00e0 colorier, et ainsi de suite. Dans les livres qui font le hit parade des essais, cela fait une semaine qu\u2019il tourne autour de la 10e place. C\u2019est une chose excellente et je dirais surtout, comme signe int\u00e9ressant, hier, <a href=\"http:\/\/www.pauljorion.com\/blog\/2016\/04\/21\/le-dernier-qui-sen-va-eteint-la-lumiere-a-paraitre-en-chinois\/\">un contrat avec la Chine<\/a> pour une traduction. Non seulement \u00e7a, mais l\u2019\u00e9diteur qui, comme vous le savez, est un \u00e9diteur important, m\u2019a dit\u00a0: \u00ab\u00a0On n\u2019a jamais vu un contrat avec la Chine, comme \u00e7a\u00a0\u00bb. Alors \u00e7a, c\u2019est tr\u00e8s bon signe\u00a0! Cela veut dire que les Chinois pensent que le livre va se lire \u00e9norm\u00e9ment chez eux. Et finalement, en y r\u00e9fl\u00e9chissant un petit peu, je ne suis pas surpris. S\u2019il y a bien un peuple qui par sa culture ne se fait pas d\u2019illusions sur la difficult\u00e9 de faire vivre des gens ensemble, qu\u2019il s\u2019agisse du confucianisme ou du tao\u00efsme, ou du marxisme-l\u00e9ninisme tel qu\u2019il a \u00e9t\u00e9 appliqu\u00e9 par Mao Ts\u00e9 Toung, ou du fonctionnement actuel de la Chine, avec des tentatives d\u2019ordres divers pour essayer de cr\u00e9er un pays moderne, mais comme on le voit, sans se faire trop d\u2019illusions, sans m\u00eame se faire d\u2019illusions du tout, sur la mani\u00e8re dont un pays peut marcher. Toujours sur le mode exp\u00e9rimental, toujours dans cette tradition chinoise de ne pas faire confiance \u00e0 des th\u00e9ories qui nous diraient que les choses se font de telle ou telle mani\u00e8re, mais seulement en ayant les yeux riv\u00e9s sur la r\u00e9alit\u00e9 telle qu\u2019elle est dans son foisonnement. Il n\u2019y a pas, je dirais, de croyances superflues, de la m\u00eame mani\u00e8re qu\u2019il n\u2019y a pas de croyances superflues dans le bouddhisme, comme religion, en particulier, qu\u2019il n\u2019y a pas un dieu derri\u00e8re qui fait de nous des marionnettes. Pas d\u2019illusion sur la difficult\u00e9 d\u2019organiser une soci\u00e9t\u00e9. Cela ne veut pas dire que la solution actuelle soit la meilleure, mais un peuple qui sait que c\u2019est compliqu\u00e9, qui lira mon livre avec int\u00e9r\u00eat en ne tombant pas des nues en disant : \u00ab\u00a0Comment peut-on se poser des questions comme \u00e7a\u00a0?\u00a0\u00bb\u00a0&#8211; \u00ab\u00a0Quoi, l\u2019extinction\u00a0?\u00a0\u00bb, comme des gens qui m\u2019interviewent\u00a0: \u00ab\u00a0Mais de quoi parlez-vous ? \u00bb.\u00a0Non, les Chinois vont prendre \u00e7a au s\u00e9rieux, c\u2019est une bonne chose. Qu\u2019ils mettent le paquet pour en faire un livre qu\u2019on lit, c\u2019est tr\u00e8s bien. Bon vous avez vu, c\u2019est une presse universitaire, d\u2019une des plus grandes universit\u00e9s, celle qui a la meilleure r\u00e9putation justement dans la r\u00e9flexion sociologique et \u00e9conomique. C\u2019est une tr\u00e8s bonne chose. Alors, je ne sais pas combien de temps cela prend pour traduire mon bouquin en chinois, il y a s\u00fbrement des discussions avec l\u2019auteur sur comment exprimer telle ou telle chose, mais cela va se faire. Voil\u00e0, c\u2019est un bon signe\u00a0! \u00c0 mon avis, si les Chinois lisent \u00e7a et le prennent au s\u00e9rieux, c\u2019est quand m\u00eame une bonne partie de l\u2019humanit\u00e9 qui aura une vision qui permettrait de prendre les choses en main et de partir dans une autre direction.<\/p>\n<p>Voil\u00e0, ce que j\u2019avais \u00e0 vous dire aujourd\u2019hui. Mes bras s\u2019ankylosent un peu \u00e0 tenir mon iPad \u00e0 bout de bras\u00a0! \u00c0 la semaine prochaine.<\/p>\n","protected":false},"excerpt":{"rendered":"<blockquote>\n<p>Retranscription de <a href=\"http:\/\/www.pauljorion.com\/blog\/2016\/04\/22\/le-temps-quil-fait-le-22-avril-2016\/\" target=\"_blank\">Le temps qu&rsquo;il fait le 22 avril 2016<\/a>. Merci \u00e0 Marianne Oppitz !<\/p>\n<\/blockquote>\n<p>Bonjour, nous sommes le vendredi 22 avril 2016.\u00a0Un tout petit mot de l\u2019actualit\u00e9, c\u2019est la question des r\u00e9fugi\u00e9s, des migrants. Un probl\u00e8me qui, au niveau de l\u2019Europe, semble \u00eatre du domaine de l\u2019insoluble. Des mesures sont prises qui [&hellip;]<\/p>\n","protected":false},"author":1,"featured_media":0,"comment_status":"closed","ping_status":"closed","sticky":false,"template":"","format":"standard","meta":{"footnotes":""},"categories":[1362,4728,4440,4796],"tags":[4327,40,4775,3097],"class_list":["post-84908","post","type-post","status-publish","format-standard","hentry","category-indignes","category-le-dernier-qui-sen-va-eteint-la-lumiere","category-migrations","category-nuit-debout","tag-le-dernier-qui-sen-va-eteint-la-lumiere","tag-chine","tag-nuit-debout","tag-refugies"],"_links":{"self":[{"href":"https:\/\/www.pauljorion.com\/blog\/wp-json\/wp\/v2\/posts\/84908","targetHints":{"allow":["GET"]}}],"collection":[{"href":"https:\/\/www.pauljorion.com\/blog\/wp-json\/wp\/v2\/posts"}],"about":[{"href":"https:\/\/www.pauljorion.com\/blog\/wp-json\/wp\/v2\/types\/post"}],"author":[{"embeddable":true,"href":"https:\/\/www.pauljorion.com\/blog\/wp-json\/wp\/v2\/users\/1"}],"replies":[{"embeddable":true,"href":"https:\/\/www.pauljorion.com\/blog\/wp-json\/wp\/v2\/comments?post=84908"}],"version-history":[{"count":8,"href":"https:\/\/www.pauljorion.com\/blog\/wp-json\/wp\/v2\/posts\/84908\/revisions"}],"predecessor-version":[{"id":84916,"href":"https:\/\/www.pauljorion.com\/blog\/wp-json\/wp\/v2\/posts\/84908\/revisions\/84916"}],"wp:attachment":[{"href":"https:\/\/www.pauljorion.com\/blog\/wp-json\/wp\/v2\/media?parent=84908"}],"wp:term":[{"taxonomy":"category","embeddable":true,"href":"https:\/\/www.pauljorion.com\/blog\/wp-json\/wp\/v2\/categories?post=84908"},{"taxonomy":"post_tag","embeddable":true,"href":"https:\/\/www.pauljorion.com\/blog\/wp-json\/wp\/v2\/tags?post=84908"}],"curies":[{"name":"wp","href":"https:\/\/api.w.org\/{rel}","templated":true}]}}