{"id":85498,"date":"2016-05-14T22:18:18","date_gmt":"2016-05-14T20:18:18","guid":{"rendered":"http:\/\/www.pauljorion.com\/blog\/?p=85498"},"modified":"2016-05-15T00:26:11","modified_gmt":"2016-05-14T22:26:11","slug":"le-temps-quil-fait-le-13-mai-2016-retranscription","status":"publish","type":"post","link":"https:\/\/www.pauljorion.com\/blog\/2016\/05\/14\/le-temps-quil-fait-le-13-mai-2016-retranscription\/","title":{"rendered":"LE TEMPS QU&rsquo;IL FAIT LE 13 MAI 2016 &#8211; (Retranscription)"},"content":{"rendered":"<blockquote><p>Retranscription de <a href=\"http:\/\/www.pauljorion.com\/blog\/2016\/05\/13\/le-temps-quil-fait-le-vendredi-13-mai-2016\/\" target=\"_blank\">Le temps qu&rsquo;il fait le 13 mai 2016<\/a>. Merci \u00e0 Marianne Oppitz !<\/p><\/blockquote>\n<p>Bonjour, nous sommes le vendredi 13 mai 2016.<\/p>\n<p>La derni\u00e8re fois que j\u2019ai fait ma vid\u00e9o un vendredi 13, j\u2019ai fait allusion \u00e0 la superstition, au fait qu\u2019il y a des gens qui consid\u00e8rent que \u00e7a porte malheur. En fait on \u00e9tait le vendredi 13 novembre 2015 et cette journ\u00e9e l\u00e0 s\u2019est termin\u00e9e dans un bain de sang.<\/p>\n<p><!--more-->Quelle est l\u2019actualit\u00e9 maintenant\u00a0? L\u2019actualit\u00e9 est d\u2019un ordre tout \u00e0 fait diff\u00e9rent mais elle ne vous a pas \u00e9chapp\u00e9. C\u2019est la division, \u00e0 nouveau, de mani\u00e8re tr\u00e8s claire, de la France, de l\u2019opinion publique en France, en deux camps\u00a0:\u00a0une droite et une gauche. Probl\u00e8me s\u00e9rieux pour le parti socialiste fran\u00e7ais, la division est pass\u00e9e par le milieu de ce parti. Ce qu\u2019on appelait le centre gauche est pass\u00e9 carr\u00e9ment \u00e0 droite depuis plusieurs ann\u00e9es, et ce qui \u00e9tait la gauche, reste la gauche.<\/p>\n<p>\u00c0\u00a0ce propos l\u00e0, comment est-ce qu\u2019on distingue un discours de gauche ou de droite si ce\u00a0n\u2019est pas pr\u00e9cis\u00e9 de mani\u00e8re tr\u00e8s claire\u00a0? Eh bien, vous l\u2019avez entendu : c\u2019est un classique, c\u2019est une chose qui marche \u00e0 tous les coups, un discours qui vous dit\u00a0: \u00ab\u00a0Il n\u2019y a plus ni gauche ni droite\u2026\u00a0\u00bb, \u00ab\u00a0Je tiens un discours, personnellement, qui n\u2019appartient ni \u00e0 la droite, ni \u00e0 la gauche\u2026\u00a0\u00bb, \u00ab\u00a0Toutes ces distinctions gauche et droite n\u2019ont jamais eu de sens en r\u00e9alit\u00e9\u2026\u00a0\u00bb. Eh bien, \u00e7a, cela distingue de mani\u00e8re claire, et cela le fait depuis des ann\u00e9es et des ann\u00e9es, depuis des dizaines d\u2019ann\u00e9es, c\u2019est la caract\u00e9ristique m\u00eame d\u2019un discours de droite.<\/p>\n<p>Pourquoi est-ce que le discours de droite tient \u00e0 pr\u00e9tendre qu\u2019il n\u2019y a pas de distinction entre la droite et la gauche\u00a0? Eh bien, c\u2019est id\u00e9ologique, c\u2019est li\u00e9 \u00e0 la pens\u00e9e de droite en tant que telle. C\u2019est de consid\u00e9rer qu\u2019il n\u2019y a qu\u2019une fa\u00e7on l\u00e9gitime de voir les choses, que tout probl\u00e8me est un probl\u00e8me purement technique, qu\u2019il n\u2019y a pas de probl\u00e8me politique \u00e0 proprement parler\u00a0:\u00a0il suffit de trouver la solution technique au probl\u00e8me. \u00ab\u00a0There is no alternative\u00a0\u00bb, c\u2019est le slogan de la droite. Il n\u2019y a qu\u2019une mani\u00e8re de faire les choses qui n\u2019est ni de gauche ni de droite. Voil\u00e0\u00a0! \u00c0\u00a0une certaine \u00e9poque c\u2019\u00e9tait carr\u00e9ment les fascistes qui tenaient ce discours \u00ab\u00a0Ni gauche ni droite !\u00a0\u00bb, en ce moment, c\u2019est la pens\u00e9e de droite en France.<\/p>\n<p>Alors, le fait que le Parti socialiste soit coup\u00e9 en deux, ce n\u2019est pas une bonne nouvelle pour lui. Vous l\u2019avez vu : \u00e0 l\u2019int\u00e9rieur du parti socialiste fran\u00e7ais, il y a des gens qui ont vot\u00e9 pour la Loi travail et d\u2019autres qui ont vot\u00e9 pour la censure du gouvernement. Cette division, cette n\u00e9cessit\u00e9 de choisir son camp, eh bien, elle touche tout ce qui est, je dirais, classiquement de centre gauche en France.<\/p>\n<p>Vous l\u2019avez peut-\u00eatre vu\u00a0:\u00a0cette division passe \u00e0 l\u2019int\u00e9rieur de la r\u00e9daction du Nouvel Observateur en particulier. 80% des gens qui y travaillent et qui ont pu voter hier, se d\u00e9clarent contre la direction qui, elle, a pris son virage \u00e0 droite. J\u2019ai le sentiment qu\u2019un journal quotidien auquel je collabore, qui est \u00ab\u00a0Le Monde\u00a0\u00bb, qui classiquement se trouve aussi au centre gauche, va souffrir \u00e9galement de cette n\u00e9cessit\u00e9 de se situer carr\u00e9ment \u00e0 gauche ou \u00e0 droite.<\/p>\n<p>Et alors, peut-\u00eatre, surprise pour les gens qui ont l\u2019habitude de dire que le Front national est un parti d\u2019extr\u00eame droite &#8211; ce qu\u2019il est sous diff\u00e9rents aspects bien entendu et surtout par la tradition familiale qui joint Madame Marine Le Pen \u00e0 son p\u00e8re Monsieur Jean-Marie &#8211; j\u2019ai le sentiment que cette division, la n\u00e9cessit\u00e9 de choisir entre une position de gauche ou de droite, va passer aussi \u00e0 travers le Front national. \u00c7a se dessine d\u00e9j\u00e0, d\u2019une certaine mani\u00e8re, mais j\u2019ai l\u2019impression que ce parti qui avait pu consid\u00e9rer qu\u2019il se situait tr\u00e8s clairement sur l\u2019\u00e9chiquier politique, doit lui aussi souffrir de ce qui est en train de se passer.<\/p>\n<p>Alors, on nous dit : \u00ab\u00a0Les \u00e9lections, cela va \u00eatre Monsieur Jupp\u00e9 contre Madame Le Pen\u00a0!\u00a0\u00bb\u00a0mais ce qu\u2019on va voir surtout dans les jours qui viennent, pour la d\u00e9fense des id\u00e9es d\u2019un des partis et de l\u2019autre, les champions de ces deux positions de droite et de gauche, eh bien, ils se trouvent li\u00e9s \u2026 &#8211; je ne dis pas que ce sont des gens qui ont une carte du Parti socialiste &#8211; mais ce sont des gens qu\u2019on a pris l\u2019habitude de consid\u00e9rer comme appartenant \u00e0 la mouvance du parti socialiste. Vous allez voir sur le plan des id\u00e9es, le grand duel entre Monsieur Emmanuel Macron, repr\u00e9sentant la droite des affaires classique\u00a0: la banque, et Monsieur Thomas Piketty, lui aussi apparemment un mod\u00e9r\u00e9, qui a \u00e9crit le grand classique marxiste de ces ann\u00e9es r\u00e9centes qui s\u2019appelle \u00ab\u00a0Le capital au XXI\u00e8 si\u00e8cle\u00a0\u00bb, un livre qui se situe de mani\u00e8re tr\u00e8s claire, \u00e0 gauche. On ne trouve pas chez Monsieur Piketty des affirmations comme l\u2019affirmation qui pr\u00e9tend qu\u2019il n\u2019y a ni gauche ni droite, on ne voit pas \u00e7a chez Piketty. Il ne dit pas que la distinction droite et gauche n\u2019a aucun sens. Tandis que c\u2019est le slogan m\u00eame du parti qu\u2019a cr\u00e9\u00e9 Monsieur Macron : \u00ab\u00a0En Marche\u00a0\u00bb.<\/p>\n<p>Voil\u00e0, l\u2019actualit\u00e9 de la semaine. Ce n\u2019est pas une actualit\u00e9 indiff\u00e9rente, c\u2019est une chose tr\u00e8s, tr\u00e8s importante qui va \u00e9videmment d\u00e9terminer ce qui va se passer en France, dans les semaines et dans les mois \u00e0 venir.<\/p>\n<p>Un petit mot sur mon actualit\u00e9 \u00e0 moi. Je continue \u00e0 faire mes petites tourn\u00e9es\u00a0: on continue \u00e0 aimer mon livre \u00ab\u00a0Le dernier qui s\u2019en va \u00e9teint la lumi\u00e8re\u00a0\u00bb. Voil\u00e0, par exemple vous pouvez voir, ce soir \u00e0 23h, une \u00e9mission de Monsieur Lechypre sur BFM, o\u00f9 l\u2019autre invit\u00e9 est Monsieur de Larosi\u00e8re. Vous pouvez voir \u00e7a ce soir \u00e0 23h. \u00c7a repasse samedi \u00e0 11h, et \u00e7a repasse encore dimanche, si ma m\u00e9moire est bonne, \u00e0 18h. Regardez cette \u00e9mission, elle est tr\u00e8s int\u00e9ressante. Monsieur Lechypre a insist\u00e9 sur le fait que, de mani\u00e8re un peu inattendue \u00e0 son avis et peut-\u00eatre m\u00eame pour moi (Monsieur de Larosi\u00e8re est quand m\u00eame ancien directeur du Fonds Mon\u00e9taire International, ancien gouverneur de la Banque de France, il n\u2019est pas une petite pointure\u00a0: pas un parcours discret dans le milieu de la finance et de l\u2019\u00e9conomie, voil\u00e0 quelqu\u2019un d\u2019important), les positions de Monsieur de la Rosi\u00e8re et les miennes \u00e9taient quasiment identiques. Ce qui est une excellente chose\u00a0: cela prouve peut-\u00eatre l\u00e0, que effectivement, certains types de probl\u00e8mes techniques n\u2019ont qu\u2019une solution et qu\u2019on retombe, si on a les yeux un petit peu ouverts, qu\u2019on retombe n\u00e9cessairement dessus.<\/p>\n<p>Et la derni\u00e8re petite remarque, voil\u00e0, j\u2019ai dit que je voulais faire vite. J\u2019ai fait un livre sur Keynes. Bon, sur mes id\u00e9es \u00e0 moi aussi. Cela s\u2019appelle \u00ab\u00a0Penser tout haut l\u2019\u00e9conomie avec Keynes\u00a0\u00bb. Vous l\u2019avez peut-\u00eatre vu, on a parl\u00e9 de ce livre, on n\u2019en n\u2019a pas parl\u00e9 \u00e9norm\u00e9ment, mais personne n\u2019a \u00e9mis une opinion sur ce livre, ni un \u00e9conomiste, ni qui que ce soit d\u2019autre. Il y a des gens qui ont dit bien entendu \u00ab\u00a0Oui, c\u2019est bien qu\u2019on fasse un livre sur Keynes\u00a0\u00bb, mais personne n\u2019a parl\u00e9 de ce que j\u2019ai \u00e9crit dans ce livre. Ni pour le critiquer en bien, ni pour le critiquer en mal. Et donc cela a \u00e9t\u00e9 ma surprise hier. Ma surprise a \u00e9t\u00e9 que quelqu\u2019un, pour la premi\u00e8re fois dans mon exp\u00e9rience d\u2019avoir publi\u00e9 ce livre en septembre de l\u2019ann\u00e9e derni\u00e8re, quelqu\u2019un a \u00e9mis une opinion sur ce livre. Bon c\u2019est une opinion, comment dire\u00a0? \u00ab\u00a0\u00e0 faire rougir\u00a0\u00bb comme on dit, si j\u2019avais la disposition de caract\u00e8re \u00e0 rougir je l\u2019aurais certainement fait en \u00e9coutant les compliments qui m\u2019ont \u00e9t\u00e9 faits hier par Monsieur de Larosi\u00e8re.<\/p>\n<p>Vous l\u2019avez compris, cela ne vient pas de n\u2019importe o\u00f9. Moi je me consid\u00e8re quand m\u00eame\u2026 &#8211; je n\u2019ai pas eu de formation en finance ou en \u00e9conomie \u00e0 proprement parler, oui, j\u2019ai un dipl\u00f4me de sociologue, j\u2019ai un dipl\u00f4me d\u2019anthropologue &#8211; mais je me suis quand m\u00eame toujours consid\u00e9r\u00e9, m\u00eame avec 18 ans d\u2019exp\u00e9rience dans le domaine de la finance, comme quelqu\u2019un qui venait avec un bagage d\u2019amateur. D\u2019amateur \u00e9clair\u00e9 mais quand m\u00eame d\u2019autodidacte dans ce domaine financier et \u00e9conomique. Et de voir ce Monsieur qui lui, au contraire, a \u00e9t\u00e9 un sp\u00e9cialiste de ces questions, qui est maintenant un vieux briscard dans ce domaine, me faire les compliments qu\u2019il m\u2019a faits, cela m\u2019a fait \u00e9norm\u00e9ment plaisir.<\/p>\n<p>Je voudrais encore ajouter, si vous regardez cette \u00e9mission &#8211; je vais m\u2019arranger pour mettre la vid\u00e9o sur le blog &#8211; vous verrez qu\u2019il m\u2019a fait le tr\u00e8s grand honneur de me consid\u00e9rer, v\u00e9ritablement, comme un \u00e9gal, de me parler comme \u00e0 un autre professionnel de la finance \u00e0 qui on peut parler normalement de choses qu\u2019on comprend tr\u00e8s bien. \u00c7a aussi, c\u2019est une reconnaissance qui m\u2019a touch\u00e9 au moment m\u00eame, et qui me parait tr\u00e8s importante. Bien s\u00fbr, j\u2019ai re\u00e7u un exemplaire du livre de Monsieur de Larosi\u00e8re o\u00f9 il explique tout ce qu\u2019il a fait \u00e0 l\u2019\u00e9poque o\u00f9 il \u00e9tait gouverneur de la Banque de France, o\u00f9 il a \u00e9t\u00e9 le directeur du Tr\u00e9sor, o\u00f9 il a \u00e9t\u00e9 le directeur du Fonds mon\u00e9taire International. Il n\u2019est pas certain que je sois d\u2019accord sur toutes les d\u00e9cisions qu\u2019il a prises, au moment o\u00f9 je lirai le livre, mais de toute mani\u00e8re, j\u2019ai re\u00e7u cette\u2026 allez, je vais utiliser un mot qui n\u2019est pas tout \u00e0 fait le bon, cette \u00ab\u00a0b\u00e9n\u00e9diction\u00a0\u00bb de cette personne tout \u00e0 fait autoris\u00e9e \u00e0 dire ce qu\u2019il faut penser sur les questions d\u2019\u00e9conomie et de finance.<\/p>\n<p>Voil\u00e0, je termine avec un peu d\u2019actualit\u00e9 personnelle. \u00c0 la semaine prochaine, il se passera s\u00fbrement encore plein de choses.\u00a0: cette actualit\u00e9 en France n\u2019est pas quelque chose qui va s\u2019arr\u00eater comme \u00e7a\u00a0! \u00c0 bient\u00f4t.<\/p>\n","protected":false},"excerpt":{"rendered":"<blockquote>\n<p>Retranscription de <a href=\"http:\/\/www.pauljorion.com\/blog\/2016\/05\/13\/le-temps-quil-fait-le-vendredi-13-mai-2016\/\" target=\"_blank\">Le temps qu&rsquo;il fait le 13 mai 2016<\/a>. Merci \u00e0 Marianne Oppitz !<\/p>\n<\/blockquote>\n<p>Bonjour, nous sommes le vendredi 13 mai 2016.<\/p>\n<p>La derni\u00e8re fois que j\u2019ai fait ma vid\u00e9o un vendredi 13, j\u2019ai fait allusion \u00e0 la superstition, au fait qu\u2019il y a des gens qui consid\u00e8rent que \u00e7a porte malheur. [&hellip;]<\/p>\n","protected":false},"author":1,"featured_media":0,"comment_status":"closed","ping_status":"closed","sticky":false,"template":"","format":"standard","meta":{"footnotes":""},"categories":[4454,4728,17],"tags":[4327,4340,3766,3420,4820,1360,1263],"class_list":["post-85498","post","type-post","status-publish","format-standard","hentry","category-france","category-le-dernier-qui-sen-va-eteint-la-lumiere","category-politique","tag-le-dernier-qui-sen-va-eteint-la-lumiere","tag-penser-tout-haut-leconomie-avec-keynes","tag-emmanuel-macron","tag-fn","tag-jacques-de-larosiere","tag-ps","tag-thomas-piketty"],"_links":{"self":[{"href":"https:\/\/www.pauljorion.com\/blog\/wp-json\/wp\/v2\/posts\/85498","targetHints":{"allow":["GET"]}}],"collection":[{"href":"https:\/\/www.pauljorion.com\/blog\/wp-json\/wp\/v2\/posts"}],"about":[{"href":"https:\/\/www.pauljorion.com\/blog\/wp-json\/wp\/v2\/types\/post"}],"author":[{"embeddable":true,"href":"https:\/\/www.pauljorion.com\/blog\/wp-json\/wp\/v2\/users\/1"}],"replies":[{"embeddable":true,"href":"https:\/\/www.pauljorion.com\/blog\/wp-json\/wp\/v2\/comments?post=85498"}],"version-history":[{"count":6,"href":"https:\/\/www.pauljorion.com\/blog\/wp-json\/wp\/v2\/posts\/85498\/revisions"}],"predecessor-version":[{"id":85556,"href":"https:\/\/www.pauljorion.com\/blog\/wp-json\/wp\/v2\/posts\/85498\/revisions\/85556"}],"wp:attachment":[{"href":"https:\/\/www.pauljorion.com\/blog\/wp-json\/wp\/v2\/media?parent=85498"}],"wp:term":[{"taxonomy":"category","embeddable":true,"href":"https:\/\/www.pauljorion.com\/blog\/wp-json\/wp\/v2\/categories?post=85498"},{"taxonomy":"post_tag","embeddable":true,"href":"https:\/\/www.pauljorion.com\/blog\/wp-json\/wp\/v2\/tags?post=85498"}],"curies":[{"name":"wp","href":"https:\/\/api.w.org\/{rel}","templated":true}]}}