{"id":86903,"date":"2016-06-19T15:02:27","date_gmt":"2016-06-19T13:02:27","guid":{"rendered":"http:\/\/www.pauljorion.com\/blog\/?p=86903"},"modified":"2016-06-19T15:02:27","modified_gmt":"2016-06-19T13:02:27","slug":"mon-cerveau-se-mit-a-hurler-par-isabelle-joly","status":"publish","type":"post","link":"https:\/\/www.pauljorion.com\/blog\/2016\/06\/19\/mon-cerveau-se-mit-a-hurler-par-isabelle-joly\/","title":{"rendered":"Mon cerveau se mit \u00e0 hurler, par Isabelle Joly"},"content":{"rendered":"<blockquote><p>Billet invit\u00e9.<\/p><\/blockquote>\n<p>Je suis bien au chaud. Ma maison est plut\u00f4t petite, elle s&rsquo;est rapetiss\u00e9e au fur et \u00e0 mesure que je grandissais.<\/p>\n<p>Il para\u00eet que c&rsquo;est une perception normale, qu&rsquo;en grandissant ce qui nous para\u00eet tr\u00e8s grand avec les souvenirs reprend des proportions plus justes.<br \/>\n<!--more--><br \/>\nDans mon cas, ma maison est r\u00e9ellement devenue plus petite. Et pourtant je n&rsquo;ai pas d\u00e9m\u00e9nag\u00e9. Il para\u00eet qu&rsquo;Alice, dans un pays des merveilles, a v\u00e9cu la m\u00eame exp\u00e9rience.<\/p>\n<p>Je vis plut\u00f4t confortablement, la nourriture me parvient r\u00e9guli\u00e8rement, je passe la plus grande partie de mon temps \u00e0 dormir. Lorsque je suis \u00e9veill\u00e9 j&rsquo;\u00e9coute les bruits qui me parviennent assourdis, j&rsquo;entends de la musique, des rires, des cris parfois, et je me rendors.<\/p>\n<p>Je pourrais continuer ainsi \u00e9ternellement.<\/p>\n<p>Un jour je suis devenu tr\u00e8s grand, ma t\u00eate a fini par d\u00e9passer le toit de ma maison. J&rsquo;ai entam\u00e9 un voyage extr\u00eamement mouvement\u00e9, et mon cerveau s&rsquo;est mis \u00e0 hurler :<\/p>\n<p>JE VAIS NAITRE !<\/p>\n<p>Je ne savais pas ce qui m&rsquo;attendait, je ne l&rsquo;ai d\u00e9couvert qu&rsquo;en vivant ce passage, ce miracle.<\/p>\n","protected":false},"excerpt":{"rendered":"<blockquote>\n<p>Billet invit\u00e9.<\/p>\n<\/blockquote>\n<p>Je suis bien au chaud. Ma maison est plut\u00f4t petite, elle s&rsquo;est rapetiss\u00e9e au fur et \u00e0 mesure que je grandissais.<\/p>\n<p>Il para\u00eet que c&rsquo;est une perception normale, qu&rsquo;en grandissant ce qui nous para\u00eet tr\u00e8s grand avec les souvenirs reprend des proportions plus justes.<\/p>\n","protected":false},"author":1,"featured_media":0,"comment_status":"closed","ping_status":"closed","sticky":false,"template":"","format":"standard","meta":{"footnotes":""},"categories":[6],"tags":[],"class_list":["post-86903","post","type-post","status-publish","format-standard","hentry","category-questions-essentielles"],"_links":{"self":[{"href":"https:\/\/www.pauljorion.com\/blog\/wp-json\/wp\/v2\/posts\/86903","targetHints":{"allow":["GET"]}}],"collection":[{"href":"https:\/\/www.pauljorion.com\/blog\/wp-json\/wp\/v2\/posts"}],"about":[{"href":"https:\/\/www.pauljorion.com\/blog\/wp-json\/wp\/v2\/types\/post"}],"author":[{"embeddable":true,"href":"https:\/\/www.pauljorion.com\/blog\/wp-json\/wp\/v2\/users\/1"}],"replies":[{"embeddable":true,"href":"https:\/\/www.pauljorion.com\/blog\/wp-json\/wp\/v2\/comments?post=86903"}],"version-history":[{"count":1,"href":"https:\/\/www.pauljorion.com\/blog\/wp-json\/wp\/v2\/posts\/86903\/revisions"}],"predecessor-version":[{"id":86904,"href":"https:\/\/www.pauljorion.com\/blog\/wp-json\/wp\/v2\/posts\/86903\/revisions\/86904"}],"wp:attachment":[{"href":"https:\/\/www.pauljorion.com\/blog\/wp-json\/wp\/v2\/media?parent=86903"}],"wp:term":[{"taxonomy":"category","embeddable":true,"href":"https:\/\/www.pauljorion.com\/blog\/wp-json\/wp\/v2\/categories?post=86903"},{"taxonomy":"post_tag","embeddable":true,"href":"https:\/\/www.pauljorion.com\/blog\/wp-json\/wp\/v2\/tags?post=86903"}],"curies":[{"name":"wp","href":"https:\/\/api.w.org\/{rel}","templated":true}]}}