{"id":89123,"date":"2016-09-16T21:59:28","date_gmt":"2016-09-16T19:59:28","guid":{"rendered":"http:\/\/www.pauljorion.com\/blog\/?p=89123"},"modified":"2016-09-16T21:59:28","modified_gmt":"2016-09-16T19:59:28","slug":"le-canari-arctique-ne-chante-plus-lettre-ouverte-a-lattention-de-tous-les-elus-de-france-sans-exception-par-philippe-soubeyrand","status":"publish","type":"post","link":"https:\/\/www.pauljorion.com\/blog\/2016\/09\/16\/le-canari-arctique-ne-chante-plus-lettre-ouverte-a-lattention-de-tous-les-elus-de-france-sans-exception-par-philippe-soubeyrand\/","title":{"rendered":"LE CANARI ARCTIQUE NE CHANTE PLUS : Lettre ouverte \u00e0 l&rsquo;attention de tous les \u00e9lus de France, sans exception, par Philippe Soubeyrand"},"content":{"rendered":"<blockquote><p>Billet invit\u00e9. Ouvert aux commentaires.<\/p><\/blockquote>\n<p>Mesdames et Messieurs,<br \/>\nOuvrez les yeux et r\u00e9agissez ! Indignez-vous !<br \/>\n\u00c0\u00a0vous toutes et tous qui \u00eates aujourd&rsquo;hui tout d\u00e9sign\u00e9 du fait des votes ant\u00e9rieurs de vos concitoyens, la lecture de cette lettre ne vous prendra que quelques minutes.<br \/>\n<!--more--><\/p>\n<p style=\"text-align: center;\"><img loading=\"lazy\" decoding=\"async\" class=\"aligncenter wp-image-89124 size-large\" src=\"http:\/\/www.pauljorion.com\/blog\/wp-content\/uploads\/Fig1-Syst\u00e8me_Complexe_Observ\u00e9_2010-1024x768.jpg\" alt=\"fig1-systeme_complexe_observe_2010\" width=\"660\" height=\"495\" srcset=\"https:\/\/www.pauljorion.com\/blog\/wp-content\/uploads\/Fig1-Syst\u00e8me_Complexe_Observ\u00e9_2010.jpg 1024w, https:\/\/www.pauljorion.com\/blog\/wp-content\/uploads\/Fig1-Syst\u00e8me_Complexe_Observ\u00e9_2010-300x225.jpg 300w, https:\/\/www.pauljorion.com\/blog\/wp-content\/uploads\/Fig1-Syst\u00e8me_Complexe_Observ\u00e9_2010-768x576.jpg 768w\" sizes=\"auto, (max-width: 660px) 100vw, 660px\" \/><em>Syst\u00e8me Complexe Observ\u00e9 dont ses Parasites<\/em> \u2013 photo prise le 20\/11\/2010 \u2013 Ch\u00e2teau de Vincennes<\/p>\n<p>Conform\u00e9ment \u00e0 la nouvelle loi organique de modernisation des r\u00e8gles applicables \u00e0 l&rsquo;\u00e9lection pr\u00e9sidentielle en vigueur depuis le 25 avril 2016 <strong>[1]<\/strong>, vous serez toutes et tous appel\u00e9s prochainement \u00e0 parrainer en toute autonomie des candidats de votre choix sachant que vos concitoyens devront alors se contenter des choix d\u00e9finitifs qui leur seront r\u00e9v\u00e9l\u00e9s d\u00e9but 2017 sur d\u00e9cision du Conseil Constitutionnel<strong> [2]<\/strong>. C&rsquo;est donc bel et bien sur vos \u00e9paules que repose d\u00e9sormais la lourde responsabilit\u00e9 des r\u00e9sultats \u00e0 venir lors de l&rsquo;annonce d\u00e9finitive \u00e0 l&rsquo;issue du second tour (in\u00e9vitable) de l&rsquo;\u00e9lection pr\u00e9sidentielle, le 7 mai prochain. En effet, et vous devriez normalement le savoir mieux que personne en tant qu&rsquo;\u00e9lus, de ces r\u00e9sultats en 2017 d\u00e9pendra l&rsquo;avenir commun mais h\u00e9las bien fragile de la France, de l&rsquo;Europe, mais aussi du Monde. De cette \u00e9lection d\u00e9coulera les r\u00e9ponses aux questions suivantes :<\/p>\n<p>&#8211; le Monde poursuivra-t-il sa lente agonie sous l&rsquo;effet conjugu\u00e9 de mesures ultralib\u00e9rales absurdes et d&rsquo;une Nature se mettant fort heureusement enfin en col\u00e8re, ou bien au contraire<\/p>\n<p>&#8211; la France sera-t-elle enfin le premier pays au Monde \u00e0 dire \u00ab STOP ! \u00bb \u00e0 tout ceci tout en proposant\/insufflant aux populations une nouvelle direction \u00e0 suivre ?<\/p>\n<p>Car nous le savons d\u00e9sormais, jamais dans l&rsquo;histoire de l&rsquo;Humanit\u00e9, notre esp\u00e8ce n&rsquo;a \u00e9t\u00e9 confront\u00e9e \u00e0 un tel d\u00e9fi <strong>[3]<\/strong>. Et de ce que nous en savons, jamais dans l&rsquo;Histoire de la Terre, aucune esp\u00e8ce n&rsquo;a \u00e9t\u00e9 confront\u00e9e \u00e0 un tel d\u00e9fi<strong> [4]<\/strong>. En l&rsquo;\u00e9tat actuel de nos connaissances, de toutes les extinctions de masse d&rsquo;ores et d\u00e9j\u00e0 connues, l&rsquo;extinction probable \u00e0 venir de l&rsquo;Humanit\u00e9 demeurera sans conteste scientifique possible, peut-\u00eatre aux capteurs de l&rsquo;IA (Intelligence Artificielle) en d\u00e9coulant, peut-\u00eatre aux sens d&rsquo;une intelligence extraterrestre \u00e0 venir, ou peut-\u00eatre tout simplement aux yeux d&rsquo;une future et lointaine esp\u00e8ce intelligente de la plan\u00e8te Terre, l&rsquo;une des plus remarquables qui soient, fruit de l&rsquo;autodestruction massive d&rsquo;une esp\u00e8ce \u00e0 l&rsquo;intelligence paradoxale, capable du meilleur comme du pire, emportant au passage avec elle toutes les autres esp\u00e8ces existantes, sans exception, bien que constituant avec elles l&rsquo;ensemble de la biosph\u00e8re terrestre. Ce sera alors le terme de ce que nous appelons d\u00e9sormais l&rsquo;Anthropoc\u00e8ne, cette \u00e8re g\u00e9ologique succ\u00e9dant \u00e0 l&rsquo;Holoc\u00e8ne, si souvent annonc\u00e9e\/expos\u00e9e par les uns, mais dont la communaut\u00e9 scientifique aura finalement mis tant de temps avant d&rsquo;admettre officiellement l&rsquo;existence <strong>[5] [6]<\/strong>, cette m\u00eame communaut\u00e9 scientifique ne semblant plus savoir d\u00e9sormais ce que les mots <em>s\u00e9rendipit\u00e9<\/em> et <em>spontan\u00e9it\u00e9<\/em> veulent dire ; une demi victoire am\u00e8re donc pour les uns et un demi aveu d&rsquo;\u00e9chec vraisemblablement pour les autres. Mais passons et retenons simplement ceci : l&rsquo;Holoc\u00e8ne, cette \u00e8re g\u00e9ologique qui nous a vu na\u00eetre, n&rsquo;est plus, et cette fois-ci c&rsquo;est officiel !<\/p>\n<p>Pour l&rsquo;heure, que de temps pr\u00e9cieux perdu pour rien face \u00e0 l&rsquo;urgence syst\u00e9mique en cours, de quoi malheureusement ne pas rendre optimistes les plus avis\u00e9s d&rsquo;entre nous <strong>[7]<\/strong>&#8230;<\/p>\n<p>Comment en sommes nous arriv\u00e9s l\u00e0 me direz-vous ? Nous avions h\u00e9las largement tout le temps n\u00e9cessaire pour r\u00e9pondre \u00e0 cette question qui ne peut plus \u00eatre notre priorit\u00e9 de r\u00e9flexion d\u00e9sormais, l&#8217;emballement climatique en cours ayant su mettre \u00e0 terre \u00e0 lui seul toute chance de transition viable pour l&rsquo;Humanit\u00e9, quoi qu&rsquo;on vous dise <strong>[8]<\/strong>, tant nous avons gaspill\u00e9\/sacrifi\u00e9 ce temps pourtant pr\u00e9cieux sur l&rsquo;Autel de nos balivernes et autres bagatelles. En outre, tout a d\u00e9j\u00e0 \u00e9t\u00e9 \u00e9crit sur ce sujet et fait d\u00e9sormais partie int\u00e9grante des m\u00e9moires \u00e0 venir de l&rsquo;Humanit\u00e9 si nous nous ent\u00eatons et ne r\u00e9agissons pas d\u00e8s maintenant <strong>[9]<\/strong>.<\/p>\n<p>Disposons-nous d&rsquo;une infime chance de pouvoir inverser la tendance me direz-vous encore ? Si nous agissons vite (d\u00e8s hier m\u00eame devrais-je \u00e9crire), d&rsquo;une main de fer et sans prendre le risque de nouveaux d\u00e9bats interminables, alors la r\u00e9ponse est probablement oui, mais probablement seulement tant les d\u00e9g\u00e2ts issus de notre incapacit\u00e9 \u00e0 pouvoir prendre les bonnes d\u00e9cisions au bon moment sont d&rsquo;ores et d\u00e9j\u00e0 immenses <strong>[10] [11] [12]<\/strong>, ce qui signifie aussi que nous allons devoir tout stopper\/partager\/r\u00e9parer\/nettoyer\/filtrer d\u00e8s maintenant, quoi qu&rsquo;on vous dise <strong>[13]<\/strong>.<\/p>\n<p>Mais alors, que pouvons-nous faire en tant qu&rsquo;\u00e9lus me direz-vous toujours ? Votre devoir en tant que dignes repr\u00e9sentants du peuple fran\u00e7ais sans jamais oublier\/ignorer\/\u00e9luder\/d\u00e9nier cette triste r\u00e9alit\u00e9 qui est aujourd&rsquo;hui la n\u00f4tre et que je vais devoir vous rappeler\/exposer plus en d\u00e9tail ci-apr\u00e8s. Il est aussi grand temps que vous nous fassiez la preuve incontestable de votre impartialit\u00e9 et de votre capacit\u00e9 de discernement, sans jamais vous laisser d\u00e9tourner de vos engagements\/obligations d\u00e9sint\u00e9ress\u00e9s envers le peuple fran\u00e7ais, mais pas seulement, que ce soit par le biais des op\u00e9rations de lobbying malheureusement toujours en cours \u00e0 tous les \u00e9tages de l&rsquo;appareil politique fran\u00e7ais <strong>[14] [15]<\/strong>, ou bien par le biais des op\u00e9rations de communication d&rsquo;influence toujours en cours \u00e9galement du fait notamment de la recrudescence effr\u00e9n\u00e9e de nos moyens num\u00e9riques connect\u00e9s au quotidien \u00e0 l&rsquo;\u00e9gard desquels vous autres les politiques vous montrez h\u00e9las si peu critiques <strong>[16]<\/strong>, alors que les scientifiques commencent \u00e0 peine justement \u00e0 en d\u00e9montrer toute la perversit\u00e9 manipulatrice <strong>[17]<\/strong>. Ainsi, parce que l&rsquo;Humanit\u00e9 doit assumer en toute responsabilit\u00e9 ses erreurs du pass\u00e9, en tant qu&rsquo;uniques repr\u00e9sentants du peuple fran\u00e7ais, vous devez d&rsquo;ores et d\u00e9j\u00e0 mettre un terme \u00e0 l&rsquo;omerta assourdissante ayant cours actuellement sur l&rsquo;ensemble de nos m\u00e9dias, qu&rsquo;ils soient priv\u00e9s ou bien publics, aux seuls ordres de lobbies ultralib\u00e9raux patent\u00e9s, tant cette strat\u00e9gie absurde du silence n&rsquo;a h\u00e9las que trop dur\u00e9. Il est en effet grand temps de pr\u00e9parer l&rsquo;opinion face aux r\u00e9els enjeux de notre \u00e9poque, si nous voulons \u00e9viter des r\u00e9actions en cha\u00eene qui ne feraient qu&rsquo;aggraver une situation devenue d&rsquo;ores et d\u00e9j\u00e0 incontr\u00f4l\u00e9e, notamment sur le plan climatique <strong>[18]<\/strong>, voire inextricable ; j&rsquo;ai v\u00e9cu personnellement des moments difficiles et je sais aujourd&rsquo;hui ce que le mot d\u00e9croissance veut dire, je ne vois malheureusement quasiment personne autour de moi, en 2016, qui serait r\u00e9ellement pr\u00e9par\u00e9 \u00e0 \u00e7a. Ensuite, vous allez devoir proposer\/parrainer en votre \u00e2me et conscience les personnes qui selon vous, seraient les mieux\u00a0\u00e0 m\u00eame de proposer\/f\u00e9d\u00e9rer une vision coh\u00e9rente\/r\u00e9aliste pour la France, l&rsquo;Europe, mais aussi le Monde, face \u00e0 ces m\u00eames enjeux.<\/p>\n<p>Dans ce cas, quels doivent-\u00eatre nos crit\u00e8res de d\u00e9cision me direz-vous enfin ? Certains d&rsquo;entre nous se demandaient encore tout r\u00e9cemment si l&rsquo;\u00e9conomie pouvait \u00eatre consid\u00e9r\u00e9e comme une science exacte <strong>[19]<\/strong>, puis de proposer que l&rsquo;\u00e9conomie ne soit en fait qu&rsquo;\u00ab une affaire de probabilit\u00e9s [&#8230;] individuelles \u00bb, le produit de ces probabilit\u00e9s ne pouvant tendre que vers z\u00e9ro dans le cadre d&rsquo;un syst\u00e8me complexe observ\u00e9 dont le nombre d\u2019interactions est infini, cela nous permettrait de mieux appr\u00e9hender \u00ab notre incapacit\u00e9 \u00e0 bien pr\u00e9voir \u00bb les \u00e9v\u00e9nements \u00e0 venir en fonction de telle et\/ou telle d\u00e9cision. J&rsquo;ai souri en lisant cela, non par moquerie, mais au contraire par admiration tant cette proposition pr\u00e9senterait selon moi au moins une vertu de taille, celle qui permettrait enfin de r\u00e9concilier \u00ab d\u00e9ductivisme \u00bb et \u00ab inductivisme \u00bb <strong>[20]<\/strong>, l&rsquo;\u00e9conomie appartenant bien \u00e9videmment depuis trop longtemps au second mouvement. Car si la finalit\u00e9 de l&rsquo;\u00e9conomie consiste bel et bien en une th\u00e9rapie de choc face aux enjeux de notre temps, alors ne faudrait-il pas justement que cette m\u00eame \u00e9conomie puisse enfin se pr\u00e9occuper de l&rsquo;ensemble des interactions en pr\u00e9sence dont nous savons tr\u00e8s bien que certaines corr\u00e9lations ne sont toujours pas \u00e0 ce jour clairement identifi\u00e9es et\/ou d\u00e9montr\u00e9es ? Souvenons-nous qu&rsquo;en 1972, le m\u00e9t\u00e9orologue Edward Lorenz <strong>[21]<\/strong> tenait une conf\u00e9rence \u00e0 l&rsquo;AAAS (American Association for the Advancement of Science) qu&rsquo;il avait intitul\u00e9e sous la forme d&rsquo;une interrogation :<em> Predictability : does the flap of a butterfly&rsquo;s wings in Brazil set off a tornado in Texas ?<\/em>. Dit autrement tout en inversant, en ignorant une variable quelle qu&rsquo;elle soit, m\u00eame la plus n\u00e9gligeable en apparence, c&rsquo;est une infinit\u00e9 de corr\u00e9lations que nous n\u00e9gligeons \u00e0 tort, et par ce biais, l&rsquo;ensemble des relations de cause \u00e0 effet possibles\/probables en d\u00e9coulant, tout cela ne pouvant nous conduire qu&rsquo;\u00e0 compromettre nos jugements, voire \u00e0 commettre sans cesse des pr\u00e9dicats faux par omission<strong> [22<\/strong>] ; en horlogerie, ce n&rsquo;est jamais sur le plus petit engrenage que l&rsquo;on place son cliquet <strong>[23] [24]<\/strong>, au risque de provoquer un simple cliquet long par cassure, mais sur le plus grand tant les efforts sont bien \u00e9videmment beaucoup plus importants au diam\u00e8tre primitif du plus petit d&rsquo;entre eux. Aussi, parce que je trouve la plupart des concepts \u00e9conomiques malheureusement beaucoup trop restrictifs\/incomplets, voire dans certains cas volontairement n\u00e9gligents, pour pouvoir expliquer l&rsquo;ensemble des interactions syst\u00e9miques qui animent le syst\u00e8me complexe observ\u00e9 au sein duquel nous sommes cens\u00e9s \u00e9voluer en total harmonie, ce qui n&rsquo;est h\u00e9las plus le cas depuis longtemps, je ne pense pas que l&rsquo;\u00e9conomie seule, m\u00eame au sens de l&rsquo;\u00e9conomie politique <strong>[25]<\/strong>, puisse \u00eatre la source de solutions durables face aux probl\u00e8mes de notre temps, bien au contraire, je pense m\u00eame que c&rsquo;est le fait de notre obstination \u00e0 vouloir faire une fixation sur ce seul et unique domaine de comp\u00e9tences au moment de chaque \u00e9lection pr\u00e9sidentielle pass\u00e9e, sans aller jusqu&rsquo;\u00e0 parler ici de <em>religion f\u00e9roce<\/em>, ce n&rsquo;est pas mon propos, et pas seulement en France, y compris lors de la mise en \u0153uvre de nos propres valeurs r\u00e9publicaines, qui nous a conduit au bord du gouffre que nous connaissons aujourd&rsquo;hui, l&rsquo;ultime phase d&rsquo;une crise syst\u00e9mique globale qui n&rsquo;a h\u00e9las que trop dur\u00e9 ; et quand j&rsquo;\u00e9cris ici \u00ab\u00a0crise syst\u00e9mique globale\u00a0\u00bb, j&rsquo;entends bien par l\u00e0 une crise mondiale quasi-ordonn\u00e9e \u00e0 la fois d\u00e9mographique, \u00e9nerg\u00e9tique, \u00e9conomique, chimique, biologique, climatique (<strong>dont l&#8217;emballement actuel nous d\u00e9passe tous compl\u00e8tement<\/strong>), sociologique, strat\u00e9gique, politique, philosophique, psychologique, voire psychiatrique, tant cette derni\u00e8re menace est d\u00e9sormais bien r\u00e9elle au regard des mesures extr\u00eamement maladroites qui ont \u00e9t\u00e9 prises jusqu&rsquo;\u00e0 maintenant pour tenter d&rsquo;y mettre un terme, et ceci en d\u00e9pit d&rsquo;une intensification de ces mesures avec la chute de Lehman Brothers en septembre 2008 <strong>[26]<\/strong>. Mais parce que la m\u00e9canique classique seule ne peut \u00e9galement tout expliquer, j&rsquo;en suis conscient, alors peut-\u00eatre serait-il enfin le moment opportun pour reconsid\u00e9rer des travaux majeurs tels que ceux du math\u00e9maticien Nicholas Georgescu-Roegen <strong>[27]<\/strong> concernant notamment la bio\u00e9conomie <strong>[28]<\/strong>, dont la biologie et la thermodynamique sont les socles fondateurs d&rsquo;une \u00e9conomie que je qualifierai cette fois-ci de <em>proprement syst\u00e9mique<\/em>. Il suffirait ensuite de remettre proprement le vocabulaire \u00e0 sa place et le tour serait jou\u00e9 :<\/p>\n<p><img loading=\"lazy\" decoding=\"async\" class=\"aligncenter wp-image-89125 size-large\" src=\"http:\/\/www.pauljorion.com\/blog\/wp-content\/uploads\/Fig2-Complexe_vs_Compliqu\u00e9_2015-1024x850.jpg\" alt=\"fig2-complexe_vs_complique_2015\" width=\"660\" height=\"548\" srcset=\"https:\/\/www.pauljorion.com\/blog\/wp-content\/uploads\/Fig2-Complexe_vs_Compliqu\u00e9_2015.jpg 1024w, https:\/\/www.pauljorion.com\/blog\/wp-content\/uploads\/Fig2-Complexe_vs_Compliqu\u00e9_2015-300x249.jpg 300w, https:\/\/www.pauljorion.com\/blog\/wp-content\/uploads\/Fig2-Complexe_vs_Compliqu\u00e9_2015-768x638.jpg 768w\" sizes=\"auto, (max-width: 660px) 100vw, 660px\" \/><em>Rq. En revenant un instant sur la proposition qui retenait pr\u00e9c\u00e9demment mon attention <strong>[19]<\/strong>, nous voyons tr\u00e8s clairement ici o\u00f9 se situe l&rsquo;\u00e9conomie au sens d&rsquo; \u00ab affaire de probabilit\u00e9s [&#8230;] individuelles \u00bb, les statistiques nous conduisant in\u00e9vitablement dans le mur, voire \u00e0 l&rsquo;extinction de l&rsquo;ensemble des esp\u00e8ces, si nous nous ent\u00eatons et ne r\u00e9agissons pas d\u00e8s maintenant&#8230;<\/em><\/p>\n<p style=\"text-align: center;\"><img loading=\"lazy\" decoding=\"async\" class=\"wp-image-89126 size-large\" src=\"http:\/\/www.pauljorion.com\/blog\/wp-content\/uploads\/Fig3-Inversion_2010-1024x768.jpg\" alt=\"fig3-inversion_2010\" width=\"660\" height=\"495\" srcset=\"https:\/\/www.pauljorion.com\/blog\/wp-content\/uploads\/Fig3-Inversion_2010.jpg 1024w, https:\/\/www.pauljorion.com\/blog\/wp-content\/uploads\/Fig3-Inversion_2010-300x225.jpg 300w, https:\/\/www.pauljorion.com\/blog\/wp-content\/uploads\/Fig3-Inversion_2010-768x576.jpg 768w\" sizes=\"auto, (max-width: 660px) 100vw, 660px\" \/><em>Inversion<\/em> \u2013 photo prise le 20\/11\/2010 \u2013 Ch\u00e2teau de Vincennes<\/p>\n<p>Je souhaite \u00e0 ce stade de mon propos vous pr\u00e9senter un exemple concret r\u00e9cent \u00e9loquent de \u00ab notre incapacit\u00e9 \u00e0 bien pr\u00e9voir \u00bb qui n&rsquo;a pourtant pas encore \u00e9t\u00e9 \u00e9voqu\u00e9 dans les m\u00e9dias alors que cela m\u00e9riterait bel et bien quelques explications de leur part.<\/p>\n<p>\u00c0\u00a0ce jour, nous le savons, l\u2019\u00e9pisode El Ni\u00f1o 2015-2016 est bel et bien le plus violent jamais enregistr\u00e9 depuis le d\u00e9but des mesures de ce ph\u00e9nom\u00e8ne en 1950 <strong>[29]<\/strong>. Les cons\u00e9quences humanitaires et \u00e9conomiques suite \u00e0 cet \u00e9pisode sont d&rsquo;ores et d\u00e9j\u00e0 catastrophiques avec plus de 60 millions de personnes directement touch\u00e9es dans le monde, les demandes d&rsquo;aide humanitaire d&rsquo;urgence n&rsquo;incluant pas la reconstruction du fait notamment des inondations, des s\u00e9cheresses, des s\u00e9ismes et\/ou des incendies subis dans plusieurs r\u00e9gions du monde, s&rsquo;\u00e9levant d&rsquo;ores et d\u00e9j\u00e0 \u00e0 plus de 3,6 milliards de dollars <strong>[30]<\/strong>.<\/p>\n<p>C&rsquo;est alors qu&rsquo;au printemps dernier retentissaient en ch\u0153ur tous les m\u00e9dias nationaux et internationaux nous annon\u00e7ant la fin de cet \u00e9pisode avec un retour probable de La Ni\u00f1a d&rsquo;ici \u00e0 la fin de l&rsquo;ann\u00e9e 2016. Ouf, nous serions sauv\u00e9s ! Les pluies diluviennes et la s\u00e9cheresse cesseraient enfin dans certaines r\u00e9gions du Monde et les r\u00e9coltes pourraient alors reprendre de plus belle. Les scientifiques \u00e9valuaient m\u00eame d\u00e8s le printemps 2016 ce retour de s\u0153urette avec pr\u00e8s de 75% de chance. Sauf que voil\u00e0, non seulement il est d\u00e9sormais acquis que La Ni\u00f1a ne reviendra pas, comme je n&rsquo;ai eu de cesse de le r\u00e9p\u00e9ter depuis le d\u00e9but de l&rsquo;ann\u00e9e <strong>[9] [29]<\/strong>, du fait notamment de la formation d&rsquo;un Blob \u00e0 environ 2.000 km au nord de ces latitudes<strong> [31]<\/strong>, penchant m\u00eame pour un retour probable, voire fulgurant, d&rsquo;El Ni\u00f1o d\u00e8s 2017, avec toutes les cons\u00e9quences que cela suppose <strong>[32]<\/strong> <strong>[33]<\/strong>, mais ces m\u00eames scientifiques \u00e9valuent d\u00e9sormais notre maintien en phase neutre avec pr\u00e8s de 50% de chance&#8230;<\/p>\n<p>En quelques mois seulement, nous sommes donc pass\u00e9s de 75% de chance pour un retour de La Ni\u00f1a, \u00e0 50% de chance pour un maintien en phase neutre, et donc dans le m\u00eame temps, de 2,2 milliards de dollars de d\u00e9ficit en terme d&rsquo;aides humanitaires <strong>[30]<\/strong>, \u00e0 100% de certitude en faveur de l\u2019immobilisme politique international <strong>[33]<\/strong>, ce dernier \u00e9tant de fait subordonn\u00e9 \u00e0 une simple \u00ab affaire de probabilit\u00e9s [&#8230;] individuelles \u00bb, sans que cela ne choque personne, ou presque ! Mais enfin, o\u00f9 est donc le probl\u00e8me si ce n&rsquo;est dans une nouvelle forme d&rsquo;hypocrisie politique opportuniste, aux seuls ordres de lobbies ultralib\u00e9raux en qu\u00eate d&rsquo;\u00e9conomies ?<\/p>\n<p style=\"text-align: center;\"><img loading=\"lazy\" decoding=\"async\" class=\"aligncenter wp-image-89127 size-large\" src=\"http:\/\/www.pauljorion.com\/blog\/wp-content\/uploads\/Fig4-IRI_20160517-20160816-1024x995.jpg\" alt=\"fig4-iri_20160517-20160816\" width=\"660\" height=\"641\" srcset=\"https:\/\/www.pauljorion.com\/blog\/wp-content\/uploads\/Fig4-IRI_20160517-20160816-1024x995.jpg 1024w, https:\/\/www.pauljorion.com\/blog\/wp-content\/uploads\/Fig4-IRI_20160517-20160816-300x291.jpg 300w, https:\/\/www.pauljorion.com\/blog\/wp-content\/uploads\/Fig4-IRI_20160517-20160816-768x746.jpg 768w, https:\/\/www.pauljorion.com\/blog\/wp-content\/uploads\/Fig4-IRI_20160517-20160816.jpg 1400w\" sizes=\"auto, (max-width: 660px) 100vw, 660px\" \/>Source : NOAA (National Oceanic and Atmospheric Administration), Climate Prediction Center <strong>[34]<\/strong>, mise \u00e0 jour IRI (International Research Institute) des pr\u00e9visions de l&rsquo;anomalie de la SST (Sea Surface Temperature) moyenne en El Ni\u00f1o 3.4 pour les mois de mai, juin, juillet et ao\u00fbt 2016.<\/p>\n<p>De toute fa\u00e7on, si j&rsquo;ose dire, peu importent ces pr\u00e9visions dont les algorithmes, aussi sophistiqu\u00e9s soient-ils, ont tous \u00e9t\u00e9 construits uniquement dans le cadre de la lucarne El Ni\u00f1o 3.4, \u00e0 savoir le secteur tropical d&rsquo;observation repr\u00e9sent\u00e9 par la r\u00e9gion (5\u00b0N-5\u00b0S, 120\u00b0-170\u00b0W), en sachant qu&rsquo;il y en a trois autres et qu&rsquo;elles sont toutes situ\u00e9es dans l&rsquo;ensemble de la bande tropicale d&rsquo;observation repr\u00e9sent\u00e9e par la r\u00e9gion (5\u00b0N-5\u00b0S, 80\u00b0-200\u00b0W) <strong>[9]<\/strong> ! Or, c&rsquo;est h\u00e9las bien au del\u00e0 de cet ensemble de lucarnes qu&rsquo;il faut regarder d\u00e9sormais, \u00e0 environ 2.000 km plus au nord. Eh oui ! Les temps changent extr\u00eamement vite comme vous pouvez le constater. Aussi, cessons de comparer ce qui n&rsquo;est plus comparable. Ce qui se joue en ce moment m\u00eame en Oc\u00e9an Pacifique n&rsquo;a plus rien \u00e0 voir avec les \u00e9pisodes El Ni\u00f1o des ann\u00e9es pr\u00e9c\u00e9dentes :<\/p>\n<p style=\"text-align: center;\"><img loading=\"lazy\" decoding=\"async\" class=\"aligncenter wp-image-89128 size-large\" src=\"http:\/\/www.pauljorion.com\/blog\/wp-content\/uploads\/Fig5-1998vs2016-20160817-1024x556.jpg\" alt=\"fig5-1998vs2016-20160817\" width=\"660\" height=\"358\" srcset=\"https:\/\/www.pauljorion.com\/blog\/wp-content\/uploads\/Fig5-1998vs2016-20160817-1024x556.jpg 1024w, https:\/\/www.pauljorion.com\/blog\/wp-content\/uploads\/Fig5-1998vs2016-20160817-300x163.jpg 300w, https:\/\/www.pauljorion.com\/blog\/wp-content\/uploads\/Fig5-1998vs2016-20160817-768x417.jpg 768w\" sizes=\"auto, (max-width: 660px) 100vw, 660px\" \/><em>El Ni\u00f1os 1997-98 vs 2015-16 <\/em>\u2013 Image publi\u00e9e par la NASA\/JPL-Caltech le 17\/08\/2016 <strong>[35]<\/strong>.<\/p>\n<p>A-t-on seulement id\u00e9e des diff\u00e9rentiels de stockage oc\u00e9anique d&rsquo;\u00e9nergie que cela repr\u00e9sente ?<\/p>\n<p>Mais s&rsquo;il n&rsquo;y avait que le cas de l&rsquo;Oc\u00e9an Pacifique, cela aurait \u00e9t\u00e9 trop beau. En outre, nous ne pouvons pas dire que nous n&rsquo;\u00e9tions pas pr\u00e9venus, les alertes scientifiques \u00e9tant pour le moins sans \u00e9quivoque possible d\u00e9sormais, et ceci quoi que puissent en penser les climato-sceptiques qui vraisemblablement ne d\u00e9sarment jamais, et surtout, ne corrigent toujours pas leur propre m\u00e9thode d&rsquo;analyse en d\u00e9pit des \u00e9vidences syst\u00e9miques qui s&rsquo;accumulent d\u00e9sormais les unes apr\u00e8s les autres, quand ce n&rsquo;est pas simplement concomitamment du fait des boucles de r\u00e9troaction positive se r\u00e9v\u00e9lant toujours plus nombreuses <strong>[22]<\/strong>.<\/p>\n<p>Parmi ces alertes scientifiques, trois d\u2019entre elles retiennent tout particuli\u00e8rement mon attention d&rsquo;initi\u00e9 :<\/p>\n<p>&#8211; celle du climatologue James Hansen <strong>[36]<\/strong> qui, m\u00eame si je ne partage absolument pas son positionnement en faveur de l&rsquo;\u00e9nergie nucl\u00e9aire <strong>[37]<\/strong>, nous alerte depuis des d\u00e9cennies, qui avait qualifi\u00e9 l&rsquo;Accord issu de la COP21 comme \u00e9tant une \u00ab fraude \u00bb <strong>[13]<\/strong>, et qui dans sa derni\u00e8re \u00e9tude, nous fait part, lui et son \u00e9quipe, de la dangerosit\u00e9 de la limite de 2\u00b0C d&rsquo;anomalie des temp\u00e9ratures moyennes globales \u00e0 ne surtout pas atteindre en raison des risques majeurs que cela repr\u00e9sente en terme d&rsquo;\u00e9l\u00e9vation brutale du niveau des oc\u00e9ans et des mers <strong>[38]<\/strong> ; nous en sommes d\u00e9j\u00e0 \u00e0 + de 2,2\u00b0C d&rsquo;anomalie des temp\u00e9ratures moyennes rien qu&rsquo;en r\u00e9gion arctique, ensuite<\/p>\n<p>&#8211; celle de l&rsquo;astrophysicien Roland Lehoucq <strong>[39]<\/strong>, qui avait su nous alerter tout en trouvant les mots justes quant \u00e0 notre limite naturelle \u00e9vidente d&rsquo;expansion d\u00e9mographique <strong>[40]<\/strong>, mais je me dois de revenir \u00e0 la fin de mon propos sur ce point qui repr\u00e9sente bel et bien l&rsquo;ultime grave danger pour l&rsquo;Humanit\u00e9, enfin<\/p>\n<p>&#8211; celle du physicien Peter Wadhams <strong>[41]<\/strong>, dont le dernier livre intitul\u00e9 <em>A farewell to ice, a report from the Arctic<\/em>, aux \u00e9ditions Allen Lane, septembre 2016, 256 pp. <strong>[42]<\/strong>, est une plaidoirie en faveur d&rsquo;une action internationale, tant scientifique que politique, pour nous pr\u00e9parer et agir au regard des cons\u00e9quences in\u00e9vitables\/imminentes de la disparition rapide de la banquise arctique, ce canari qui h\u00e9las ne chante d\u00e9j\u00e0 plus depuis longtemps d\u00e9sormais&#8230;<\/p>\n<p style=\"text-align: center;\"><img loading=\"lazy\" decoding=\"async\" class=\"aligncenter wp-image-89129 size-full\" src=\"http:\/\/www.pauljorion.com\/blog\/wp-content\/uploads\/Fig6-GFS-025deg_NH-SAT1_SST_anom32.png\" alt=\"fig6-gfs-025deg_nh-sat1_sst_anom32\" width=\"722\" height=\"744\" srcset=\"https:\/\/www.pauljorion.com\/blog\/wp-content\/uploads\/Fig6-GFS-025deg_NH-SAT1_SST_anom32.png 722w, https:\/\/www.pauljorion.com\/blog\/wp-content\/uploads\/Fig6-GFS-025deg_NH-SAT1_SST_anom32-291x300.png 291w\" sizes=\"auto, (max-width: 722px) 100vw, 722px\" \/>Image obtained using Climate Reanalyzer, Climate Change Institute, University of Maine, USA <strong>[43]<\/strong>.<\/p>\n<p>Car en Oc\u00e9an Arctique, l&rsquo;anomalie de la SST (Sea Surface Temperature) moyenne par rapport \u00e0 la moyenne calcul\u00e9e sur la p\u00e9riode 1971-2000, prend litt\u00e9ralement depuis quelques mois des allures de f\u00eate foraine, avec des situations devenues litt\u00e9ralement insoutenables, que ce soit en Mer de Barents situ\u00e9e au nord de l&rsquo;Europe, tout autour du Groenland, au large du Golfe d&rsquo;Alaska, ainsi que dans la r\u00e9gion situ\u00e9e plus au sud-ouest de la Mer de Beaufort et s&rsquo;\u00e9tendant de la Mer de B\u00e9ring au Bassin du Kamchatka. La banquise arctique se retrouve donc ainsi cern\u00e9e par de gigantesques masses d&rsquo;eau devenant toujours plus chaudes. Cela a pour effet imm\u00e9diat de provoquer de gigantesques houles qui fracturent et disloquent l&rsquo;ensemble de la banquise arctique \u00e0 l&rsquo;\u00e9paisseur devenue toujours plus fine ann\u00e9e apr\u00e8s ann\u00e9e, la banquise ne ressemblant plus d\u00e9sormais qu&rsquo;\u00e0 un vulgaire Ice Shake aux dimensions dramatiquement r\u00e9duites par rapport aux moyennes pour la p\u00e9riode 1979-2000, tant en volume qu&rsquo;en surface :<\/p>\n<p style=\"text-align: center;\"><img loading=\"lazy\" decoding=\"async\" class=\"aligncenter wp-image-89130 size-full\" src=\"http:\/\/www.pauljorion.com\/blog\/wp-content\/uploads\/Fig7-GFS-025deg_NH-SAT1_SEAICE-SNOW39.png\" alt=\"fig7-gfs-025deg_nh-sat1_seaice-snow39\" width=\"722\" height=\"640\" srcset=\"https:\/\/www.pauljorion.com\/blog\/wp-content\/uploads\/Fig7-GFS-025deg_NH-SAT1_SEAICE-SNOW39.png 722w, https:\/\/www.pauljorion.com\/blog\/wp-content\/uploads\/Fig7-GFS-025deg_NH-SAT1_SEAICE-SNOW39-300x266.png 300w\" sizes=\"auto, (max-width: 722px) 100vw, 722px\" \/>Image obtained and zoomed, using Climate Reanalyzer, Climate Change Institute, University of Maine, USA <strong>[43]<\/strong>.<\/p>\n<p>Mais disons aussi les choses franchement : c&rsquo;est bien l\u00e0 la suite logique \u00e0 la fois cruelle et \u00e9go\u00efste, de l&rsquo;accumulation conjugu\u00e9e de ravages, de mis\u00e8res et de d\u00e9tresses, cet ensemble de cliquets longs si souvent oubli\u00e9s\/ignor\u00e9s\/\u00e9lud\u00e9s\/d\u00e9ni\u00e9s, qui conduit l&rsquo;ensemble de l&rsquo;Humanit\u00e9 dans l&rsquo;impasse syst\u00e9mique que nous semblons d\u00e9couvrir tardivement seulement maintenant, et ce malgr\u00e9 nous, et avec elle, la France m\u00e9tropolitaine tout enti\u00e8re dont la superficie ne repr\u00e9sente au mieux, faut-il encore et toujours le rappeler, que 0,11% de la surface totale de la plan\u00e8te, alors que rien qu&rsquo;en terme d&rsquo;\u00e9missions de gaz \u00e0 effet de serre par exemple, la France repr\u00e9sente \u00e0 elle seule 1,1% des \u00e9missions mondiales de CO2 (dioxyde de carbone) <strong>[44]<\/strong> ; comparativement, les \u00c9tats-Unis connus pour \u00eatre le deuxi\u00e8me plus gros pays pollueur de la plan\u00e8te apr\u00e8s la Chine, repr\u00e9sentent \u00e0 eux seuls 16,0% des \u00e9missions mondiales en CO2 <strong>[44]<\/strong> pour une superficie repr\u00e9sentant au mieux 1,93% de la surface totale de la plan\u00e8te, ce qui en d&rsquo;autres termes signifie que <em>la France \u00e9met en d\u00e9pit de son parc nucl\u00e9aire, beaucoup plus de CO2 au km\u00b2 que les \u00c9tats-Unis<\/em>, alors que c&rsquo;est bien le constat inverse qui nous est communiqu\u00e9 si nous effectuons la m\u00eame comparaison mais cette fois-ci par habitant ! Et je ne parle ici que d&rsquo;un seul gaz parmi les 207 qui sont toujours r\u00e9pertori\u00e9s au sein du 5\u00e8me rapport du GIEC (Groupe d&rsquo;experts Intergouvernemental sur l\u2019\u00c9volution du Climat) utilis\u00e9 dans le cadre de la pr\u00e9paration\/r\u00e9daction de l&rsquo;Accord de Paris toujours en cours de ratification, les \u00c9tats-Unis et la Chine venant tout juste de le ratifier <strong>[45]<\/strong>.<\/p>\n<p>En \u00e9conomie politique, tout n&rsquo;est qu&rsquo;affaire de langage en effet <strong>[46]<\/strong>&#8230;<\/p>\n<p>En attendant, en d\u00e9pit de toute cette gesticulation par omission aux seules fins de masquer\/cacher les \u00e9vidences, il devient clairement incontestable que l&rsquo;ann\u00e9e 2016 est en passe de devenir l&rsquo;ann\u00e9e la plus chaude jamais enregistr\u00e9e, pulv\u00e9risant au passage les pr\u00e9c\u00e9dents records tout r\u00e9cemment et tristement acquis par 2014, puis 2015 <strong>[47]<\/strong>. Et si nous persistons comme nous le faisons sur la voie de la seule adaptation au d\u00e9triment de toute forme d&rsquo;att\u00e9nuation <strong>[13]<\/strong>, alors la situation ne peut aller que de pire en pire en effet <strong>[18]<\/strong>, et ceci bien plus rapidement que tout ce que nous disent nos mod\u00e8les math\u00e9matiques qui n&rsquo;ont de digne que leur seule sophistication, le climat semblant avoir d\u00e9sormais 1.000 et un coups d&rsquo;avance sur nos propres d\u00e9cisions ; nos lobbies ultralib\u00e9raux peuvent-\u00eatre fiers de leurs cr\u00e9ations algorithmiques construites uniquement sur fond de 3 dimensions, sauf que le syst\u00e8me complexe observ\u00e9 au sein duquel nous \u00e9voluons n\u00e9cessite la prise en compte d&rsquo;un espace euclidien de dimension n, avec n tendant tout simplement vers l&rsquo;infini <strong>[22]<\/strong>, et que m\u00eame 3.000 balises Argo ne peuvent qu&rsquo;en partie seulement contribuer \u00e0 approcher <strong>[48]<\/strong>. Aussi, nul doute en effet que les impacts\/ricochets \u00e9conomiques et humanitaires \u00e0 venir en d\u00e9coulant seront tout simplement catastrophiques et n&rsquo;auront d&rsquo;\u00e9gal que le \u00ab d\u00e9rapage climatique \u00bb en cours nous conduisant simplement \u00e0 notre perte <strong>[9] [49]<\/strong>. Ainsi expos\u00e9, le ch\u00f4mage de masse et la crise sociale, voire psychosociale, en d\u00e9coulant ne peuvent donc aller que crescendo, tout en nous conduisant au cloisonnement \u00e0 la fois r\u00e9el et\/ou virtuel qui ne peut que pousser l&rsquo;\u00eatre humain \u00e0 la folie, nous le savons. Les tensions qui touchent d&rsquo;ores et d\u00e9j\u00e0 toutes les couches sociales de nos soci\u00e9t\u00e9s, sont d\u00e9sormais palpables pas seulement en France, mais aussi partout dans le monde, et ceci au fur et \u00e0 mesure que la v\u00e9rit\u00e9 se fait jour, mais avec elle la rumeur aussi ; peut-\u00eatre faudrait-il d&rsquo;ailleurs s\u00e9rieusement envisager de stopper\/couper l&rsquo;herbe m\u00e9diatique sous le pied de l&rsquo;humanit\u00e9 afin d&rsquo;opposer un autre type de choc de complication\/simplification au choc de complication\/simplification en cours, ce fruit amer du harc\u00e8lement moral par omission auquel h\u00e9las personne ne pense vraiment, mais qui n&rsquo;est que la cons\u00e9quence de plusieurs ann\u00e9es\/d\u00e9cennies de propagandes accumul\u00e9es&#8230;<\/p>\n<p>Alors oui, comme le disait tout r\u00e9cemment l&rsquo;\u00e9conomiste Thomas Piketty <strong>[50]<\/strong>, plus que jamais nous avons effectivement besoin d&rsquo;une r\u00e9elle innovation politique !<\/p>\n<p>Trop en dire tout en confondant maladroitement v\u00e9rit\u00e9 et rumeur, cela d\u00e9truit tout ce pour quoi l&rsquo;on s&rsquo;est donn\u00e9 tant de mal \u00e0 construire. Mais ne rien dire du tout d\u00e9truit aussi par omission, et certains feraient d&rsquo;ailleurs bien de s&rsquo;interroger rapidement sur ce point&#8230; car cela fait d\u00e9j\u00e0 plus d&rsquo;une d\u00e9cennie que cette crise syst\u00e9mique globale est pass\u00e9e \u00e0 la vitesse sup\u00e9rieure, et avec elle la cacophonie \u00e0 la fois transactionnelle, informationnelle et d\u00e9cisionnelle. Il serait donc grand temps en effet de remettre de la transparence dans tout cela.<\/p>\n<p>Pourquoi ? Parce que nous vivons \u00e0 l&rsquo;heure de l&rsquo;inductivisme comme je l&rsquo;ai si souvent \u00e9crit dans mes pr\u00e9c\u00e9dents billets, et que nous sommes absolument incapables d&rsquo;envisager la moindre remise en question imm\u00e9diate de notre fa\u00e7on d&rsquo;appr\u00e9hender les probl\u00e8mes en temps r\u00e9el, chacun campant sur ses positions. Pourtant, si nous \u00e9tions tous des sapeurs-pompiers, nous saurions qu&rsquo;en de pareilles circonstances il nous faut agir autrement que par la seule et stricte d\u00e9monstration de force individuelle. Quoiqu&rsquo;on en dise, nos soci\u00e9t\u00e9s dites civilis\u00e9es agissant uniquement dans l&rsquo;int\u00e9r\u00eat des lobbies ultralib\u00e9raux, ont su freiner\/museler l&rsquo;intuition collective de l&rsquo;Humanit\u00e9, ce qui nous fait h\u00e9las cruellement d\u00e9faut aujourd&rsquo;hui lors de toutes nos prises de d\u00e9cision <strong>[13]<\/strong>. Aussi, continuons ainsi sur cette voie sans issue, et ce sera l&rsquo;ECHEC et MAT assur\u00e9s ! Alors que si nous cessions de nous ent\u00eater, et si nous \u00e9tions enfin favorables \u00e0 un NEW DEAL \u00e0 l&rsquo;issue duquel de nouvelles valeurs viendraient enfin \u00e9tayer nos valeurs actuelles clairement insuffisantes, alors peut-\u00eatre serions-nous enfin capables d&rsquo;en finir avec l&rsquo;ensemble de nos pr\u00e9dicats faux <strong>[22]<\/strong>. Nous pourrions sans doute prendre les bonnes d\u00e9cisions sans avoir \u00e0 passer par tout un tas de proc\u00e9dures et d&rsquo;artifices totalement inadapt\u00e9s aux circonstances dont la rapidit\u00e9 de propagation en cha\u00eene des incidents et de leurs ricochets demeure sans aucun doute la plus redoutable&#8230; le pire \u00e9tant bien \u00e9videmment \u00e0 venir si nous ne r\u00e9agissons pas d\u00e8s maintenant !<\/p>\n<p>Sans le courage politique n\u00e9cessaire \u00e0 l&rsquo;adoption concert\u00e9e d&rsquo;un tel New Deal de la part de tous ceux qui nous dirigent \u00e0 travers le monde, nous vivrons bel et bien d\u00e9sormais une gigantesque phase de confusion dont le paroxysme sera caract\u00e9ris\u00e9 par une crise psychiatrique g\u00e9n\u00e9ralis\u00e9e sans pr\u00e9c\u00e9dent, ce qui ne pourra qu&rsquo;aggraver une situation d&rsquo;ores et d\u00e9j\u00e0 inextricable, tant les esprits citoyens aliment\u00e9s exclusivement \u00e0 grand coup de propagande ne comprendront tout simplement pas ce qui est sur le point de leur arriver. Je ne vois donc que l&rsquo;\u00e9bauche du plan suivant pour pouvoir esp\u00e9rer en sortir rapidement avant de pouvoir se retrousser les manches tous ensemble et se remettre enfin autour de la table internationale des discussions en faveur de mesures mondiales d&rsquo;exception :<\/p>\n<p>&#8211; recr\u00e9er rapidement les conditions n\u00e9cessaires au r\u00e9tablissement des liens sociaux entre les individus tout en s&rsquo;interrogeant sur la pertinence locale de la relation globale homme-machine (Internet), quoi qu&rsquo;on en dise,<\/p>\n<p>&#8211; r\u00e9futer\/refouler toute forme de cloisonnement, notamment social, politique et scientifique,<\/p>\n<p>&#8211; engager un vrai travail d&rsquo;explication et\/ou de vulgarisation de la crise syst\u00e9mique globale,<\/p>\n<p>&#8211; faire face avec la plus grande fermet\u00e9 \u00e0 la crise syst\u00e9mique globale en cours, telle qu&rsquo;\u00e9num\u00e9r\u00e9e pr\u00e9c\u00e9demment, et notamment \u00e0 l&#8217;emballement climatique en cours (en esp\u00e9rant que les \u00e9l\u00e9ments nous en laissent le temps, ce dont je doute moi aussi de plus en plus \u00e0 la lecture des derniers indicateurs de juillet-ao\u00fbt 2016 : concentrations de GES, anomalie de temp\u00e9rature moyenne globale, Index PDO, Blob\/El Ni\u00f1o vs La Ni\u00f1a, Index SOI, Index QBO, Index NAO, <strong>anomalie SST moyenne de l&rsquo;Oc\u00e9an Arctique<\/strong>, banquise arctique et calotte glaci\u00e8re du Groenland confondues \u2013 nous avons en effet beaucoup trop tard\u00e9 <strong>[29]<\/strong>), sans jamais confondre fermet\u00e9 et autorit\u00e9, sauf si malheureusement cela devait s&rsquo;av\u00e9rer n\u00e9cessaire au regard de l&rsquo;int\u00e9r\u00eat g\u00e9n\u00e9ral,<\/p>\n<p>&#8211; freiner\/museler une bonne fois pour toutes l&rsquo;ensemble des lobbies ultralib\u00e9raux&#8230; cette situation ayant tout simplement assez dur\u00e9, il nous faut mettre d\u00e9sormais un point d&rsquo;arr\u00eat d\u00e9finitif au lobbying et \u00e0 la communication d&rsquo;influence en d\u00e9coulant, et enfin<\/p>\n<p>&#8211; \u00e9viter \u00e0 tout prix la derni\u00e8re strate du \u00ab soliton \u00bb en cours, celle \u00e0 laquelle personne ne pense vraiment, celle qui est directement corr\u00e9l\u00e9e \u00e0 notre expansion d\u00e9mographique <strong>[40]<\/strong>, et qui repr\u00e9sente tr\u00e8s probablement l&rsquo;ultime danger avant toute extinction de masse <strong>[51]<\/strong>, du fait notamment des boucles de r\u00e9troaction positive en d\u00e9coulant, \u00e0 savoir l&rsquo;augmentation fulgurante de la \u00ab n\u00e9cromasse \u00bb terrestre <strong>[52]<\/strong>&#8230;<\/p>\n<p>Comme je l&rsquo;\u00e9crivais pr\u00e9c\u00e9demment, mais aussi r\u00e9cemment \u00e0 Paul Jorion, il faut opposer un autre type de CHOC de COMPLICATION\/SIMPLIFICATION au CHOC de COMPLICATION\/SIMPLIFICATION en cours, ce fruit amer du HARC\u00c8LEMENT MORAL PAR OMISSION d&rsquo;une part, et du HARC\u00c8LEMENT BIOSPH\u00c9RIQUE PAR \u00c9ROSION d&rsquo;autre part. Ensuite, et seulement ensuite, les conditions seront alors r\u00e9unies pour pouvoir se remettre au travail et cr\u00e9er le CHOC de COMPLEXIFICATION\/DIVERSIFICATION propre \u00e0 tout \u00c9COSYST\u00c8ME que nous avons depuis trop longtemps ignor\u00e9\/n\u00e9glig\u00e9\/\u00e9lud\u00e9. Nous devons \u00e9crire au plus vite une NOUVELLE PAGE de l&rsquo;ANTHROPOC\u00c8NE afin que l&rsquo;HUMANITE et la BIOSPH\u00c8RE ne fassent \u00e0 nouveau plus qu&rsquo;UN, sans quoi celle o\u00f9 nous nous trouvons sera bel et bien, t\u00f4t ou tard, la derni\u00e8re page d&rsquo;un volume \u00e0 la fois inique et inachev\u00e9&#8230; et sans doute beaucoup plus t\u00f4t que tard, quoi qu&rsquo;on en dise.<\/p>\n<p style=\"text-align: center;\"><img loading=\"lazy\" decoding=\"async\" class=\"aligncenter wp-image-89131 size-large\" src=\"http:\/\/www.pauljorion.com\/blog\/wp-content\/uploads\/Fig8-Inversion_des_Valeurs_2010-1024x768.jpg\" alt=\"fig8-inversion_des_valeurs_2010\" width=\"660\" height=\"495\" srcset=\"https:\/\/www.pauljorion.com\/blog\/wp-content\/uploads\/Fig8-Inversion_des_Valeurs_2010.jpg 1024w, https:\/\/www.pauljorion.com\/blog\/wp-content\/uploads\/Fig8-Inversion_des_Valeurs_2010-300x225.jpg 300w, https:\/\/www.pauljorion.com\/blog\/wp-content\/uploads\/Fig8-Inversion_des_Valeurs_2010-768x576.jpg 768w\" sizes=\"auto, (max-width: 660px) 100vw, 660px\" \/><em>Inversion des Valeurs<\/em> \u2013 photo prise le 20\/11\/2010 \u2013 Ch\u00e2teau de Vincennes<\/p>\n<p>Pour l&rsquo;heure, <em>certains ont d&rsquo;ores et d\u00e9j\u00e0 fait le choix de sombrer d\u00e9finitivement dans l&rsquo;individualisme<\/em>, privil\u00e9giant finalement le repli sur soi plut\u00f4t que l&rsquo;engagement collectif au service de l&rsquo;int\u00e9r\u00eat g\u00e9n\u00e9ral, ne faisant finalement que prolonger un \u00e9tat de choc de complication\/simplification d&rsquo;ores et d\u00e9j\u00e0 \u00e9tabli par les uns. La belle erreur que voil\u00e0 !<\/p>\n<p>D&rsquo;autres ont fait le choix de s&rsquo;engager sans la moindre connaissance sur tous ces sujets syst\u00e9miques, se croyant capables de faire mieux que tous ceux qui se sont succ\u00e9d\u00e9s au pouvoir avant eux. Leur geste est certes noble et courageux, mais ils nous font perdre un temps pr\u00e9cieux et sont de fait tout aussi responsables de notre maintien quasi d\u00e9finitif dans l&rsquo;enlisement, que tous ceux qui nous y ont conduit avant eux. Une autre erreur que voil\u00e0 !<\/p>\n<p>D&rsquo;autres encore veulent se contenter des outils mis \u00e0 notre disposition pour \u00ab patcher \u00bb le syst\u00e8me complexe observ\u00e9 au sein duquel nous parvenons encore, on se demande comment, \u00e0 \u00e9voluer. Ceux-ci sont alors persuad\u00e9s que les choses vont pouvoir s&rsquo;arranger ainsi et que quelques rustines, certes parfois un peu plus imposantes que de coutume, suffiront pour nous maintenir \u00e0 flot. Sauf que tout cela se fait sans compter l&rsquo;hyper-complexit\u00e9 du syst\u00e8me en pr\u00e9sence et qu&rsquo;ils se trompent tous tr\u00e8s lourdement tout en nous faisant perdre eux aussi un temps pr\u00e9cieux, l&rsquo;Histoire r\u00e9cente nous montrant \u00e0 quel point cette mani\u00e8re de proc\u00e9der ne fonctionne tout simplement pas. Ici, \u00e0 ce stade, ce n&rsquo;est m\u00eame plus une erreur mais bien de l&rsquo;inconscience collective alors qu&rsquo;il suffirait de d\u00e9cloisonner les raisonnements et de ne pas se restreindre dans le choix du syst\u00e8me complexe observ\u00e9 !<\/p>\n<p>D&rsquo;autres enfin demeurent extr\u00eamement silencieux et discrets, n&rsquo;attirant pas l&rsquo;attention sur eux, se d\u00e9chargeant habilement de toute sorte de responsabilit\u00e9 bien qu&rsquo;ils se soient enrichis en provoquant cette crise innommable que nous subissons tous du fait de leur soif incessante d&rsquo;appropriation de toute sorte de ressources, consid\u00e9rant avoir acquis l\u00e9gitimement l&rsquo;ensemble de leurs biens sans jamais avoir failli dans leurs t\u00e2ches respectives, consid\u00e9rant aussi et surtout \u00eatre les seuls \u00e0 l&rsquo;abri de cette crise syst\u00e9mique globale qu&rsquo;ils ont eux-m\u00eames provoqu\u00e9e&#8230; A ce niveau l\u00e0, nous ne pouvons plus parler d&rsquo;erreur, mais bien de crime contre la biosph\u00e8re dont l&rsquo;Humanit\u00e9 fait partie int\u00e9grante, et nos enfants tout autant !<\/p>\n<p>Pour toutes ces raisons et apr\u00e8s solide r\u00e9flexion, parce que je le crois capable de toutes les remises en question n\u00e9cessaires et suffisantes, notamment quant au choix du syst\u00e8me complexe observ\u00e9 <strong>[22]<\/strong>, notamment aussi concernant la bio\u00e9conomie <strong>[27] [28]<\/strong>, parce qu&rsquo;il dispose d&rsquo;ores et d\u00e9j\u00e0 de la notori\u00e9t\u00e9 scientifique suffisante et de tous les contacts\/soutiens n\u00e9cessaires, je pense tr\u00e8s sinc\u00e8rement que monsieur Jorion a amplement raison d&rsquo;insister comme il le fait si gentiment \u00e0 sa mani\u00e8re depuis plusieurs mois <strong>[53]<\/strong>, dans l&rsquo;espoir de convaincre l&rsquo;\u00e9conomiste Thomas Piketty de revenir tr\u00e8s rapidement sur sa d\u00e9cision. Les Fran\u00e7ais ayant vraiment besoin d&rsquo;entendre un tout autre discours que tous ceux qui nous sont servis en permanence par l&rsquo;ensemble de la classe politique actuelle, cette explication sans langue de bois que Thomas Piketty appelait lui-m\u00eame de ses v\u0153ux d\u00e8s le d\u00e9but de l&rsquo;ann\u00e9e 2016, ne peut donc provenir d\u00e9sormais que de la bouche d&rsquo;un scientifique reconnu comme lui, tant il sera capable de s&rsquo;entourer d&rsquo;une \u00e9quipe de campagne aux visages \u00e0 la fois nouveaux et innovants. Il n&rsquo;est donc nullement question ici de \u00ab vocation \u00bb, mais bel et bien d&rsquo;obligation face \u00e0 l&rsquo;urgence, au sens de l&rsquo;engagement, tel que celui dont il nous fait d&rsquo;ores et d\u00e9j\u00e0 la preuve au fur et \u00e0 mesure de ses rares et pr\u00e9cieuses interventions.<\/p>\n<p>Voil\u00e0 pourquoi Mesdames et Messieurs, \u00e9lus de France, je me permets de vous solliciter par le biais de cette lettre \u00e9tay\u00e9e, afin que le n\u00e9cessaire puisse-\u00eatre fait au regard de l&rsquo;urgence&#8230;<\/p>\n<p>\u00ab <em>La qualit\u00e9 des grands leaders est leur capacit\u00e9 \u00e0 comprendre le contexte dans lequel ils op\u00e8rent et agissent en cons\u00e9quence.<\/em> \u00bb, Nelson Mandela.<\/p>\n<p>La France ne peut plus attendre. Elle a besoin d&rsquo;engagements et de changements imm\u00e9diats, mais avec elle, l&rsquo;Europe et le Monde aussi, sans quoi ce sera bel et bien au bout du chemin la fin in\u00e9luctable de notre esp\u00e8ce <strong>[4] [9]<\/strong>&#8230; et sans doute beaucoup plus t\u00f4t que tard si nous ne r\u00e9agissons pas d\u00e8s maintenant \u00e0 l&rsquo;\u00e9coute de la lecture temps r\u00e9el des quelques variables de mesure dont nous disposons et qui sont stock\u00e9es un peu partout aux quatre coins du globe.<\/p>\n<p>Aussi \u00e9coutez : non sans raison le canari arctique ne chante plus&#8230; songez-y d\u00e8s maintenant !<\/p>\n<p>Je vous remercie, Mesdames et Messieurs, \u00e0 vous tous qui m&rsquo;avez lu jusqu&rsquo;ici.<\/p>\n<p>Il ne vous reste plus d\u00e9sormais, en toute autonomie <strong>[54]<\/strong>, qu&rsquo;\u00e0 inverser le moment venu la vapeur, pour la France, pour l&rsquo;Europe, mais aussi pour le Monde !<\/p>\n<p>Bien sinc\u00e8rement,<\/p>\n<p>Philippe Soubeyrand<\/p>\n<p>============================================<\/p>\n<p><strong>[1]<\/strong> <a href=\"https:\/\/www.legifrance.gouv.fr\/affichLoiPubliee.do;jsessionid=CF708F5CAC74444A94C04D967EB26A65.tpdila08v_3?idDocument=JORFDOLE000031637512&amp;type=general&amp;legislature=14\">LOI organique n\u00b0 2016-506 du 25 avril 2016 de modernisation des r\u00e8gles applicables \u00e0 l&rsquo;\u00e9lection pr\u00e9sidentielle<\/a>, legifrance, le 26\/04\/2016.<\/p>\n<p><strong>[2]<\/strong> <a href=\"http:\/\/www.vie-publique.fr\/actualite\/faq-citoyens\/election-presidentielle-2017\/\">\u00c9lection pr\u00e9sidentielle 2017<\/a>, vie publique, le 28\/08\/2016.<\/p>\n<p><strong>[3]<\/strong> Pablo Servigne et Rapha\u00ebl Stevens, <a href=\"http:\/\/www.seuil.com\/ouvrage\/comment-tout-peut-s-effondrer-pablo-servigne\/9782021223316\">Comment tout peut s&rsquo;effondrer, Petit manuel de collapsologie \u00e0 l&rsquo;usage des g\u00e9n\u00e9rations pr\u00e9sentes<\/a>, aux \u00e9ditions du Seuil, avril 2015, 296 pp.<\/p>\n<p><strong>[4]<\/strong> Paul Jorion, <a href=\"http:\/\/www.fayard.fr\/le-dernier-qui-sen-va-eteint-la-lumiere-9782213699035\">Le dernier qui s&rsquo;en va \u00e9teint la lumi\u00e8re, Essai sur l&rsquo;extinction de l&rsquo;humanit\u00e9<\/a>, aux \u00e9ditions Fayard, 2016, 288 pp.<\/p>\n<p><strong>[5]<\/strong> Robert Macfarlane, <a href=\"https:\/\/www.theguardian.com\/books\/2016\/apr\/01\/generation-anthropocene-altered-planet-for-ever\">Generation Anthropocene : How humans have altered the planet for ever<\/a>, the Guardian, le 01\/04\/2016.<\/p>\n<p><strong>[6]<\/strong> Damian Carrington, <a href=\"https:\/\/www.theguardian.com\/environment\/2016\/aug\/29\/declare-anthropocene-epoch-experts-urge-geological-congress-human-impact-earth\">The Anthropocene epoch : scientists declare dawn of human-influenced age<\/a>, the Guardian, le 29\/08\/2016.<\/p>\n<p><strong>[7]<\/strong> Madeleine Th\u00e9odore, \u00ab <a href=\"http:\/\/www.pauljorion.com\/blog\/2016\/09\/12\/la-transition-fulgurante-vers-un-bouleversement-systemique-du-monde-bayard-2014-de-pierre-giorgini-par-madeleine-theodore\/\">La transition fulgurante. Vers un bouleversement syst\u00e9mique du monde ? <\/a>\u00bb (Bayard 2014) de Pierre Giorgini, Blog de Paul Jorion, le 12\/09\/2016.<\/p>\n<p><strong>[8]<\/strong> <a href=\"http:\/\/www.associations-citoyennes.net\/wp-content\/uploads\/2016\/04\/les-chemins-de-la-transition-synth\u00e8se-25-avril16.pdf\">Actions alternatives, changement syst\u00e9mique, raisons de vivre et d&rsquo;agir : trois chemins de la transition n\u00e9cessaires et compl\u00e9mentaires<\/a>, CAC (Collectif des Associations Citoyennes), le 25\/04\/2016.<\/p>\n<p><strong>[9]<\/strong> Philippe Soubeyrand, <a href=\"http:\/\/www.pauljorion.com\/blog\/2016\/06\/02\/requiem-le-temps-alloue-etait-depasse-par-philippe-soubeyrand\/\">REQUIEM : le temps allou\u00e9 \u00e9tait d\u00e9pass\u00e9&#8230;,<\/a> Blog de Paul Jorion, le 01\/06\/2016.<\/p>\n<p><strong>[10]<\/strong> Philippe Soubeyrand, 1 \u2013 <a href=\"http:\/\/www.pauljorion.com\/blog\/2015\/09\/09\/1-bilan-chimique-des-centaines-de-millions-de-tonnes-de-produits-toxiques-pour-quelques-pepites-par-philippe-soubeyrand\/\">BILAN CHIMIQUE : des centaines de millions de tonnes de produits toxiques pour quelques p\u00e9pites !<\/a>, Blog de Paul Jorion, le 09\/09\/2015.<\/p>\n<p><strong>[11]<\/strong> Philippe Soubeyrand, 2 \u2013 <a href=\"http:\/\/www.pauljorion.com\/blog\/2015\/09\/23\/bilan-biologique-lhumanite-orgueilleuse-ignore-tout-de-la-biosphere-terrestre-par-philippe-soubeyrand\/\">BILAN BIOLOGIQUE : l&rsquo;Humanit\u00e9 orgueilleuse ignore tout de la biosph\u00e8re terrestre !<\/a>, Blog de Paul Jorion, le 23\/09\/2015.<\/p>\n<p><strong>[12]<\/strong> Philippe Soubeyrand, 3 \u2013 <a href=\"http:\/\/www.pauljorion.com\/blog\/2015\/10\/06\/3-bilan-climatique-temperature-cryosphere-gulf-stream-el-nino-et-malgre-cela-nous-ne-sommes-toujours-pas-prets-par-philippe-soubeyrand\/\">BILAN CLIMATIQUE : temp\u00e9rature, cryosph\u00e8re, Gulf Stream, El Ni\u00f1o et malgr\u00e9 cela, nous ne sommes toujours pas pr\u00eats !<\/a>, Blog de Paul Jorion, le 06\/10\/2016.<\/p>\n<p><strong>[13]<\/strong> Philippe Soubeyrand, <a href=\"http:\/\/www.pauljorion.com\/blog\/2015\/12\/16\/cop21-un-petit-coup-de-marteau-pour-lhomme-un-grand-coup-de-masse-sur-lhumanite-des-lobbies-en-liesse-la-grande-parade-des-ong-est-terminee-par-philippe-soubeyrand\/\">COP21 : un petit coup de marteau pour l&rsquo;homme, un grand coup de masse sur l&rsquo;Humanit\u00e9&#8230; des lobbies en liesse&#8230; la grande parade des ONG est termin\u00e9e !<\/a>, Blog de Paul Jorion, le 16\/12\/2016.<\/p>\n<p><strong>[14]<\/strong> Alain Juillet, Olivier Le Picard, <a href=\"http:\/\/www.lesechos.fr\/idees-debats\/editos-analyses\/0211243612918-lobbying-en-france-les-effets-pervers-de-la-loi-sapin-2024822.php\">Lobbying en France : les effets pervers de la loi Sapin<\/a>, Les\u00c9chos.fr, le 05\/09\/2016.<\/p>\n<p><strong>[15]<\/strong> Anthony Escurat, <a href=\"http:\/\/www.latribune.fr\/opinions\/tribunes\/lobbying-et-secteur-public-une-hypocrisie-francaise-596554.html\">Lobbying et secteur public : une hypocrisie fran\u00e7aise<\/a>, LA TRIBUNE, le 06\/09\/2016.<\/p>\n<p><strong>[16]<\/strong> Maurice Merchier, <a href=\"http:\/\/www.causeur.fr\/primaire-democratie-internet-civic-tech-39912.html\">D\u00e9mocratie assist\u00e9e par ordinateur : le pouvoir aux perroquets, mis\u00e8re id\u00e9ologique de la \u00ab civic tech \u00bb<\/a>, CAUSEUR.fr, le 01\/09\/2016.<\/p>\n<p><strong>[17]<\/strong> Charles Cuvelliez, <a href=\"http:\/\/www.lemonde.fr\/idees\/article\/2016\/01\/27\/de-l-influence-de-google-sur-les-resultats-electoraux_4854577_3232.html\">De l&rsquo;influence de Google sur les r\u00e9sultats \u00e9lectoraux<\/a>, LeMonde.fr, le 27\/01\/2016.<\/p>\n<p><strong>[18]<\/strong> <a href=\"http:\/\/www.pauljorion.com\/blog\/2016\/09\/14\/climat-derapage-incontrole\/\">Climat : d\u00e9rapage incontr\u00f4l\u00e9<\/a>, Blog de Paul Jorion, le 14\/09\/2016.<\/p>\n<p><strong>[19]<\/strong> Jean-Paul Vignal, <a href=\"http:\/\/www.pauljorion.com\/blog\/2016\/09\/14\/leconomie-peut-elle-etre-une-science-exacte-par-jean-paul-vignal\/\">L&rsquo;\u00e9conomie peut-elle \u00eatre une science exacte ?<\/a>, Blog de Paul Jorion, le 14\/09\/2016.<\/p>\n<p><strong>[20]<\/strong> Philippe Soubeyrand, <a href=\"http:\/\/www.pauljorion.com\/blog\/2015\/11\/04\/etat-durgence-crise-systemique-globale-emballement-climatique-atlantique-nord-vs-el-nino-cop21-etou-loi-de-puisseguin-regardons-ce-soliton-en-face-par-philippe-soubeyrand\/\">ETAT D&rsquo;URGENCE : crise syst\u00e9mique globale, emballement climatique, Atlantique Nord vs El Ni\u00f1o, COP21 et\/ou Loi de Puisseguin&#8230; Regardons ce \u00ab soliton \u00bb en face !<\/a>, Blog de Paul Jorion, le 04\/11\/2015.<\/p>\n<p><strong>[21]<\/strong> E<a href=\"https:\/\/fr.wikipedia.org\/wiki\/Edward_Lorenz\">dward Lorenz<\/a>, Wikip\u00e9dia, L&rsquo;encyclop\u00e9die libre, le 30\/08\/2016.<\/p>\n<p><strong>[22]<\/strong> Philippe Soubeyrand, <a href=\"http:\/\/www.pauljorion.com\/blog\/2015\/08\/12\/stop-pour-en-finir-avec-les-predicats-faux-des-climato-sceptiques-par-philippe-soubeyrand\/\">STOP : pour en finir avec les pr\u00e9dicats faux des climato-sceptiques<\/a>, Blog de Paul Jorion, le 12\/08\/2015.<\/p>\n<p><strong>[23]<\/strong> <a href=\"https:\/\/fr.wikipedia.org\/wiki\/Cliquet_(m\u00e9canique)\">Cliquet (m\u00e9canique)<\/a>, Wikip\u00e9dia, L&rsquo;encyclop\u00e9die libre, le 03\/08\/2016.<\/p>\n<p><strong>[24]<\/strong> Roberto Boulant, <a href=\"http:\/\/www.pauljorion.com\/blog\/2016\/03\/14\/les-cliquets-poses-par-la-classe-dominante-allies-a-la-lachete-de-lespece-rendent-ils-le-pire-inevitable-par-roberto-boulant\/\">Les cliquets pos\u00e9s par la classe dominante alli\u00e9s \u00e0 la l\u00e2chet\u00e9 de l\u2019esp\u00e8ce, rendent-ils le pire in\u00e9vitable ?<\/a>, Blog de Paul Jorion, le 14\/03\/2016.<\/p>\n<p><strong>[25]<\/strong> Paul Jorion, Michel Leis, <a href=\"http:\/\/www.pauljorion.com\/blog\/2016\/09\/13\/michel-leis-2017-programme-sans-candidat-preface-par-paul-jorion-3eme-partie\/\">2017. Programme sans candidat<\/a>, Pr\u00e9face, Blog de Paul Jorion, le 13\/09\/2016.<\/p>\n<p><strong>[26]<\/strong> <a href=\"https:\/\/fr.wikipedia.org\/wiki\/Lehman_Brothers\">Lehman Brothers<\/a>, Wikip\u00e9dia, L&rsquo;encyclop\u00e9die libre, le 04\/09\/2016.<\/p>\n<p><strong>[27]<\/strong> <a href=\"https:\/\/fr.wikipedia.org\/wiki\/Nicholas_Georgescu-Roegen\">Nicholas Georgescu-Roegen<\/a>, Wikip\u00e9dia, L&rsquo;encyclop\u00e9die libre, le 04\/01\/2016.<\/p>\n<p><strong>[28]<\/strong> <a href=\"https:\/\/fr.wikipedia.org\/wiki\/Bio\u00e9conomie\">Bio\u00e9conomie<\/a>, Wikip\u00e9dia, L&rsquo;encyclop\u00e9die libre, le 28\/08\/2016.<\/p>\n<p><strong>[29]<\/strong> Philippe Soubeyrand, <a href=\"http:\/\/www.pauljorion.com\/blog\/2016\/03\/09\/le-temps-nous-est-compte-par-philippe-soubeyrand\/\">Le temps nous est compt\u00e9<\/a>, Blog de Paul Jorion, le 09\/03\/2016.<\/p>\n<p><strong>[30]<\/strong> <a href=\"http:\/\/www.unmultimedia.org\/radio\/french\/2016\/04\/el-nino-lonu-appelle-a-venir-en-aide-au-plus-de-60-millions-de-personnes-affectees\/#.V9sDRPmLRD9\">El Ni\u00f1o : l&rsquo;ONU appelle \u00e0 venir en aide au plus de 60 millions de personnes affect\u00e9es<\/a>, Information et M\u00e9dias, Radio des Nations Unies, le 26\/04\/2016.<\/p>\n<p><strong>[31]<\/strong> Philippe Soubeyrand, <a href=\"http:\/\/www.pauljorion.com\/blog\/2015\/11\/23\/non-pas-un-courant-el-nino-mais-deux-phenomenes-oceaniques-paralleles-espaces-de-plus-de-2000-km-dans-lest-de-locean-pacifique-par-philippe-soubeyrand\/\">Non pas un courant El Ni\u00f1o, mais deux ph\u00e9nom\u00e8nes oc\u00e9aniques parall\u00e8les espac\u00e9s de plus de 2000 km dans l&rsquo;est de l&rsquo;Oc\u00e9an Pacifique<\/a>, Blog de Paul Jorion, le 23\/11\/2015.<\/p>\n<p><strong>[32]<\/strong> Soumya Chatterjee, <a href=\"http:\/\/www.thenewsminute.com\/article\/nasas-data-rules-out-la-nina-what-should-india-expect-49926\">NASA&rsquo;s data rules out La Ni\u00f1a : What should India expect ?<\/a>, The NEWS Minute, le 15\/09\/2016.<\/p>\n<p><strong>[33]<\/strong> Paul Verdeau, <a href=\"http:\/\/www.slateafrique.com\/681889\/nigeria-famine\">Au Nigeria, la famine menace aussi, mais elle est presque invisible, Les organisations humanitaires tardent \u00e0 arriver dans l\u2019\u00c9tat de Borno, o\u00f9 la population est opprim\u00e9e par la pr\u00e9sence de Boko Haram et souffre de malnutrition<\/a>, SlateAfrique, le 02\/08\/2016.<\/p>\n<p><strong>[34]<\/strong> NOAA Climate Prediction Center, <a href=\"http:\/\/www.cpc.ncep.noaa.gov\/products\/analysis_monitoring\/lanina\/enso_evolution-status-fcsts-web.pdf\">ENSO : Recent Evolution, Current Status and Predictions<\/a>, published online May, June, July and August 2016.<\/p>\n<p><strong>[35]<\/strong> NASA Jet Propulsion Laboratory, California Institute of Technology, <a href=\"http:\/\/sealevel.jpl.nasa.gov\/elnino2015\/index.html\">El Ni\u00f1o : 1997-1998 vs. 2015-2016<\/a>, updated through August 17, 2016.<\/p>\n<p><strong>[36]<\/strong> <a href=\"https:\/\/fr.wikipedia.org\/wiki\/James_E._Hansen\">James E. Hansen<\/a>, Wikip\u00e9dia, L&rsquo;encyclop\u00e9die libre, le 23\/08\/2016.<\/p>\n<p><strong>[37]<\/strong> Audrey Garric, <a href=\"http:\/\/www.lemonde.fr\/planete\/article\/2013\/04\/03\/james-hansen-climatologue-franc-tireur-quitte-la-nasa_3152722_3244.html\">Le climatologue franc-tireur James Hansen quitte la NASA<\/a>, LeMonde.fr, le 03\/04\/2013.<\/p>\n<p><strong>[38]<\/strong> Hansen, J., Sato, M., Hearty, P., Ruedy, R., Kelley, M., Masson-Delmotte, V., Russell, G., Tselioudis, G., Cao, J., Rignot, E., Velicogna, I., Tormey, B., Donovan, B., Kandiano, E., von Schuckmann, K., Kharecha, P., Legrande, A. N., Bauer, M., and Lo, K.-W. : <a href=\"http:\/\/www.atmos-chem-phys.net\/16\/3761\/2016\/\">Ice melt, sea level rise and superstorms: evidence from paleoclimate data, climate modeling, and modern observations that 2 \u00b0C global warming could be dangerous<\/a>, Atmos. Chem. Phys., 16, 3761-3812, doi:10.5194\/acp-16-3761-2016, 2016.<\/p>\n<p><strong>[39]<\/strong> <a href=\"https:\/\/fr.wikipedia.org\/wiki\/Roland_Lehoucq\">Roland Lehoucq<\/a>, Wikip\u00e9dia, L&rsquo;encyclop\u00e9die libre, le 14\/09\/2016.<\/p>\n<p><strong>[40]<\/strong> Roland Lehoucq, <a href=\"http:\/\/www.monde-diplomatique.fr\/2005\/01\/LEHOUCQ\/11808\">Compte \u00e0 rebours<\/a>, LE MONDE diplomatique, janvier 2005, page 18.<\/p>\n<p><strong>[41]<\/strong> <a href=\"https:\/\/fr.wikipedia.org\/wiki\/Peter_Wadhams\">Peter Wadhams<\/a>, Wikip\u00e9dia, L&rsquo;encyclop\u00e9die libre, le 02\/04\/2016.<\/p>\n<p><strong>[42]<\/strong> Peter Wadhams, <a href=\"https:\/\/www.penguin.co.uk\/books\/273799\/a-farewell-to-ice\/\">A farewell to ice, a report from the Arctic<\/a>, aux \u00e9ditions Allen Lane, septembre 2016, 256 pp.<\/p>\n<p><strong>[43]<\/strong> <a href=\"http:\/\/cci-reanalyzer.org\/\">Climate Reanalyzer<\/a>, Climate Change Institut, University of Maine, USA.<\/p>\n<p><strong>[44]<\/strong> <a href=\"http:\/\/www.developpement-durable.gouv.fr\/IMG\/pdf\/Chiffres_cles_du_climat_en_France_et_dans_le_monde_2015.pdf\">Rep\u00e8res, Chiffres cl\u00e9s du climat, France et Monde<\/a>, \u00c9dition 2015, Minist\u00e8re de l\u2019\u00c9cologie, du D\u00e9veloppement durable et de l\u2019\u00c9nergie, Service de l&rsquo;observation et des statistiques.<\/p>\n<p><strong>[45]<\/strong> Simon Roger, Brice Pedroletti, <a href=\"http:\/\/www.lemonde.fr\/planete\/article\/2016\/09\/03\/climat-la-chine-premier-pollueur-mondial-ratifie-l-accord-de-paris_4992017_3244.html\">La Chine et les \u00c9tats-Unis ratifient l&rsquo;accord de Paris sur le climat<\/a>, Le Monde.fr, le 03\/09\/2016.<\/p>\n<p><strong>[46]<\/strong> Pascale Wattier et Olivier Picard, <a href=\"http:\/\/www.dna.fr\/culture\/2011\/11\/17\/le-parler-politique-est-systematiquement-manipulateur\">Le parler-politique est syst\u00e9matiquement manipulateur<\/a>, DNA.fr, le 17\/11\/2011.<\/p>\n<p><strong>[47]<\/strong> David Salas y M\u00e9lia, <a href=\"http:\/\/www.sudouest.fr\/2016\/09\/08\/climat-2016-toujours-plus-chaud-2493119-706.php\">Climat : 2016, toujours plus chaud<\/a>, SUD OUEST via The Conversation, le 09\/09\/2016.<\/p>\n<p><strong>[48]<\/strong> Rebecca Fowler, <a href=\"http:\/\/blogs.ei.columbia.edu\/2016\/08\/30\/how-does-the-ocean-drive-weather-and-climate-extremes\/\">How Does the Ocean Drive Weather and Climate Extremes ?<\/a>, State of the Planet, Earth Institute, Columbia University, le 30\/08\/2016.<\/p>\n<p><strong>[49]<\/strong> Emmanuel Poilane, 2016 sera l&rsquo;ann\u00e9e du d\u00e9rapage climatique, LE HUFFINGTON POST, le 30\/06\/2016.<\/p>\n<p><strong>[50]<\/strong><a href=\"https:\/\/fr.wikipedia.org\/wiki\/Thomas_Piketty\"> Thomas Piketty<\/a>, Wikip\u00e9dia, L&rsquo;encyclop\u00e9die libre, le 12\/09\/2016.<\/p>\n<p><strong>[51]<\/strong> Shereen Zorba, Michal Szymanski, <a href=\"http:\/\/www.unep.org\/newscentre\/Default.aspx?DocumentID=27081&amp;ArticleID=36251&amp;l=fr\">Des centaines de millions de personnes encourent des risques sanitaires en raison de la pollution croissante des eaux dans 3 continents<\/a>, UNEP NEWS CENTRE, le 30\/08\/2016.<\/p>\n<p><strong>[52]<\/strong> <a href=\"https:\/\/fr.wikipedia.org\/wiki\/N\u00e9cromasse\">N\u00e9cromasse<\/a>, Wikip\u00e9dia, L&rsquo;encyclop\u00e9die libre, le 19\/12\/2015.<\/p>\n<p><strong>[53]<\/strong> Paul Jorion, <a href=\"http:\/\/www.pauljorion.com\/blog\/2016\/07\/12\/thomas-piketty-presentez-vous-aux-presidentielles-de-2017-la-video\/\" target=\"_blank\">Thomas Piketty, pr\u00e9sentez-vous aux pr\u00e9sidentielles de 2017 !<\/a>, Blog de Paul Jorion, le 12\/07\/2016.<\/p>\n<p><strong>[54]<\/strong> <a href=\"https:\/\/fr.wikipedia.org\/wiki\/Pr\u00e9sentation_des_candidats_\u00e0_l'\u00e9lection_pr\u00e9sidentielle_fran\u00e7aise\">Pr\u00e9sentation des candidats \u00e0 l&rsquo;\u00e9lection pr\u00e9sidentielle fran\u00e7aise<\/a>, Wikip\u00e9dia, L&rsquo;encyclop\u00e9die libre, le 11\/08\/2016.<\/p>\n","protected":false},"excerpt":{"rendered":"<blockquote>\n<p>Billet invit\u00e9. Ouvert aux commentaires.<\/p>\n<\/blockquote>\n<p>Mesdames et Messieurs,<br \/> Ouvrez les yeux et r\u00e9agissez ! Indignez-vous !<br \/> \u00c0\u00a0vous toutes et tous qui \u00eates aujourd&rsquo;hui tout d\u00e9sign\u00e9 du fait des votes ant\u00e9rieurs de vos concitoyens, la lecture de cette lettre ne vous prendra que quelques minutes.<\/p>\n","protected":false},"author":41,"featured_media":0,"comment_status":"open","ping_status":"closed","sticky":false,"template":"","format":"standard","meta":{"footnotes":""},"categories":[4390,22,4494,4454,17],"tags":[4546,1472,172,1263],"class_list":["post-89123","post","type-post","status-publish","format-standard","hentry","category-collapsologie","category-ecologie","category-environnement","category-france","category-politique","tag-el-nino","tag-environnement","tag-rechauffement-climatique","tag-thomas-piketty"],"_links":{"self":[{"href":"https:\/\/www.pauljorion.com\/blog\/wp-json\/wp\/v2\/posts\/89123","targetHints":{"allow":["GET"]}}],"collection":[{"href":"https:\/\/www.pauljorion.com\/blog\/wp-json\/wp\/v2\/posts"}],"about":[{"href":"https:\/\/www.pauljorion.com\/blog\/wp-json\/wp\/v2\/types\/post"}],"author":[{"embeddable":true,"href":"https:\/\/www.pauljorion.com\/blog\/wp-json\/wp\/v2\/users\/41"}],"replies":[{"embeddable":true,"href":"https:\/\/www.pauljorion.com\/blog\/wp-json\/wp\/v2\/comments?post=89123"}],"version-history":[{"count":7,"href":"https:\/\/www.pauljorion.com\/blog\/wp-json\/wp\/v2\/posts\/89123\/revisions"}],"predecessor-version":[{"id":89141,"href":"https:\/\/www.pauljorion.com\/blog\/wp-json\/wp\/v2\/posts\/89123\/revisions\/89141"}],"wp:attachment":[{"href":"https:\/\/www.pauljorion.com\/blog\/wp-json\/wp\/v2\/media?parent=89123"}],"wp:term":[{"taxonomy":"category","embeddable":true,"href":"https:\/\/www.pauljorion.com\/blog\/wp-json\/wp\/v2\/categories?post=89123"},{"taxonomy":"post_tag","embeddable":true,"href":"https:\/\/www.pauljorion.com\/blog\/wp-json\/wp\/v2\/tags?post=89123"}],"curies":[{"name":"wp","href":"https:\/\/api.w.org\/{rel}","templated":true}]}}