{"id":89151,"date":"2016-09-17T18:23:43","date_gmt":"2016-09-17T16:23:43","guid":{"rendered":"http:\/\/www.pauljorion.com\/blog\/?p=89151"},"modified":"2016-09-17T18:44:46","modified_gmt":"2016-09-17T16:44:46","slug":"cest-la-fin-des-prolongations-par-francois-leclerc","status":"publish","type":"post","link":"https:\/\/www.pauljorion.com\/blog\/2016\/09\/17\/cest-la-fin-des-prolongations-par-francois-leclerc\/","title":{"rendered":"<b>C&rsquo;EST LA FIN DES PROLONGATIONS<\/b>, par Fran\u00e7ois Leclerc"},"content":{"rendered":"<blockquote><p>Billet invit\u00e9.<\/p><\/blockquote>\n<p>A Bratislava, les hautes autorit\u00e9s europ\u00e9ennes ont b\u00e2cl\u00e9 leur prestation, \u00e0 peine rehauss\u00e9e par une croisi\u00e8re sur le beau Danube pour un \u00ab\u00a0d\u00e9jeuner de travail\u00a0\u00bb. Afin de redonner \u00ab\u00a0un nouveau souffle\u00a0\u00bb \u00e0 l\u2019Europe, les 27 vont retenir le leur jusqu\u2019en mars prochain \u00e0 Rome, \u00e0 l\u2019occasion du 60\u00e8me anniversaire des trait\u00e9s fondateurs de l\u2019Europe, o\u00f9 ils se sont donn\u00e9 rendez-vous pour conclure leurs r\u00e9flexions. Angela Merkel et Fran\u00e7ois Hollande ont tenu une conf\u00e9rence de presse \u00e0 laquelle Matteo Renzi a refus\u00e9 de s&rsquo;associer.<\/p>\n<p><!--more-->Les deux dirigeants partagent \u00e0 quelques nuances pr\u00e8s, un m\u00eame constat de la situation sans en expliquer les raisons. Pour la Chanceli\u00e8re, l\u2019Europe est \u00ab\u00a0dans une situation critique\u00a0\u00bb, et devant le danger d\u2019une \u00ab\u00a0dislocation\u00a0\u00bb pour le chef de l\u2019\u00c9tat fran\u00e7ais. Une m\u00eame paralysie les unit sur les deux sujets d\u00e9terminants : crise des r\u00e9fugi\u00e9s et <i>pacte d&rsquo;instabilit\u00e9<\/i>. Se voulant positif, le pr\u00e9sident du Conseil europ\u00e9en Donald Tusk a bien propos\u00e9 avec t\u00e9m\u00e9rit\u00e9 de \u00ab\u00a0corriger les erreurs pass\u00e9es et avancer avec de nouvelles solutions\u00a0\u00bb, mais il n\u2019avait en t\u00eate que la ma\u00eetrise \u00ab\u00a0totale\u00a0\u00bb des fronti\u00e8res de l\u2019Union.<\/p>\n<p>Fran\u00e7ois Hollande a eu le propos plus ample, appelant \u00e0 renouer le lien \u00ab\u00a0entre les citoyens et l&rsquo;Europe\u00a0\u00bb et \u00e0 lutter contre \u00ab\u00a0la mont\u00e9e des populismes\u00a0\u00bb. La pompeusement nomm\u00e9e \u00ab\u00a0d\u00e9claration de Bratislava\u00a0\u00bb a dans cette foul\u00e9e annonc\u00e9 vouloir donner aux Europ\u00e9ens \u00ab\u00a0une vision attrayante\u00a0de l\u2019Union europ\u00e9enne\u00a0\u00bb. On la cherche en effet\u00a0!<\/p>\n<p>Les citoyens europ\u00e9ens \u00ab\u00a0veulent savoir si les \u00e9lites politiques sont capables de restaurer le contr\u00f4le sur des \u00e9v\u00e9nements et des processus qui les d\u00e9passent, les d\u00e9sorientent et parfois les terrifient\u00a0\u00bb, a diagnostiqu\u00e9 Donald Tusk, citant les migrations, le terrorisme, mais aussi la mondialisation. Ils ont maintenant leur r\u00e9ponse. Jamais en mal de phrases qui r\u00e9sonnent dans le vide, Fran\u00e7ois Hollande a fait valoir que \u00ab\u00a0lorsque l&rsquo;Europe est mise en cause, c&rsquo;est aussi la d\u00e9mocratie et ses valeurs qui peuvent s&rsquo;en trouver affect\u00e9es, ab\u00eem\u00e9es\u00a0\u00bb, visant ceux qui \u00ab\u00a0s&rsquo;en prennent \u00e0 l&rsquo;Europe parce qu&rsquo;ils veulent s&rsquo;en prendre \u00e0 un syst\u00e8me de valeurs et \u00e0 un mod\u00e8le de soci\u00e9t\u00e9\u00a0\u00bb.<\/p>\n<p>Il n\u2019est en tout cas pas question de donner de nouveaux pouvoirs \u00e0 la Commission, la marche arri\u00e8re ayant \u00e9t\u00e9 depuis longtemps enclench\u00e9e, \u00ab\u00a0ce n&rsquo;est pas la recette d\u00e9sir\u00e9e\u00a0\u00bb a d\u00e9clar\u00e9 Donald Tusk. On s\u2019en tiendra donc \u00e0 une \u00ab\u00a0feuille de route\u00a0\u00bb, ce vieux ressort de la diplomatie que l\u2019on tire des cartons quand le chemin est impr\u00e9visible. L\u2019accent est mis sur le renforcement de la d\u00e9fense de l\u2019Europe. Ce serpent de mer restait seul disponible en magasin, tous les autres sujets faisant d\u00e9saccord, avec l\u2019avantage suppl\u00e9mentaire de flatter le discours s\u00e9curitaire et les th\u00e8mes anxiog\u00e8nes du moment. L\u2019agenda de Bratislava comportait \u00e9galement la relance \u00e9conomique, l\u2019emploi et la jeunesse &#8211; comment trouvent-ils tout cela\u00a0? &#8211; mais ces \u00ab\u00a0priorit\u00e9s\u00a0\u00bb ne le sont que pour la forme.<\/p>\n<p>Les dirigeants europ\u00e9ens ont donc \u00e9vit\u00e9 tous les sujets qui f\u00e2chent. Notamment que les pr\u00e9tendants de droite \u00e0 l\u2019\u00e9lection pr\u00e9sidentielle fran\u00e7aise annoncent vouloir prendre des libert\u00e9s avec les r\u00e8gles budg\u00e9taires europ\u00e9ennes, sous couvert de concilier redressement \u00e9conomique et r\u00e9duction des d\u00e9ficits. Ce qui n\u2019est pas pass\u00e9 inaper\u00e7u outre-Rhin, o\u00f9 l\u2019on rappelle que de d\u00e9lai en d\u00e9lai cela fait neuf ans que la plaisanterie dure\u00a0! Doit-on croire qu\u2019une fois l\u2019\u00e9lection pr\u00e9sidentielle pass\u00e9e, les mauvaises intentions des candidats seront remis\u00e9es, comme Fran\u00e7ois Hollande n\u2019avait pas tard\u00e9 \u00e0 le faire au coup d\u2019avant ? Voil\u00e0 qui rapprocherait encore un peuple coupable de <i>populisme<\/i> de ses \u00e9lites&#8230;<\/p>\n<p>Combien de temps cela va-t-il pouvoir encore durer sur ce mode ?<\/p>\n","protected":false},"excerpt":{"rendered":"<blockquote>\n<p>Billet invit\u00e9.<\/p>\n<\/blockquote>\n<p>A Bratislava, les hautes autorit\u00e9s europ\u00e9ennes ont b\u00e2cl\u00e9 leur prestation, \u00e0 peine rehauss\u00e9e par une croisi\u00e8re sur le beau Danube pour un \u00ab\u00a0d\u00e9jeuner de travail\u00a0\u00bb. Afin de redonner \u00ab\u00a0un nouveau souffle\u00a0\u00bb \u00e0 l\u2019Europe, les 27 vont retenir le leur jusqu\u2019en mars prochain \u00e0 Rome, \u00e0 l\u2019occasion du 60\u00e8me anniversaire des trait\u00e9s fondateurs de [&hellip;]<\/p>\n","protected":false},"author":37,"featured_media":0,"comment_status":"closed","ping_status":"closed","sticky":false,"template":"","format":"standard","meta":{"footnotes":""},"categories":[1,204,17],"tags":[5042,417],"class_list":["post-89151","post","type-post","status-publish","format-standard","hentry","category-economie","category-europe","category-politique","tag-bratislava","tag-pacte-de-stabilite"],"_links":{"self":[{"href":"https:\/\/www.pauljorion.com\/blog\/wp-json\/wp\/v2\/posts\/89151","targetHints":{"allow":["GET"]}}],"collection":[{"href":"https:\/\/www.pauljorion.com\/blog\/wp-json\/wp\/v2\/posts"}],"about":[{"href":"https:\/\/www.pauljorion.com\/blog\/wp-json\/wp\/v2\/types\/post"}],"author":[{"embeddable":true,"href":"https:\/\/www.pauljorion.com\/blog\/wp-json\/wp\/v2\/users\/37"}],"replies":[{"embeddable":true,"href":"https:\/\/www.pauljorion.com\/blog\/wp-json\/wp\/v2\/comments?post=89151"}],"version-history":[{"count":12,"href":"https:\/\/www.pauljorion.com\/blog\/wp-json\/wp\/v2\/posts\/89151\/revisions"}],"predecessor-version":[{"id":89163,"href":"https:\/\/www.pauljorion.com\/blog\/wp-json\/wp\/v2\/posts\/89151\/revisions\/89163"}],"wp:attachment":[{"href":"https:\/\/www.pauljorion.com\/blog\/wp-json\/wp\/v2\/media?parent=89151"}],"wp:term":[{"taxonomy":"category","embeddable":true,"href":"https:\/\/www.pauljorion.com\/blog\/wp-json\/wp\/v2\/categories?post=89151"},{"taxonomy":"post_tag","embeddable":true,"href":"https:\/\/www.pauljorion.com\/blog\/wp-json\/wp\/v2\/tags?post=89151"}],"curies":[{"name":"wp","href":"https:\/\/api.w.org\/{rel}","templated":true}]}}