{"id":90168,"date":"2016-10-27T19:24:28","date_gmt":"2016-10-27T17:24:28","guid":{"rendered":"http:\/\/www.pauljorion.com\/blog\/?p=90168"},"modified":"2016-10-27T22:17:28","modified_gmt":"2016-10-27T20:17:28","slug":"le-ceta-en-sort-finalement-malmene-par-francois-leclerc","status":"publish","type":"post","link":"https:\/\/www.pauljorion.com\/blog\/2016\/10\/27\/le-ceta-en-sort-finalement-malmene-par-francois-leclerc\/","title":{"rendered":"<b>LE CETA EN SORT FINALEMENT MALMEN\u00c9<\/b>, par Fran\u00e7ois Leclerc"},"content":{"rendered":"<blockquote><p>Billet invit\u00e9<\/p><\/blockquote>\n<p>De quoi est fait le compromis conc\u00e9d\u00e9 par les Wallons, isol\u00e9s, au terme d\u2019une lutte opini\u00e2tre ? Deux d\u00e9clarations compl\u00e9mentaires vont \u00eatre adopt\u00e9es en m\u00eame temps que le trait\u00e9 m\u00eame, dans l\u2019attente d\u2019une ratification ult\u00e9rieure, une fois donn\u00e9 l&rsquo;accord des \u00c9tats membres. Les parlements belges s\u2019exprimeront enfin avant vendredi minuit. L\u2019une de ces d\u00e9clarations est sign\u00e9e par le Royaume de Belgique, l\u2019autre par le Conseil europ\u00e9en et la Commission. Si les textes exacts ne sont pas encore connus, leur contenu a filtr\u00e9. <\/p>\n<p><!--more-->Selon les termes du premier document, les parlements belges proc\u00e9deront \u00e0 une \u00e9valuation des effets socio-\u00e9conomiques et environnementaux de l&rsquo;application du CETA. Chacun d\u2019entre eux pourra d\u00e9cider de ne pas le ratifier. Il est \u00e9galement pr\u00e9cis\u00e9 que la l\u00e9gislation de l\u2019Union europ\u00e9enne sur les OGM ne sera pas affect\u00e9e, et que la Belgique pourra activer la clause de sauvegarde en mati\u00e8re agricole en cas de d\u00e9s\u00e9quilibre des march\u00e9s. Des assurances concernant la protection des services publics sont donn\u00e9es. <\/p>\n<p>Le second document, une \u00ab\u00a0note interpr\u00e9tative\u00a0\u00bb, modifie la conception du tribunal charg\u00e9 de r\u00e9gler les diff\u00e9rends. Ses juges seront nomm\u00e9s par les \u00c9tats membres, r\u00e9mun\u00e9r\u00e9s par leurs soins, et \u00ab\u00a0Les Wallons ont re\u00e7u l&rsquo;assurance que les juges charg\u00e9s de trancher les litiges ne seraient pas issus des milieux d&rsquo;affaires\u00a0\u00bb. Le nouveau tribunal aura vocation \u00e0 progressivement fonctionner de mani\u00e8re permanente. <\/p>\n<p>Afin de minorer les cons\u00e9quences pour la suite de ces journ\u00e9es de tension, les messages de satisfaction enregistr\u00e9s affectent de consid\u00e9rer ces nouvelles dispositions comme de simples \u00ab\u00a0pr\u00e9cisions\u00a0\u00bb qui auraient pu \u00eatre apport\u00e9es ult\u00e9rieurement&#8230; La disparition de la justice arbitrale sui generis est escamot\u00e9e, comme si tout cela n&rsquo;\u00e9tait qu&rsquo;un acc\u00e8s de fi\u00e8vre sans lendemain&#8230; Un ange passe. <\/p>\n","protected":false},"excerpt":{"rendered":"<blockquote>\n<p>Billet invit\u00e9<\/p>\n<\/blockquote>\n<p>De quoi est fait le compromis conc\u00e9d\u00e9 par les Wallons, isol\u00e9s, au terme d\u2019une lutte opini\u00e2tre ? Deux d\u00e9clarations compl\u00e9mentaires vont \u00eatre adopt\u00e9es en m\u00eame temps que le trait\u00e9 m\u00eame, dans l\u2019attente d\u2019une ratification ult\u00e9rieure, une fois donn\u00e9 l&rsquo;accord des \u00c9tats membres. Les parlements belges s\u2019exprimeront enfin avant vendredi minuit. L\u2019une de ces [&hellip;]<\/p>\n","protected":false},"author":37,"featured_media":0,"comment_status":"closed","ping_status":"closed","sticky":false,"template":"","format":"standard","meta":{"footnotes":""},"categories":[204],"tags":[],"class_list":["post-90168","post","type-post","status-publish","format-standard","hentry","category-europe"],"_links":{"self":[{"href":"https:\/\/www.pauljorion.com\/blog\/wp-json\/wp\/v2\/posts\/90168","targetHints":{"allow":["GET"]}}],"collection":[{"href":"https:\/\/www.pauljorion.com\/blog\/wp-json\/wp\/v2\/posts"}],"about":[{"href":"https:\/\/www.pauljorion.com\/blog\/wp-json\/wp\/v2\/types\/post"}],"author":[{"embeddable":true,"href":"https:\/\/www.pauljorion.com\/blog\/wp-json\/wp\/v2\/users\/37"}],"replies":[{"embeddable":true,"href":"https:\/\/www.pauljorion.com\/blog\/wp-json\/wp\/v2\/comments?post=90168"}],"version-history":[{"count":13,"href":"https:\/\/www.pauljorion.com\/blog\/wp-json\/wp\/v2\/posts\/90168\/revisions"}],"predecessor-version":[{"id":90179,"href":"https:\/\/www.pauljorion.com\/blog\/wp-json\/wp\/v2\/posts\/90168\/revisions\/90179"}],"wp:attachment":[{"href":"https:\/\/www.pauljorion.com\/blog\/wp-json\/wp\/v2\/media?parent=90168"}],"wp:term":[{"taxonomy":"category","embeddable":true,"href":"https:\/\/www.pauljorion.com\/blog\/wp-json\/wp\/v2\/categories?post=90168"},{"taxonomy":"post_tag","embeddable":true,"href":"https:\/\/www.pauljorion.com\/blog\/wp-json\/wp\/v2\/tags?post=90168"}],"curies":[{"name":"wp","href":"https:\/\/api.w.org\/{rel}","templated":true}]}}