{"id":91111,"date":"2016-12-02T17:52:44","date_gmt":"2016-12-02T16:52:44","guid":{"rendered":"http:\/\/www.pauljorion.com\/blog\/?p=91111"},"modified":"2016-12-02T18:48:31","modified_gmt":"2016-12-02T17:48:31","slug":"rien-narretera-plus-les-procureurs-bresiliens-par-francois-leclerc","status":"publish","type":"post","link":"https:\/\/www.pauljorion.com\/blog\/2016\/12\/02\/rien-narretera-plus-les-procureurs-bresiliens-par-francois-leclerc\/","title":{"rendered":"<b>RIEN N\u2019ARR\u00caTERA PLUS LES PROCUREURS BR\u00c9SILIENS<\/b>, par Fran\u00e7ois Leclerc"},"content":{"rendered":"<blockquote><p>Billet invit\u00e9.<\/p><\/blockquote>\n<p>Les \u00e9v\u00e8nements se sont pr\u00e9cipit\u00e9s. Le groupe Odebrecht a comme pr\u00e9vu sign\u00e9 l\u2019accord de collaboration avec la justice, 77 de ses cadres le signant \u00e0 titre individuel. Leurs d\u00e9nonciations viseraient 130 hommes politiques de nombreux partis, \u00e9chang\u00e9es contre des remises de peine. Le groupe s\u2019est de surcroit engag\u00e9 \u00e0 payer une amende de 2 milliards de dollars.<\/p>\n<p><!--more--><\/p>\n<p>L\u2019information \u00e9tait \u00e0 peine tomb\u00e9e hier que l\u2019on apprenait que le Tribunal supr\u00eame f\u00e9d\u00e9ral avait d\u00e9cid\u00e9 que le pr\u00e9sident du S\u00e9nat, Renan Calheiros, qui avait men\u00e9 la danse des d\u00e9put\u00e9s et des s\u00e9nateurs de ces derniers jours afin de tout stopper, serait jug\u00e9 pour d\u00e9tournement de fonds publics, l\u2019une des douze proc\u00e9dure judiciaires en cours contre lui, huit autres concernant le scandale Petrobras. <\/p>\n<p>Celui-ci avait d\u00e9marr\u00e9 lors d\u2019une perquisition dans les locaux de la compagnie qui avait permis de d\u00e9couvrir une comptabilit\u00e9 secr\u00e8te o\u00f9 figuraient sous des noms de code des versements \u00e0 200 hommes politiques. <\/p>\n<p>Il s\u2019ouvre un immense vide politique. <\/p>\n","protected":false},"excerpt":{"rendered":"<blockquote>\n<p>Billet invit\u00e9.<\/p>\n<\/blockquote>\n<p>Les \u00e9v\u00e8nements se sont pr\u00e9cipit\u00e9s. Le groupe Odebrecht a comme pr\u00e9vu sign\u00e9 l\u2019accord de collaboration avec la justice, 77 de ses cadres le signant \u00e0 titre individuel. Leurs d\u00e9nonciations viseraient 130 hommes politiques de nombreux partis, \u00e9chang\u00e9es contre des remises de peine. Le groupe s\u2019est de surcroit engag\u00e9 \u00e0 payer une amende de [&hellip;]<\/p>\n","protected":false},"author":37,"featured_media":0,"comment_status":"closed","ping_status":"closed","sticky":false,"template":"","format":"standard","meta":{"footnotes":""},"categories":[17],"tags":[888,306],"class_list":["post-91111","post","type-post","status-publish","format-standard","hentry","category-politique","tag-bresil","tag-corruption"],"_links":{"self":[{"href":"https:\/\/www.pauljorion.com\/blog\/wp-json\/wp\/v2\/posts\/91111","targetHints":{"allow":["GET"]}}],"collection":[{"href":"https:\/\/www.pauljorion.com\/blog\/wp-json\/wp\/v2\/posts"}],"about":[{"href":"https:\/\/www.pauljorion.com\/blog\/wp-json\/wp\/v2\/types\/post"}],"author":[{"embeddable":true,"href":"https:\/\/www.pauljorion.com\/blog\/wp-json\/wp\/v2\/users\/37"}],"replies":[{"embeddable":true,"href":"https:\/\/www.pauljorion.com\/blog\/wp-json\/wp\/v2\/comments?post=91111"}],"version-history":[{"count":5,"href":"https:\/\/www.pauljorion.com\/blog\/wp-json\/wp\/v2\/posts\/91111\/revisions"}],"predecessor-version":[{"id":91116,"href":"https:\/\/www.pauljorion.com\/blog\/wp-json\/wp\/v2\/posts\/91111\/revisions\/91116"}],"wp:attachment":[{"href":"https:\/\/www.pauljorion.com\/blog\/wp-json\/wp\/v2\/media?parent=91111"}],"wp:term":[{"taxonomy":"category","embeddable":true,"href":"https:\/\/www.pauljorion.com\/blog\/wp-json\/wp\/v2\/categories?post=91111"},{"taxonomy":"post_tag","embeddable":true,"href":"https:\/\/www.pauljorion.com\/blog\/wp-json\/wp\/v2\/tags?post=91111"}],"curies":[{"name":"wp","href":"https:\/\/api.w.org\/{rel}","templated":true}]}}