{"id":91156,"date":"2016-12-06T10:00:56","date_gmt":"2016-12-06T09:00:56","guid":{"rendered":"http:\/\/www.pauljorion.com\/blog\/?p=91156"},"modified":"2016-12-06T11:15:30","modified_gmt":"2016-12-06T10:15:30","slug":"la-desintermediation-et-les-communs-pour-sortir-de-limpasse-neoliberale-par-jean-paul-vignal","status":"publish","type":"post","link":"https:\/\/www.pauljorion.com\/blog\/2016\/12\/06\/la-desintermediation-et-les-communs-pour-sortir-de-limpasse-neoliberale-par-jean-paul-vignal\/","title":{"rendered":"La d\u00e9sinterm\u00e9diation et les communs pour sortir de l\u2019impasse n\u00e9olib\u00e9rale, par Jean-Paul Vignal"},"content":{"rendered":"<blockquote><p>Billet invit\u00e9. Ouvert aux commentaires<\/p><\/blockquote>\n<p>La rar\u00e9faction \u00e0 terme du travail salari\u00e9 \u00e0 temps plein dans les \u00e9conomies d\u00e9velopp\u00e9es n\u2019est plus contest\u00e9e. Les causes principales sont connues : ce sont d\u2019une part la progression rapide de l\u2019automatisation, de la robotisation et des logiciels, et, de l\u2019autre, la concurrence de la main d\u2019\u0153uvre moins bien pay\u00e9e et moins bien socialement prot\u00e9g\u00e9e des pays \u00e9mergents ou en voie de d\u00e9veloppement, qui pr\u00e9sentent l\u2019avantage suppl\u00e9mentaire d\u2019offrir des march\u00e9s nouveaux \u00e0 fort potentiel de croissance alors que l\u2019\u00e9volution baissi\u00e8re de la d\u00e9mographie et du pouvoir d\u2019achat des classes moyennes r\u00e9duit consid\u00e9rablement les opportunit\u00e9s de croissance hors innovation dans les pays dits d\u00e9velopp\u00e9s. Les r\u00e8glementations sur la pollution sont un facteur aggravant, leur disparit\u00e9 incitant les entreprises les plus affect\u00e9es financi\u00e8rement par leur mise en \u0153uvre \u00e0 s\u2019installer dans les pays o\u00f9 elles sont les moins contraignantes et\/ou les moins appliqu\u00e9es.<\/p>\n<p><!--more-->S\u2019agissant de l\u2019emploi, la d\u00e9sinterm\u00e9diation qui r\u00e9sulte de la baisse spectaculaire du cout de la collecte, du traitement et de la transmission de l\u2019information a d\u00e9j\u00e0 consid\u00e9rablement modifi\u00e9 la structure et le fonctionnement des entreprises, en \u00e9liminant la plupart des hi\u00e9rarchies interm\u00e9diaires et des assistants personnels. L\u2019impact est moins sensible pour le moment dans le domaine commercial qui reste cr\u00e9ateur net d\u2019emplois, contrairement au secteur industriel. Bien que l\u2019e-commerce soit en croissance rapide, il ne repr\u00e9sente encore par exemple qu\u2019un peu plus de 8% des ventes de d\u00e9tail aux Etats-Unis. Mais il y a encore peu d\u2019exemples de ventes directes du producteur au consommateur, les associations pour le maintien d&rsquo;une agriculture paysanne (AMAP) \u00e9tant une des exceptions, alors que c\u2019est une pratique tr\u00e8s r\u00e9pandue dans les relations d\u2019entreprise a entreprise que l\u2019informatique permet de transposer aux ventes de d\u00e9tail dans de nombreux domaines. Nul doute que le choc sera rude quand cette \u00e9volution interviendra, car elle aura un effet domino : chaque emploi supprim\u00e9, repr\u00e9sente une perte de revenu disponible qui oblige \u00e0 moins consommer ou \u00e0 sortir des circuits commerciaux classiques, et entraine donc la suppression d\u2019autres emplois.<\/p>\n<p>L\u2019aspect fiscal de cette \u00e9volution peut paraitre frivole par rapport aux d\u00e9g\u00e2ts provoqu\u00e9s par ces destructions massives de postes de travail, mais il ne l\u2019est pas et m\u00e9riterait certainement une plus grande attention. La plupart des \u00e9tats occidentaux sont surendett\u00e9s et comptent tous sur un retour miraculeux de la croissance pour rembourser ces monceaux de dettes. L\u2019\u00e9volution des technologies et des mod\u00e8les d\u2019affaire qui vient d\u2019\u00eatre rappel\u00e9e \u00e0 grands traits rend cette foi dans le retour de la croissance \u00ab \u00e0 l\u2019ancienne \u00bb peu r\u00e9aliste, et ce d\u2019autant plus que la finitude des ressources terrestres et leur fragilit\u00e9 croissante \u00e0 la pollution induite par les activit\u00e9s humaines montrent que le mod\u00e8le lin\u00e9aire actuel extraction &#8211; transformation \u2013 utilisation &#8211; mise en d\u00e9charge ne peut certainement pas durablement procurer un niveau de vie d\u00e9cent \u00e0 8 ou 10 milliards d\u2019humains, et ne peut au contraire que conduire au chaos et \u00e0 la destruction.<\/p>\n<p>M\u00eame les \u00e9conomistes traditionnels l\u2019admettent en reconnaissant que le potentiel de croissance des pays de l\u2019OCDE est sur une pente n\u00e9gative, et ne se situe gu\u00e8re au dessus de 1% , c\u2019est \u00e0 dire bien trop peu compte tenu des gains de productivit\u00e9 pour esp\u00e9rer r\u00e9sorber le ch\u00f4mage ou maintenir le plein emploi, sauf \u00e0 cr\u00e9er massivement des emplois sous r\u00e9mun\u00e9r\u00e9s et tr\u00e8s volatiles comme c\u2019est le cas aux \u00c9tats-Unis depuis quelques ann\u00e9es : les chiffres de l\u2019emploi \u00ab officiel \u00bb y sont flatteurs, mais la plupart des observateurs s\u00e9rieux estiment le ch\u00f4mage r\u00e9el et le sous emploi \u00e0 l\u2019\u00e9quivalent de plus de 20% de la force de travail des Am\u00e9ricains qui ne se sont pas encore r\u00e9sign\u00e9s \u00e0 sortir du march\u00e9 du travail.<\/p>\n<p>Quand on cumule ce ralentissement de l\u2019activit\u00e9 avec la baisse du revenu disponible et la fraude fiscale massive des entreprises et des contribuables les plus ais\u00e9s, il faut une foi de charbonnier pour croire au remboursement des dettes publiques ; cela devrait normalement inciter nos \u00e9lites pensantes \u00e0 r\u00e9fl\u00e9chir \u00e0 l\u2019avenir de la fiscalit\u00e9. Si de plus en plus de gens sortent des circuits marchands, soit parce qu\u2019ils en ont \u00e9t\u00e9 exclus, soit parce qu\u2019ils ont choisi de le faire \u00e0 leur rythme plut\u00f4t que de se le laisser imposer, la demande en services publics (sant\u00e9, \u00e9ducation, s\u00e9curit\u00e9, transports et communications, etc.) ne baissera certainement pas mais elle ne sera plus assez solvable pour que l\u2019on puisse esp\u00e9rer pouvoir financer sa satisfaction sur ressources budg\u00e9taires, et encore moins en privatisant : par nature, le priv\u00e9 n\u2019aime pas les pertes ou le b\u00e9n\u00e9volat et ne privatise que les activit\u00e9s financi\u00e8rement profitables.<\/p>\n<p>La seule solution sera alors de recourir massivement \u00e0 la notion de communs pour permettre aux contribuables d\u00e9sargent\u00e9s de contribuer en nature \u00e0 la vie de la collectivit\u00e9 en \u00e9change des services gratuits qu\u2019ils recevront. Certains ne manqueront pas de critiquer ce qu\u2019ils consid\u00e8reront comme un retour des corv\u00e9es, mais peut-on faire autrement pour redonner \u00e0 chacun la possibilit\u00e9 de vivre dignement sans recourir \u00e0 la mendicit\u00e9. D\u2019autres diront que le revenu universel de solidarit\u00e9 est \u00ab la \u00bb solution. C\u2019est oublier un peu vite qu\u2019il faudra aussi le financer, et plus encore, que l\u2019exp\u00e9rience a montr\u00e9 que mettre un prix mon\u00e9taire sur tout et faire de l\u2019argent la mesure de toute chose n\u2019est pas la meilleure fa\u00e7on de promouvoir une soci\u00e9t\u00e9 raisonnablement \u00e9quitable et stable.<\/p>\n<p>Cette r\u00e9flexion sur la fa\u00e7on de cr\u00e9er des modes de vie qui exploitent pleinement les possibilit\u00e9s des nouvelles technologies pour permettre de s\u2019affranchir des circuits marchands financiaris\u00e9s \u00e0 l\u2019extr\u00eame est sans doute la meilleure fa\u00e7on de sortir de l\u2019impasse dans laquelle nous a conduit le n\u00e9olib\u00e9ralisme globalisant. Elle a d\u00e9j\u00e0 commenc\u00e9 sous de multiples formes et dans de nombreux cercles, mais gagnerait sans doute beaucoup \u00e0\u00a0une mise en commun plus syst\u00e9matique qui donnerait tout son sens au beau slogan des premiers \u00e9cologistes : penser global, agir local.<\/p>\n","protected":false},"excerpt":{"rendered":"<blockquote>\n<p>Billet invit\u00e9. Ouvert aux commentaires<\/p>\n<\/blockquote>\n<p>La rar\u00e9faction \u00e0 terme du travail salari\u00e9 \u00e0 temps plein dans les \u00e9conomies d\u00e9velopp\u00e9es n\u2019est plus contest\u00e9e. Les causes principales sont connues : ce sont d\u2019une part la progression rapide de l\u2019automatisation, de la robotisation et des logiciels, et, de l\u2019autre, la concurrence de la main d\u2019\u0153uvre moins bien pay\u00e9e [&hellip;]<\/p>\n","protected":false},"author":1,"featured_media":0,"comment_status":"open","ping_status":"closed","sticky":false,"template":"","format":"standard","meta":{"footnotes":""},"categories":[725,102],"tags":[],"class_list":["post-91156","post","type-post","status-publish","format-standard","hentry","category-technologie-2","category-travail"],"_links":{"self":[{"href":"https:\/\/www.pauljorion.com\/blog\/wp-json\/wp\/v2\/posts\/91156","targetHints":{"allow":["GET"]}}],"collection":[{"href":"https:\/\/www.pauljorion.com\/blog\/wp-json\/wp\/v2\/posts"}],"about":[{"href":"https:\/\/www.pauljorion.com\/blog\/wp-json\/wp\/v2\/types\/post"}],"author":[{"embeddable":true,"href":"https:\/\/www.pauljorion.com\/blog\/wp-json\/wp\/v2\/users\/1"}],"replies":[{"embeddable":true,"href":"https:\/\/www.pauljorion.com\/blog\/wp-json\/wp\/v2\/comments?post=91156"}],"version-history":[{"count":6,"href":"https:\/\/www.pauljorion.com\/blog\/wp-json\/wp\/v2\/posts\/91156\/revisions"}],"predecessor-version":[{"id":91162,"href":"https:\/\/www.pauljorion.com\/blog\/wp-json\/wp\/v2\/posts\/91156\/revisions\/91162"}],"wp:attachment":[{"href":"https:\/\/www.pauljorion.com\/blog\/wp-json\/wp\/v2\/media?parent=91156"}],"wp:term":[{"taxonomy":"category","embeddable":true,"href":"https:\/\/www.pauljorion.com\/blog\/wp-json\/wp\/v2\/categories?post=91156"},{"taxonomy":"post_tag","embeddable":true,"href":"https:\/\/www.pauljorion.com\/blog\/wp-json\/wp\/v2\/tags?post=91156"}],"curies":[{"name":"wp","href":"https:\/\/api.w.org\/{rel}","templated":true}]}}