{"id":91170,"date":"2016-12-07T01:06:34","date_gmt":"2016-12-07T00:06:34","guid":{"rendered":"http:\/\/www.pauljorion.com\/blog\/?p=91170"},"modified":"2016-12-07T01:06:34","modified_gmt":"2016-12-07T00:06:34","slug":"logique-des-xenophobies-nouvelles-par-stephane-gaufres","status":"publish","type":"post","link":"https:\/\/www.pauljorion.com\/blog\/2016\/12\/07\/logique-des-xenophobies-nouvelles-par-stephane-gaufres\/","title":{"rendered":"Logique des x\u00e9nophobies\u00a0nouvelles, par St\u00e9phane Gaufr\u00e8s"},"content":{"rendered":"<blockquote><p>Billet invit\u00e9.<\/p><\/blockquote>\n<p>Les \u00ab\u00a0\u00e9trangers\u00a0\u00bb sont une menace r\u00e9elle pour tous les habitants des pays d\u00e9velopp\u00e9s. Il ne s\u2019agit pas l\u00e0 d\u2019un sentiment irrationnel ou d\u2019une pulsion col\u00e9rique du \u00ab\u00a0peuple\u00a0\u00bb, mais d\u2019un fait ass\u00e9n\u00e9 depuis des d\u00e9cennies par le lib\u00e9ralisme lui-m\u00eame, sous la forme suivante\u00a0: vous voulez pr\u00e9server vos acquis sociaux, \u00e9tendre le domaine du commun, vous soucier de la plan\u00e8te\u00a0? Pensez-donc, avec la concurrence internationale entre les nations, c\u2019est mort d\u2019avance. <!--more-->Le fait est que l\u2019humanisme politique occidental n\u2019a strictement rien trouv\u00e9 \u00e0 r\u00e9pondre \u00e0 cette assertion, \u00e0 part le mantra que la main invisible de \u00ab\u00a0l\u2019ouverture\u00a0\u00bb mondialis\u00e9e finirait t\u00f4t ou tard par assurer le bonheur pour tous.<\/p>\n<p>L\u2019impuissance des \u00c9tats-nations face \u00e0 la \u00ab\u00a0libert\u00e9\u00a0\u00bb des capitaux et des \u00e9changes semble difficile \u00e0 remettre en cause, tant nos \u00e9conomies nationales s\u2019en servent, pour exceller et rayonner dans certains domaines, mais aussi pour assurer des produits de consommation \u00e0 tr\u00e8s bas prix au plus grand nombre, et \u00e9galement -et surtout- pour se fournir en \u00e9nergie et en mati\u00e8res premi\u00e8res. Le salari\u00e9 fran\u00e7ais, ou europ\u00e9en, ou am\u00e9ricain, qui voit son travail d\u00e9localis\u00e9, son salaire discut\u00e9 et ses services communs entam\u00e9s, est dans l\u2019angle mort de cette vision \u00e9conomique. Contrairement au consommateur, qui semble lui en b\u00e9n\u00e9ficier. Le fait qu\u2019\u00e0 un moment donn\u00e9, le salari\u00e9 n\u2019ait plus l\u2019envie ou les moyens d\u2019\u00eatre un consommateur produit un d\u00e9couplage dans lequel un nombre toujours plus grand devient \u00e0 tous \u00e9gards\u00a0rel\u00e9gu\u00e9 du syst\u00e8me.<\/p>\n<p>D\u00e8s lors, l\u2019\u00e9tranger appara\u00eet logiquement dans la position de l\u2019ennemi, puisque tel est son r\u00f4le dans l\u2019ar\u00e8ne de la concurrence internationale. Un sentiment d\u2019injustice na\u00eet de voir son emploi d\u00e9localis\u00e9 ou de savoir, par exemple, que le site fran\u00e7ais \u00ab\u00a0le bon coin\u00a0\u00bb (d\u2019apr\u00e8s son PDG) paye plus d\u2019imp\u00f4ts en France que tous les GAFAM r\u00e9unis.<\/p>\n<p>L\u2019extr\u00eame-droite \u00e0 travers le monde a su en bien des endroits utiliser cet \u00e9tat de fait pour le coupler id\u00e9ologiquement \u00e0 sa x\u00e9nophobie historique. Le mur de Trump est le parfait exemple de ces nouveaux concepts qui r\u00e9unissent dans un m\u00eame \u00e9lan \u00e9motionnel la peur de l\u2019\u00e9tranger (en tant qu\u2019il est diff\u00e9rent) et la peur du concurrent \u00e9conomique dans un jeu d\u00e9loyal.<\/p>\n<p>La mondialisation, qui semble \u00e0 la fois in\u00e9vitable et paralysante pour toute r\u00e9forme h\u00e9t\u00e9rodoxe de l\u2019\u00e9conomie, est le point central de l\u2019impuissance du progressisme \u00e0 proposer une alternative cr\u00e9dible au syst\u00e8me. C\u2019est \u00e0 cet endroit en tout premier qu\u2019il faudrait r\u00e9fl\u00e9chir si on a l\u2019ambition d\u2019entra\u00eener une communaut\u00e9 civique dans un agenda pour le progr\u00e8s \u00e9cologique et humain.<\/p>\n","protected":false},"excerpt":{"rendered":"<blockquote>\n<p>Billet invit\u00e9.<\/p>\n<\/blockquote>\n<p>Les \u00ab\u00a0\u00e9trangers\u00a0\u00bb sont une menace r\u00e9elle pour tous les habitants des pays d\u00e9velopp\u00e9s. Il ne s\u2019agit pas l\u00e0 d\u2019un sentiment irrationnel ou d\u2019une pulsion col\u00e9rique du \u00ab\u00a0peuple\u00a0\u00bb, mais d\u2019un fait ass\u00e9n\u00e9 depuis des d\u00e9cennies par le lib\u00e9ralisme lui-m\u00eame, sous la forme suivante\u00a0: vous voulez pr\u00e9server vos acquis sociaux, \u00e9tendre le domaine du commun, [&hellip;]<\/p>\n","protected":false},"author":1,"featured_media":0,"comment_status":"closed","ping_status":"closed","sticky":false,"template":"","format":"standard","meta":{"footnotes":""},"categories":[1,102],"tags":[1183,5125],"class_list":["post-91170","post","type-post","status-publish","format-standard","hentry","category-economie","category-travail","tag-mondialisation","tag-xenophobie"],"_links":{"self":[{"href":"https:\/\/www.pauljorion.com\/blog\/wp-json\/wp\/v2\/posts\/91170","targetHints":{"allow":["GET"]}}],"collection":[{"href":"https:\/\/www.pauljorion.com\/blog\/wp-json\/wp\/v2\/posts"}],"about":[{"href":"https:\/\/www.pauljorion.com\/blog\/wp-json\/wp\/v2\/types\/post"}],"author":[{"embeddable":true,"href":"https:\/\/www.pauljorion.com\/blog\/wp-json\/wp\/v2\/users\/1"}],"replies":[{"embeddable":true,"href":"https:\/\/www.pauljorion.com\/blog\/wp-json\/wp\/v2\/comments?post=91170"}],"version-history":[{"count":2,"href":"https:\/\/www.pauljorion.com\/blog\/wp-json\/wp\/v2\/posts\/91170\/revisions"}],"predecessor-version":[{"id":91172,"href":"https:\/\/www.pauljorion.com\/blog\/wp-json\/wp\/v2\/posts\/91170\/revisions\/91172"}],"wp:attachment":[{"href":"https:\/\/www.pauljorion.com\/blog\/wp-json\/wp\/v2\/media?parent=91170"}],"wp:term":[{"taxonomy":"category","embeddable":true,"href":"https:\/\/www.pauljorion.com\/blog\/wp-json\/wp\/v2\/categories?post=91170"},{"taxonomy":"post_tag","embeddable":true,"href":"https:\/\/www.pauljorion.com\/blog\/wp-json\/wp\/v2\/tags?post=91170"}],"curies":[{"name":"wp","href":"https:\/\/api.w.org\/{rel}","templated":true}]}}