{"id":91838,"date":"2017-01-10T06:05:25","date_gmt":"2017-01-10T05:05:25","guid":{"rendered":"http:\/\/www.pauljorion.com\/blog\/?p=91838"},"modified":"2017-01-10T08:51:43","modified_gmt":"2017-01-10T07:51:43","slug":"imaginez-un-pays-imaginaire","status":"publish","type":"post","link":"https:\/\/www.pauljorion.com\/blog\/2017\/01\/10\/imaginez-un-pays-imaginaire\/","title":{"rendered":"Imaginez un pays imaginaire&#8230;"},"content":{"rendered":"<p>Imaginez que dans un pays imaginaire un candidat populiste ait \u00e9t\u00e9 nomm\u00e9 pr\u00e9sident au grand dam des repr\u00e9sentants du parti sur la liste duquel il s&rsquo;\u00e9tait pr\u00e9sent\u00e9.<\/p>\n<p><!--more-->Imaginez que ce pr\u00e9sident nomme comme ministres moiti\u00e9 de milliardaires et moiti\u00e9 de g\u00e9n\u00e9raux mis au rencard par l&rsquo;arm\u00e9e pour leurs opinions d\u00e9lirantes.<\/p>\n<p>Imaginez que ce pr\u00e9sident nomme comme conseiller principal son propre gendre.<\/p>\n<p>Imaginez qu&rsquo;\u00e0 chaque fois que la question de l&rsquo;\u00e9thique est pos\u00e9e \u00e0 ce nouveau pr\u00e9sident il r\u00e9ponde : \u00ab\u00a0Ne cherchez pas \u00e0 politiser le\u00a0d\u00e9bat !\u00a0\u00bb<\/p>\n<p>Imaginez que ce pr\u00e9sident se soit ali\u00e9n\u00e9, avant m\u00eame sa prise de fonction, le chef de la police et celui des services secrets, les ayant publiquement trait\u00e9s de menteurs.<\/p>\n<p>Ne vous demanderiez-vous pas ce que va faire l&rsquo;arm\u00e9e de ce pays imaginaire ?<\/p>\n","protected":false},"excerpt":{"rendered":"<p>Imaginez que dans un pays imaginaire un candidat populiste ait \u00e9t\u00e9 nomm\u00e9 pr\u00e9sident au grand dam des repr\u00e9sentants du parti sur la liste duquel il s&rsquo;\u00e9tait pr\u00e9sent\u00e9.<\/p>\n","protected":false},"author":1,"featured_media":0,"comment_status":"closed","ping_status":"closed","sticky":false,"template":"","format":"standard","meta":{"footnotes":""},"categories":[72,17],"tags":[4442],"class_list":["post-91838","post","type-post","status-publish","format-standard","hentry","category-etats-unis","category-politique","tag-donald-trump"],"_links":{"self":[{"href":"https:\/\/www.pauljorion.com\/blog\/wp-json\/wp\/v2\/posts\/91838","targetHints":{"allow":["GET"]}}],"collection":[{"href":"https:\/\/www.pauljorion.com\/blog\/wp-json\/wp\/v2\/posts"}],"about":[{"href":"https:\/\/www.pauljorion.com\/blog\/wp-json\/wp\/v2\/types\/post"}],"author":[{"embeddable":true,"href":"https:\/\/www.pauljorion.com\/blog\/wp-json\/wp\/v2\/users\/1"}],"replies":[{"embeddable":true,"href":"https:\/\/www.pauljorion.com\/blog\/wp-json\/wp\/v2\/comments?post=91838"}],"version-history":[{"count":3,"href":"https:\/\/www.pauljorion.com\/blog\/wp-json\/wp\/v2\/posts\/91838\/revisions"}],"predecessor-version":[{"id":91841,"href":"https:\/\/www.pauljorion.com\/blog\/wp-json\/wp\/v2\/posts\/91838\/revisions\/91841"}],"wp:attachment":[{"href":"https:\/\/www.pauljorion.com\/blog\/wp-json\/wp\/v2\/media?parent=91838"}],"wp:term":[{"taxonomy":"category","embeddable":true,"href":"https:\/\/www.pauljorion.com\/blog\/wp-json\/wp\/v2\/categories?post=91838"},{"taxonomy":"post_tag","embeddable":true,"href":"https:\/\/www.pauljorion.com\/blog\/wp-json\/wp\/v2\/tags?post=91838"}],"curies":[{"name":"wp","href":"https:\/\/api.w.org\/{rel}","templated":true}]}}