{"id":92541,"date":"2017-02-02T13:16:04","date_gmt":"2017-02-02T12:16:04","guid":{"rendered":"http:\/\/www.pauljorion.com\/blog\/?p=92541"},"modified":"2017-02-02T13:16:04","modified_gmt":"2017-02-02T12:16:04","slug":"les-lumieres-doivent-jaillir-maintenant-par-philippe-soubeyrand","status":"publish","type":"post","link":"https:\/\/www.pauljorion.com\/blog\/2017\/02\/02\/les-lumieres-doivent-jaillir-maintenant-par-philippe-soubeyrand\/","title":{"rendered":"Les LUMI\u00c8RES doivent jaillir maintenant ! par Philippe Soubeyrand"},"content":{"rendered":"<blockquote><p>Billet invit\u00e9.<\/p><\/blockquote>\n<p>Chers Amis, chers tous,<\/p>\n<p>Je suis \u00e0 la fois triste et en col\u00e8re !<\/p>\n<p>Triste, parce qu&rsquo;aucun indicateur ne semble vouloir aller dans le sens contraire d&rsquo;une extinction de masse d\u00e9sormais quasi(?) in\u00e9luctable, quoi qu&rsquo;on en dise&#8230;<\/p>\n<p>En col\u00e8re, parce qu&rsquo;aucun d&rsquo;entre nous ne semble vouloir se rendre compte \u00f4 combien nos divisions nous font perdre un temps extr\u00eamement pr\u00e9cieux&#8230;<\/p>\n<p><!--more--><\/p>\n<p>Triste, parce que je me rends compte \u00e0 quel point notre attitude maladroite collective sert une fois de plus le seul int\u00e9r\u00eat \u00e0 court terme des lobbies ultralib\u00e9raux&#8230;<\/p>\n<p>En col\u00e8re, parce que m\u00eame \u00ab\u00a0\u00e0 l&rsquo;extinction moins cinq\u00a0\u00bb &#8211; je reprends ici cette expression \u00f4 combien pertinente de Paul Jorion &#8211; nous ne sommes toujours pas capables d&rsquo;opter pour le renoncement afin de nous mettre enfin en ordre de marche en faveur de ces sept valeurs compl\u00e9mentaires indispensables que sont : l&rsquo;humilit\u00e9, la sensibilit\u00e9, la sobri\u00e9t\u00e9, la dignit\u00e9, l&rsquo;\u00e9quit\u00e9, la fraternit\u00e9 et la libert\u00e9&#8230;<\/p>\n<p>Mais ouvrez donc les yeux \u00e0 la fin !<\/p>\n<p>Posez-vous quelques minutes et regardez attentivement ce qui est sur le point de se jouer bien loin des bruits propagandistes lib\u00e9ro-politico-statistico-m\u00e9diatiques. Car le Monde s&rsquo;\u00e9croule les Amis, que vous le vouliez ou non. Aussi, cette situation sans pr\u00e9c\u00e9dent dans l&rsquo;Histoire de l&rsquo;Humanit\u00e9 nous appelle TOUS en faveur d&rsquo;un sursaut collectif imm\u00e9diat tout aussi sans pr\u00e9c\u00e9dent, sachant bien \u00e9videmment que le repli sur soi n&rsquo;est pas la solution&#8230;<\/p>\n<p>Il ne le sera jamais !<\/p>\n<p>Nous devons donc renoncer !<\/p>\n<p>C&rsquo;est la seule solution !<\/p>\n<p>Dit autrement, chacun de nous doit tourner le dos au syst\u00e8me n\u00e9o-lib\u00e9ral actuellement en place, qui ne peut tout simplement pas fonctionner plus longtemps au regard de l&rsquo;ampleur de la crise syst\u00e9mique globale dont il est la cause. Aussi, pour y parvenir, compte tenu du niveau d&rsquo;ignorance de l&rsquo;ensemble de la population mondiale qui est entretenu dans chaque pays occidental notamment par la propagande\u00a0lib\u00e9ro-politico-statistico-m\u00e9diatique, ce sont les scientifiques eux-m\u00eames qui doivent ensemble d\u00e8s maintenant faire preuve de courage, se soulever et renoncer les premiers. Sans un sursaut imm\u00e9diat qui serait enfin initi\u00e9 progressivement, tel un feu de paille se propageant rapidement, par l&rsquo;ensemble de la communaut\u00e9 scientifique capable d&rsquo;informer au plus vite le reste de la population mondiale, ce syst\u00e8me catastrophique se maintiendra en l&rsquo;\u00e9tat \u00e0 court terme, avant de parachever de mani\u00e8re totalement d\u00e9finitive, l&rsquo;ensemble de son oeuvre \u00e0 la fois d\u00e9l\u00e9t\u00e8re et mortif\u00e8re, quoi qu&rsquo;on en dise&#8230;<\/p>\n<p>Voil\u00e0 pourquoi ce sursaut de la part des scientifiques eux-m\u00eames est absolument indispensable \u00e0 ce stade. Car si demain l&rsquo;Humanit\u00e9 devait finalement s&rsquo;\u00e9teindre et avec elle des milliers d&rsquo;autres esp\u00e8ces sur Terre, alors ce serait la preuve flagrante pour quiconque &#8211; IA forte et\/ou intelligence terrestre, voire extraterrestre &#8211; serait en mesure ensuite d&rsquo;\u00e9crire notre Histoire, de notre tr\u00e8s haut niveau d&rsquo;incomp\u00e9tence scientifique, et notamment syst\u00e9mique&#8230;<\/p>\n<p>Et que cesse enfin d\u00e9finitivement cette mascarade\u00a0lib\u00e9ro-politico-statistico-m\u00e9diatique !<\/p>\n<p>Il n&rsquo;y a pour le moment aucun candidat officiel \u00e0 l&rsquo;\u00e9lection pr\u00e9sidentielle de 2017. Tout cela n&rsquo;est qu&rsquo;une \u00e9norme mascarade aliment\u00e9e notamment par ce jeu parfaitement orchestr\u00e9 des primaires, et permettant surtout de faire oublier au quidam le plus important <strong>[1]<\/strong>. En outre, ce sont les \u00e9lus eux-m\u00eames qui sont d\u00e9sormais libres de pr\u00e9senter en leur \u00e2me et conscience des candidats de leur choix parmi la population fran\u00e7aise, sachant que ce sera ensuite au Conseil Constitutionnel de statuer et de d\u00e9cider qui sera officiellement dans la course, oui ou non <strong>[2]<\/strong>. Aussi, cessons de relayer \u00e0 outrance tout ce tapage d\u00e9magogique assourdissant actuellement en cours, et revenons en une bonne fois pour toutes \u00e0 l&rsquo;essentiel avant qu&rsquo;il ne soit bel et bien d\u00e9finitivement trop tard <strong>[3]<\/strong>, quoi qu&rsquo;on en dise&#8230;<\/p>\n<p>Nous devons renoncer, tout stopper, tout recommencer, et vite !<\/p>\n<p>Certains diront peut-\u00eatre qu&rsquo;il s&rsquo;agit ici d&rsquo;un appel d\u00e9lib\u00e9r\u00e9 \u00e0 la r\u00e9volution ?<\/p>\n<p>Ce \u00e0 quoi je r\u00e9ponds bien volontiers sans h\u00e9siter : certes, mais alors dans ce cas, qu&rsquo;il s&rsquo;agisse plut\u00f4t, au regard de l&rsquo;urgence de notre situation pour le moins inextricable, d&rsquo;un appel au jaillissement intelligible, ordonn\u00e9 et pacifique !<\/p>\n<p>Amiti\u00e9,<\/p>\n<p>Philippe<\/p>\n<p>***<\/p>\n<p><strong>[1]<\/strong>\u00a0Philippe Soubeyrand,\u00a0<a href=\"http:\/\/www.pauljorion.com\/blog\/2016\/11\/24\/du-crepuscule-a-la-nuit-de-medicis-de-lelection-de-donald-trump-symptome-politique-philosophique-et-psychologique-dune-crise-systemique-globale-hors-de-controle-au-symptome-climatique-par\/\" target=\"_blank\" rel=\"nofollow\">DU CREPUSCULE A LA NUIT DE MEDICIS\u00a0: de l\u2019\u00e9lection de Donald Trump, sympt\u00f4me politique, philosophique et psychologique, d\u2019une crise syst\u00e9mique globale hors de contr\u00f4le, au sympt\u00f4me climatique\u00a0!<\/a>, Blog de Paul Jorion, le 24\/11\/2016.<\/p>\n<p><strong>[2]<\/strong>\u00a0Philippe Soubeyrand,\u00a0<a href=\"http:\/\/www.pauljorion.com\/blog\/2016\/09\/16\/le-canari-arctique-ne-chante-plus-lettre-ouverte-a-lattention-de-tous-les-elus-de-france-sans-exception-par-philippe-soubeyrand\/\" target=\"_blank\" rel=\"nofollow\">LE CANARI ARCTIQUE NE CHANTE PLUS : Lettre ouverte \u00e0 l\u2019attention de tous les \u00e9lus de France, sans exception<\/a>, Blog de Paul Jorion, le 16\/09\/2016.<\/p>\n<p><strong>[3]<\/strong>\u00a0Philippe Soubeyrand,\u00a0<a href=\"http:\/\/www.pauljorion.com\/blog\/2016\/06\/02\/requiem-le-temps-alloue-etait-depasse-par-philippe-soubeyrand\/\" rel=\"nofollow\">REQUIEM : le temps allou\u00e9 \u00e9tait d\u00e9pass\u00e9\u2026,<\/a>\u00a0Blog de Paul Jorion, le 01\/06\/2016.<\/p>\n","protected":false},"excerpt":{"rendered":"<blockquote>\n<p>Billet invit\u00e9.<\/p>\n<\/blockquote>\n<p>Chers Amis, chers tous,<\/p>\n<p>Je suis \u00e0 la fois triste et en col\u00e8re !<\/p>\n<p>Triste, parce qu&rsquo;aucun indicateur ne semble vouloir aller dans le sens contraire d&rsquo;une extinction de masse d\u00e9sormais quasi(?) in\u00e9luctable, quoi qu&rsquo;on en dise&#8230;<\/p>\n<p>En col\u00e8re, parce qu&rsquo;aucun d&rsquo;entre nous ne semble vouloir se rendre compte \u00f4 combien nos divisions [&hellip;]<\/p>\n","protected":false},"author":1,"featured_media":0,"comment_status":"closed","ping_status":"closed","sticky":false,"template":"","format":"standard","meta":{"footnotes":""},"categories":[4390,4494,6],"tags":[],"class_list":["post-92541","post","type-post","status-publish","format-standard","hentry","category-collapsologie","category-environnement","category-questions-essentielles"],"_links":{"self":[{"href":"https:\/\/www.pauljorion.com\/blog\/wp-json\/wp\/v2\/posts\/92541","targetHints":{"allow":["GET"]}}],"collection":[{"href":"https:\/\/www.pauljorion.com\/blog\/wp-json\/wp\/v2\/posts"}],"about":[{"href":"https:\/\/www.pauljorion.com\/blog\/wp-json\/wp\/v2\/types\/post"}],"author":[{"embeddable":true,"href":"https:\/\/www.pauljorion.com\/blog\/wp-json\/wp\/v2\/users\/1"}],"replies":[{"embeddable":true,"href":"https:\/\/www.pauljorion.com\/blog\/wp-json\/wp\/v2\/comments?post=92541"}],"version-history":[{"count":2,"href":"https:\/\/www.pauljorion.com\/blog\/wp-json\/wp\/v2\/posts\/92541\/revisions"}],"predecessor-version":[{"id":92543,"href":"https:\/\/www.pauljorion.com\/blog\/wp-json\/wp\/v2\/posts\/92541\/revisions\/92543"}],"wp:attachment":[{"href":"https:\/\/www.pauljorion.com\/blog\/wp-json\/wp\/v2\/media?parent=92541"}],"wp:term":[{"taxonomy":"category","embeddable":true,"href":"https:\/\/www.pauljorion.com\/blog\/wp-json\/wp\/v2\/categories?post=92541"},{"taxonomy":"post_tag","embeddable":true,"href":"https:\/\/www.pauljorion.com\/blog\/wp-json\/wp\/v2\/tags?post=92541"}],"curies":[{"name":"wp","href":"https:\/\/api.w.org\/{rel}","templated":true}]}}