{"id":92777,"date":"2017-02-08T11:21:43","date_gmt":"2017-02-08T10:21:43","guid":{"rendered":"http:\/\/www.pauljorion.com\/blog\/?p=92777"},"modified":"2017-02-08T11:21:43","modified_gmt":"2017-02-08T10:21:43","slug":"france-reveille-toi-il-existe-quelque-chose-appele-francophonie","status":"publish","type":"post","link":"https:\/\/www.pauljorion.com\/blog\/2017\/02\/08\/france-reveille-toi-il-existe-quelque-chose-appele-francophonie\/","title":{"rendered":"France, r\u00e9veille-toi ! il existe quelque chose appel\u00e9 \u00ab\u00a0francophonie !\u00a0\u00bb"},"content":{"rendered":"<p>Bonjour chers amis et amies,<\/p>\n<p>J\u2019ai sign\u00e9 :\u00a0<a href=\"http:\/\/162khz.wesign.it\/fr\" data-saferedirecturl=\"https:\/\/www.google.com\/url?q=http:\/\/162KHZ.wesign.it\/fr&amp;source=gmail&amp;ust=1486634157557000&amp;usg=AFQjCNHYuQJ4zTK62CoOMDC5AzCbsbH1LA\">http:\/\/162KHZ.wesign.it\/fr<\/a><\/p>\n<p>Je suis un des nombreux auditeurs bruxellois d\u00e9sempar\u00e9s par la suppression de la diffusion de France Inter en ondes longues.<\/p>\n<p><!--more-->Cette fr\u00e9quence unique de 162\u00a0kHz,\u00a0\u00e9tait<strong>\u00a0le seul lien qui unissait France Inter \u00e0 toute la francophonie<\/strong>\u00a0!<\/p>\n<p>J\u2019en suis fort triste, encore un mois apr\u00e8s\u00a0: France Inter a rompu la confiance que les auditeurs \u00ab\u00a0\u00e9trangers\u00a0\u00bb, amis (voire amoureux) de France Inter, avaient plac\u00e9e en *leur* radio.<\/p>\n<p>Il est clair que cette suppression effectu\u00e9e d\u2019autorit\u00e9, sans consultation des personnes directement concern\u00e9es (qui pourtant payent ses services), est un pied de nez \u00e0 la d\u00e9mocratie et au respect des minorit\u00e9s,\u00a0<strong>la n\u00e9gation de ces valeurs que France Inter pr\u00e9tend d\u00e9fendre.<\/strong><\/p>\n<p>Cette suppression nous est incompr\u00e9hensible, absolument,\u00a0<strong>et nous voulons que France Inter r\u00e9tablisse sa pr\u00e9sence dans le grand concert hertzien des radios.<\/strong><\/p>\n","protected":false},"excerpt":{"rendered":"<p>Bonjour chers amis et amies,<\/p>\n<p>J\u2019ai sign\u00e9 :\u00a0<a href=\"http:\/\/162khz.wesign.it\/fr\" data-saferedirecturl=\"https:\/\/www.google.com\/url?q=http:\/\/162KHZ.wesign.it\/fr&amp;source=gmail&amp;ust=1486634157557000&amp;usg=AFQjCNHYuQJ4zTK62CoOMDC5AzCbsbH1LA\">http:\/\/162KHZ.wesign.it\/fr<\/a><\/p>\n<p>Je suis un des nombreux auditeurs bruxellois d\u00e9sempar\u00e9s par la suppression de la diffusion de France Inter en ondes longues.<\/p>\n","protected":false},"author":1,"featured_media":0,"comment_status":"closed","ping_status":"closed","sticky":false,"template":"","format":"standard","meta":{"footnotes":""},"categories":[4454],"tags":[],"class_list":["post-92777","post","type-post","status-publish","format-standard","hentry","category-france"],"_links":{"self":[{"href":"https:\/\/www.pauljorion.com\/blog\/wp-json\/wp\/v2\/posts\/92777","targetHints":{"allow":["GET"]}}],"collection":[{"href":"https:\/\/www.pauljorion.com\/blog\/wp-json\/wp\/v2\/posts"}],"about":[{"href":"https:\/\/www.pauljorion.com\/blog\/wp-json\/wp\/v2\/types\/post"}],"author":[{"embeddable":true,"href":"https:\/\/www.pauljorion.com\/blog\/wp-json\/wp\/v2\/users\/1"}],"replies":[{"embeddable":true,"href":"https:\/\/www.pauljorion.com\/blog\/wp-json\/wp\/v2\/comments?post=92777"}],"version-history":[{"count":2,"href":"https:\/\/www.pauljorion.com\/blog\/wp-json\/wp\/v2\/posts\/92777\/revisions"}],"predecessor-version":[{"id":92779,"href":"https:\/\/www.pauljorion.com\/blog\/wp-json\/wp\/v2\/posts\/92777\/revisions\/92779"}],"wp:attachment":[{"href":"https:\/\/www.pauljorion.com\/blog\/wp-json\/wp\/v2\/media?parent=92777"}],"wp:term":[{"taxonomy":"category","embeddable":true,"href":"https:\/\/www.pauljorion.com\/blog\/wp-json\/wp\/v2\/categories?post=92777"},{"taxonomy":"post_tag","embeddable":true,"href":"https:\/\/www.pauljorion.com\/blog\/wp-json\/wp\/v2\/tags?post=92777"}],"curies":[{"name":"wp","href":"https:\/\/api.w.org\/{rel}","templated":true}]}}