{"id":92973,"date":"2017-02-16T20:30:32","date_gmt":"2017-02-16T19:30:32","guid":{"rendered":"http:\/\/www.pauljorion.com\/blog\/?p=92973"},"modified":"2017-02-16T19:16:28","modified_gmt":"2017-02-16T18:16:28","slug":"anthropocene-par-cedric-chevalier","status":"publish","type":"post","link":"https:\/\/www.pauljorion.com\/blog\/2017\/02\/16\/anthropocene-par-cedric-chevalier\/","title":{"rendered":"ANTHROPOC\u00c8NE, par C\u00e9dric Chevalier"},"content":{"rendered":"<blockquote><p>Billet invit\u00e9.<\/p><\/blockquote>\n<p>L&rsquo;esp\u00e8ce humaine fait changer le climat <a href=\"https:\/\/www.theguardian.com\/environment\/2017\/feb\/12\/humans-causing-climate-to-change-170-times-faster-than-natural-forces\" target=\"_blank\">170 fois<\/a> plus rapidement que les forces de la nature. <\/p>\n<p><!--more--><\/p>\n<p>On a d\u00e9couvert <a href=\"https:\/\/www.theguardian.com\/environment\/2017\/feb\/13\/extraordinary-levels-of-toxic-pollution-found-in-10km-deep-mariana-trench\" target=\"_blank\">des taux de pollution toxiques extraordinaires<\/a> \u00e0 10km de profondeur dans la fosse des Mariannes.<\/p>\n<p>Une \u00e9tude internationale a cartographi\u00e9 les proportions de continent se trouvant \u00e0 plus ou moins de 1km d&rsquo;une route humaine. Cette \u00e9tude constate que \u00ab\u00a0le r\u00e9seau routier a d\u00e9coup\u00e9 les continents en environ 600.000 fragments, dont la moiti\u00e9 mesure moins de 1km\u00b2\u00a0\u00bb, conduisant de facto \u00e0 une fragmentation g\u00e9n\u00e9ralis\u00e9e et d\u00e9l\u00e9t\u00e8re des \u00e9cosyst\u00e8mes.<\/p>\n<p>Etc. <\/p>\n<p>La production scientifique r\u00e9cente est \u00e0 l&rsquo;avenant, des milliers d&rsquo;articles publi\u00e9s dans des revues \u00e0 comit\u00e9 de lecture disent la m\u00eame chose.<\/p>\n<p>Devons-nous d\u00e8s lors encore douter que nous sommes entr\u00e9s dans l&rsquo;<a href=\"https:\/\/fr.wikipedia.org\/wiki\/Anthropoc%C3%A8ne\" target=\"_blank\">Anthropoc\u00e8ne<\/a> ?<\/p>\n<p>Anthropoc\u00e8ne, un mot que nous entendrons de plus en plus r\u00e9guli\u00e8rement, se propage a<a href=\"http:\/\/www.pauljorion.com\/blog\/2017\/01\/20\/lied-lanthropocene-quels-enseignements-pour-quelle-action-le-28-fevrier-de-14-a-17-heures\/\" target=\"_blank\">u sein de la communaut\u00e9 scientifique et m\u00e9diatique<\/a>.<\/p>\n<p>Un mot qui exprime une id\u00e9e qui \u00e9merge progressivement : que nous sommes entr\u00e9s dans une nouvelle p\u00e9riode g\u00e9ologique, une p\u00e9riode dans laquelle l&rsquo;esp\u00e8ce humaine est devenue pour la premi\u00e8re fois une force de changement d&rsquo;ampleur g\u00e9ologique pour le syst\u00e8me Terre, peut-\u00eatre m\u00eame, vu la vitesse des changements que nous avons d\u00e9clench\u00e9s, d&rsquo;ampleur sup\u00e9rieure, par un facteur de 170, aux forces g\u00e9ologiques et astronomiques qui influencent la Terre depuis 4,5 milliards d&rsquo;ann\u00e9es.<\/p>\n<p>Relayer ces informations, est-ce se lamenter, m\u00eame \u00e0 juste titre, ou est-ce lutter pour rester conscient du monde tel qu&rsquo;il est afin de pouvoir penser et agir en cons\u00e9quence ?<\/p>\n<p>Ne note-t-on pas en parall\u00e8le l&rsquo;\u00e9mergence d&rsquo;une conscience plan\u00e9taire, d&rsquo;une <a href=\"https:\/\/fr.wikipedia.org\/wiki\/Noosph%C3%A8re\" target=\"_blank\">noosph\u00e8re<\/a> constitu\u00e9e d&rsquo;Internet, de la communaut\u00e9 scientifique internationale, des ONG et d&rsquo;autres associations humaines mondiales ?<\/p>\n<p>Cette conscience plan\u00e9taire pourra-t-elle exercer <a href=\"https:\/\/sociologie.revues.org\/1584\" target=\"_blank\">son retour r\u00e9flexif<\/a> sur la soci\u00e9t\u00e9 humaine qui a g\u00e9n\u00e9r\u00e9 l&rsquo;Anthropoc\u00e8ne, en se diffusant plus rapidement que les changements g\u00e9ologiques en cours ?<\/p>\n<p>Et si cette conscience noosph\u00e9rique r\u00e9flexive \u00e9choue \u00e0 se diffuser, si l&rsquo;Anthropoc\u00e8ne est l&rsquo;\u00e9poque o\u00f9 l&rsquo;esp\u00e8ce humaine devient une force g\u00e9ologique incapable de s&rsquo;autolimiter, sont-ce des forces d&rsquo;ampleur g\u00e9ologiques ou astronomiques qui se chargeront de nous limiter \u00e0 nos d\u00e9pends ?<\/p>\n","protected":false},"excerpt":{"rendered":"<blockquote>\n<p>Billet invit\u00e9.<\/p>\n<\/blockquote>\n<p>L&rsquo;esp\u00e8ce humaine fait changer le climat <a href=\"https:\/\/www.theguardian.com\/environment\/2017\/feb\/12\/humans-causing-climate-to-change-170-times-faster-than-natural-forces\" target=\"_blank\">170 fois<\/a> plus rapidement que les forces de la nature. <\/p>\n","protected":false},"author":1,"featured_media":0,"comment_status":"closed","ping_status":"closed","sticky":false,"template":"","format":"standard","meta":{"footnotes":""},"categories":[5217],"tags":[],"class_list":["post-92973","post","type-post","status-publish","format-standard","hentry","category-anthropocene"],"_links":{"self":[{"href":"https:\/\/www.pauljorion.com\/blog\/wp-json\/wp\/v2\/posts\/92973","targetHints":{"allow":["GET"]}}],"collection":[{"href":"https:\/\/www.pauljorion.com\/blog\/wp-json\/wp\/v2\/posts"}],"about":[{"href":"https:\/\/www.pauljorion.com\/blog\/wp-json\/wp\/v2\/types\/post"}],"author":[{"embeddable":true,"href":"https:\/\/www.pauljorion.com\/blog\/wp-json\/wp\/v2\/users\/1"}],"replies":[{"embeddable":true,"href":"https:\/\/www.pauljorion.com\/blog\/wp-json\/wp\/v2\/comments?post=92973"}],"version-history":[{"count":2,"href":"https:\/\/www.pauljorion.com\/blog\/wp-json\/wp\/v2\/posts\/92973\/revisions"}],"predecessor-version":[{"id":92975,"href":"https:\/\/www.pauljorion.com\/blog\/wp-json\/wp\/v2\/posts\/92973\/revisions\/92975"}],"wp:attachment":[{"href":"https:\/\/www.pauljorion.com\/blog\/wp-json\/wp\/v2\/media?parent=92973"}],"wp:term":[{"taxonomy":"category","embeddable":true,"href":"https:\/\/www.pauljorion.com\/blog\/wp-json\/wp\/v2\/categories?post=92973"},{"taxonomy":"post_tag","embeddable":true,"href":"https:\/\/www.pauljorion.com\/blog\/wp-json\/wp\/v2\/tags?post=92973"}],"curies":[{"name":"wp","href":"https:\/\/api.w.org\/{rel}","templated":true}]}}