{"id":93227,"date":"2017-02-26T10:13:59","date_gmt":"2017-02-26T09:13:59","guid":{"rendered":"http:\/\/www.pauljorion.com\/blog\/?p=93227"},"modified":"2017-02-26T10:15:06","modified_gmt":"2017-02-26T09:15:06","slug":"paul-jorion-sideration-et-prise-de-conscience-le-genre-humain-et-la-menace-de-son-extinction-le-19-mai-2016","status":"publish","type":"post","link":"https:\/\/www.pauljorion.com\/blog\/2017\/02\/26\/paul-jorion-sideration-et-prise-de-conscience-le-genre-humain-et-la-menace-de-son-extinction-le-19-mai-2016\/","title":{"rendered":"Paul Jorion &#8211; Sid\u00e9ration et prise de conscience : le genre humain et la menace de son extinction, le 19 mai 2016"},"content":{"rendered":"<p>Le 19 mai 2016, j&rsquo;\u00e9tais invit\u00e9 de l\u2019Amicale de l\u2019X, \u00e0 l&rsquo;\u00c9cole Polytechnique \u00e0 Paris.<\/p>\n<p><iframe loading=\"lazy\" width=\"700\" height=\"394\" src=\"https:\/\/www.youtube.com\/embed\/zE9wvsWZs6k\" frameborder=\"0\" allowfullscreen><\/iframe><\/p>\n<p><a href=\"http:\/\/www.pauljorion.com\/blog\/tag\/le-dernier-qui-sen-va-eteint-la-lumiere\/\" target=\"_blank\">Le dernier qui s&rsquo;en va \u00e9teint la lumi\u00e8re<\/a> para\u00eet en livre de poche le mercredi 1<sup>er<\/sup> mars.<\/p>\n","protected":false},"excerpt":{"rendered":"<p>Le 19 mai 2016, j&rsquo;\u00e9tais invit\u00e9 de l\u2019Amicale de l\u2019X, \u00e0 l&rsquo;\u00c9cole Polytechnique \u00e0 Paris.<\/p>\n<p><iframe loading=\"lazy\" width=\"700\" height=\"394\" src=\"https:\/\/www.youtube.com\/embed\/zE9wvsWZs6k\" frameborder=\"0\" allowfullscreen><\/iframe><\/p>\n<p><a href=\"http:\/\/www.pauljorion.com\/blog\/tag\/le-dernier-qui-sen-va-eteint-la-lumiere\/\" target=\"_blank\">Le dernier qui s&rsquo;en va \u00e9teint la lumi\u00e8re<\/a> para\u00eet en livre de poche le mercredi 1<sup>er<\/sup> mars.<\/p>\n","protected":false},"author":1,"featured_media":0,"comment_status":"closed","ping_status":"closed","sticky":false,"template":"","format":"standard","meta":{"footnotes":""},"categories":[4728],"tags":[4327],"class_list":["post-93227","post","type-post","status-publish","format-standard","hentry","category-le-dernier-qui-sen-va-eteint-la-lumiere","tag-le-dernier-qui-sen-va-eteint-la-lumiere"],"_links":{"self":[{"href":"https:\/\/www.pauljorion.com\/blog\/wp-json\/wp\/v2\/posts\/93227","targetHints":{"allow":["GET"]}}],"collection":[{"href":"https:\/\/www.pauljorion.com\/blog\/wp-json\/wp\/v2\/posts"}],"about":[{"href":"https:\/\/www.pauljorion.com\/blog\/wp-json\/wp\/v2\/types\/post"}],"author":[{"embeddable":true,"href":"https:\/\/www.pauljorion.com\/blog\/wp-json\/wp\/v2\/users\/1"}],"replies":[{"embeddable":true,"href":"https:\/\/www.pauljorion.com\/blog\/wp-json\/wp\/v2\/comments?post=93227"}],"version-history":[{"count":4,"href":"https:\/\/www.pauljorion.com\/blog\/wp-json\/wp\/v2\/posts\/93227\/revisions"}],"predecessor-version":[{"id":93235,"href":"https:\/\/www.pauljorion.com\/blog\/wp-json\/wp\/v2\/posts\/93227\/revisions\/93235"}],"wp:attachment":[{"href":"https:\/\/www.pauljorion.com\/blog\/wp-json\/wp\/v2\/media?parent=93227"}],"wp:term":[{"taxonomy":"category","embeddable":true,"href":"https:\/\/www.pauljorion.com\/blog\/wp-json\/wp\/v2\/categories?post=93227"},{"taxonomy":"post_tag","embeddable":true,"href":"https:\/\/www.pauljorion.com\/blog\/wp-json\/wp\/v2\/tags?post=93227"}],"curies":[{"name":"wp","href":"https:\/\/api.w.org\/{rel}","templated":true}]}}