{"id":94234,"date":"2017-04-05T17:32:06","date_gmt":"2017-04-05T15:32:06","guid":{"rendered":"http:\/\/www.pauljorion.com\/blog\/?p=94234"},"modified":"2017-04-05T17:32:06","modified_gmt":"2017-04-05T15:32:06","slug":"revenu-universel-parlement-de-leuro-constituante-par-pierre-sarton-du-jonchay","status":"publish","type":"post","link":"https:\/\/www.pauljorion.com\/blog\/2017\/04\/05\/revenu-universel-parlement-de-leuro-constituante-par-pierre-sarton-du-jonchay\/","title":{"rendered":"Revenu universel, parlement de l&rsquo;euro, constituante, par Pierre Sarton du Jonchay"},"content":{"rendered":"<blockquote><p>Billet invit\u00e9.<\/p><\/blockquote>\n<p>L&rsquo;hypoth\u00e8se du coup m\u00e9diatique sur le revenu universel est plausible. Mais le sujet du revenu universel n&rsquo;en est pas moins une innovation fondatrice du d\u00e9bat politique tel qu&rsquo;il doit \u00eatre dans une d\u00e9mocratie r\u00e9elle. Les candidats lib\u00e9raux de cette \u00e9lection pr\u00e9sidentielle s&rsquo;expriment clairement sur le postulat du travail comme d\u00e9pense d&rsquo;\u00e9nergie physique ou informative d\u00e9terminant la rentabilit\u00e9 du capital des riches. Il n&rsquo;y a de valeur ajout\u00e9e que dans l&rsquo;augmentation nette de la mesure du capital rep\u00e9r\u00e9 comme tel et non dans l&rsquo;existence effectivement bonne de tous les citoyens.<\/p>\n<p><!--more-->Fran\u00e7ois Fillon et Emmanuel Macron nous ass\u00e8nent sans d\u00e9tour que si des citoyens oublient, ou ne peuvent pas, ou ne veulent pas ou ne savent pas voter, ce n&rsquo;est pas une question qui puisse les concerner en tant que pr\u00e9sidents potentiels de la R\u00e9publique Fran\u00e7aise. L\u2019\u00c9tat de droit et de justice n&rsquo;est pas en soi pour eux un th\u00e8me politique. La d\u00e9mocratie est un fait donn\u00e9 hors du probl\u00e8me de l&rsquo;existence de tous et du travail qui serait utile \u00e0 ce que tous les citoyens puissent vivre concr\u00e8tement en service les uns des autres.<\/p>\n<p>Comme illustr\u00e9 une nouvelle fois\u00a0<a href=\"https:\/\/www.franceculture.fr\/emissions\/linvite-des-matins-2eme-partie\/benoit-hamon-je-veux-minscrire-dans-une-politique-de\" target=\"_blank\" rel=\"nofollow\">sur France Culture ce matin<\/a> et dans le <a href=\"https:\/\/www.youtube.com\/watch?v=OhWRT3PhMJs\" target=\"_blank\" rel=\"nofollow\">d\u00e9bat \u00e0 11 de mardi soir<\/a>, par sa proposition de revenu universel, Beno\u00eet Hamon ram\u00e8ne le d\u00e9bat politique \u00e0 ce qu&rsquo;il doit \u00eatre si la d\u00e9mocratie n&rsquo;est pas simplement formelle mais r\u00e9elle. La valeur ajout\u00e9e est-elle juste la mesure de la rentabilit\u00e9 nette des entreprises et des produits vendus ou la mesure de la satisfaction de tous les besoins d&rsquo;existence de tous les citoyens y compris de ceux qui ne poss\u00e8dent pas grand chose ?<\/p>\n<p>Proposer le revenu universel, c&rsquo;est mettre en discussion le fondement politique du prix des activit\u00e9s \u00e9conomiques. Les revenus des activit\u00e9s \u00e9conomiques sont-ils attribuables uniquement \u00e0 ceux qui ont un emploi mon\u00e9tis\u00e9 et un capital ou \u00e0 tous ceux qui par leur existence de citoyen adressent une demande de valeur \u00e9conomique \u00e0 la soci\u00e9t\u00e9 toute enti\u00e8re ? Le travail r\u00e9mun\u00e9rable est-il celui qui produit et qui vend ou celui qui rend des biens et des services r\u00e9els \u00e0 tous les citoyens solidaires par la soci\u00e9t\u00e9 et les socialit\u00e9s ?<\/p>\n<p>Un emploi m\u00e9ritant salaire est-il une production marchande donnant lieu \u00e0 un flux mon\u00e9taire entre banques priv\u00e9es ou bien l&rsquo;attention active que tout citoyen porte \u00e0 l&rsquo;existence bonne de ses concitoyens ? Un salaire est-il juste un pouvoir d&rsquo;achat n\u00e9goci\u00e9 entre des int\u00e9r\u00eats particuliers d&rsquo;offre et de demande de biens marchandis\u00e9s ou la mesure de ce que chaque citoyen \u00e9change par son existence singuli\u00e8re avec la soci\u00e9t\u00e9 politique ? Un revenu se mat\u00e9rialise-t-il exclusivement par une \u00e9criture comptable dans une banque priv\u00e9e ou aussi et n\u00e9cessairement par une satisfaction en nature d&rsquo;un besoin reconnu l\u00e9gitime par la loi commune ?<\/p>\n<p>Paradoxalement, Beno\u00eet Hamon l&rsquo;Europ\u00e9en se fait contrer par ses adversaires lib\u00e9raux sur l&rsquo;incompatibilit\u00e9 du revenu universel avec les r\u00e8gles du vivre ensemble d\u00e9finies dans les trait\u00e9s de la zone euro. Malheureusement, l&#8217;emprise de l&rsquo;\u00e9conomisme lib\u00e9ral apolitique est actuellement si puissante dans la d\u00e9mocrature m\u00e9diatique que le citoyen de base ne peut avoir aucune explication sur la nature technocratique lib\u00e9rale de la construction europ\u00e9enne actuelle. Il est impossible de montrer que la BCE d\u00e9tach\u00e9e de toute structure \u00e9tatique et de toute souverainet\u00e9 politique ne peut \u00e9mettre l&rsquo;euro qu&rsquo;adoss\u00e9 \u00e0 des titres de dette et de capital \u00e9mis par des int\u00e9r\u00eats priv\u00e9s dissoci\u00e9s de tout int\u00e9r\u00eat g\u00e9n\u00e9ral public.<\/p>\n<p>Il est donc impossible de discuter de la connexion logique rationnelle que Beno\u00eet Hamon fait de son revenu universel avec le parlement de l&rsquo;euro. Il est une \u00e9vidence que le revenu universel ne peut pas \u00eatre financ\u00e9 par le march\u00e9 mais par les imp\u00f4ts et les pr\u00e9l\u00e8vements sociaux. Le revenu universel est par nature une question de fiscalit\u00e9 et un probl\u00e8me de recouvrement de l&rsquo;imp\u00f4t et des pr\u00e9l\u00e8vements sociaux dans l&rsquo;ensemble des transactions de valeur ajout\u00e9e contre monnaie. Si les contreparties de l&rsquo;euro ne sont que des titres financiers de l&rsquo;\u00e9conomie marchande, le revenu universel est d\u00e9finitivement un \u00e9l\u00e9ment de langage pour capter des \u00e9lecteurs \u00e9conomiquement condamn\u00e9s au d\u00e9soeuvrement.<\/p>\n<p>Notons que la proposition de parlement de l&rsquo;euro est soigneusement ignor\u00e9e par les candidats lib\u00e9raux et par les candidats qui ne voient aucun monde au-del\u00e0 des fronti\u00e8res nationales virtualis\u00e9es. Ne pas consid\u00e9rer la responsabilit\u00e9 des institutions politiques dans l&rsquo;\u00e9mission et la circulation de la monnaie, est une simplification tr\u00e8s avantageuse de la communication politique qui n&rsquo;a rien \u00e0 dire aux citoyens exclus de l&rsquo;\u00e9conomie marchande ni aux non-citoyens qui sont du mauvais cot\u00e9 de la fronti\u00e8re nationale.<\/p>\n<p>La malhonn\u00eatet\u00e9 intellectuelle \u00e0 propos du revenu universel et de l&rsquo;euro est la plus grave du cot\u00e9 des lib\u00e9raux : elle d\u00e9truit le droit et la d\u00e9mocratie dans ses fondements, c&rsquo;est \u00e0 dire dans la possibilit\u00e9 r\u00e9elle d&rsquo;une justice universelle pour les citoyens. Pour que tout citoyen ait un droit effectif \u00e0 l&rsquo;existence dans une soci\u00e9t\u00e9 organis\u00e9e dans cette fin, il faut n\u00e9cessairement que les besoins humains soient identifi\u00e9s par la loi et le pouvoir politique avant que des r\u00e9ponses ne soient produites et vendues par le march\u00e9. Il faut n\u00e9cessairement que l&rsquo;existence de tous les citoyens et donc de leurs repr\u00e9sentants politiques soit financ\u00e9e avant toute production \u00e9conomique.<\/p>\n<p>La premi\u00e8re raison d&rsquo;existence de la monnaie comme moyen de compter les \u00e9changes est la solidarit\u00e9 d&rsquo;existence des citoyens dans l\u2019\u00c9tat de droit de la d\u00e9mocratie. La premi\u00e8re cons\u00e9quence de l&rsquo;\u00e9mission de l&rsquo;euro par une administration bancaire et juridique an-\u00e9tatique est l&rsquo;exclusion de la d\u00e9mocratie comme cause r\u00e9elle vraie de la valeur ajout\u00e9e entre les citoyens pr\u00e9tendus tels. En refusant de discuter de la d\u00e9mocratisation de l&rsquo;euro par l&rsquo;\u00e9tatisation des institutions europ\u00e9ennes, les candidats lib\u00e9raux s&rsquo;assurent de leur \u00e9lection par le capital et les propri\u00e9taires du capital dont l&rsquo;existence est exclusive par un euro exclusivement marchand.<\/p>\n<p>Discuter du parlement de l&rsquo;euro, c&rsquo;est admettre que le pouvoir d&rsquo;\u00e9mission mon\u00e9taire et de mesure de la valeur ajout\u00e9e appartient \u00e0 toute la soci\u00e9t\u00e9 politique et pas seulement aux capitalistes exclusivement int\u00e9ress\u00e9s aux dividendes financiers du capital. La mission fondatrice du parlement de l&rsquo;euro serait d&rsquo;\u00e9tablir une loi commune \u00e0 l&rsquo;Eurozone pour nommer la r\u00e9alit\u00e9 humaine positive sous-jacente \u00e0 toute repr\u00e9sentation mon\u00e9taire et pour fixer les limites distinctives entre valeur et non-valeur ou fausse valeur. \u00c9tablir des bases fiscales communes et centralis\u00e9es \u00e0 l&rsquo;imp\u00f4t sur le b\u00e9n\u00e9fice des soci\u00e9t\u00e9s commerciales, c&rsquo;est dire ce qu&rsquo;est r\u00e9ellement un b\u00e9n\u00e9fice dans une d\u00e9mocratie europ\u00e9enne.<\/p>\n<p>Non seulement un parlement de l&rsquo;euro r\u00e9introduit l&rsquo;existence d\u2019\u00c9tats nationaux solvables dans une soci\u00e9t\u00e9 europ\u00e9enne \u00e9tatis\u00e9e d\u2019\u00c9tats particuliers, mais l&rsquo;\u00e9mergence d&rsquo;une loi europ\u00e9enne au sens juridique du terme remet tous les citoyens de la soci\u00e9t\u00e9 europ\u00e9enne au centre de l&rsquo;\u00e9conomie de march\u00e9 des Europ\u00e9ens. Un budget europ\u00e9en et une fiscalit\u00e9 europ\u00e9enne deviennent la condition de possibilit\u00e9 d&rsquo;un revenu universel financ\u00e9 par une solidarit\u00e9 d\u00e9mocratique europ\u00e9enne. \u00c9videmment, le revenu universel est alors mon\u00e9tisable par une augmentation du capital humain public europ\u00e9en dont la contrevaleur priv\u00e9e est mat\u00e9rialis\u00e9e par la taxation des flux financiers entre les \u00c9tats et les souverainet\u00e9s publiques et priv\u00e9es europ\u00e9ens.<\/p>\n<p>Si l&rsquo;euro n&rsquo;est pas reconstruit sur la souverainet\u00e9 mon\u00e9taire et fiscale des peuples d&rsquo;Europe, il est encore impossible de penser et de planifier la transition \u00e9cologique. La demande \u00e9cologique est impossible \u00e0 formuler et mesurer en financement de l&rsquo;offre \u00e9cologique publique ou priv\u00e9e si les \u00c9tats sont d\u00e9biteurs d&rsquo;int\u00e9r\u00eats exclusivement priv\u00e9s. L&rsquo;air, l&rsquo;eau et la nature n&rsquo;appartiennent \u00e0 personne en particulier. Si la soci\u00e9t\u00e9 politique nationale et internationale n&rsquo;a pas le droit de mat\u00e9rialiser en monnaie la dette \u00e9cologique qu&rsquo;elle a sur le travail de tous les citoyens des \u00c9tats, alors personne ne saura jamais ce que co\u00fbte ni ce qu&rsquo;il faut produire pour acheter un d\u00e9veloppement durable \u00e0 tous les citoyens.<\/p>\n<p>Le revenu universel pose la question de la n\u00e9cessit\u00e9 effective du travail, de sa nature et de sa repr\u00e9sentation en monnaie pour que la demande des biens particuliers r\u00e9ponde \u00e0 l&rsquo;offre commune de biens r\u00e9els. Nul doute qu&rsquo;une adoption fran\u00e7aise du revenu universel soit un investissement constitutionnel de la d\u00e9mocratie fran\u00e7aise en Europe. Le parlement de l&rsquo;euro qui d\u00e9lib\u00e9rerait des lois communes de la d\u00e9mocratie en euro et de la fiscalit\u00e9, et de la compensation bancaire et financi\u00e8re qu&rsquo;elle induit dans la zone euro, est assur\u00e9ment une r\u00e9forme constitutionnelle radicale.<\/p>\n<p>Le Pr\u00e9sident M\u00e9lenchon serait le moteur idoine de l&rsquo;inscription de la Cinqui\u00e8me R\u00e9publique fran\u00e7aise dans une d\u00e9mocratie europ\u00e9enne des peuples. Un tout petit coup d&rsquo;oeil sur l&rsquo;histoire constitutionnelle de la France depuis la R\u00e9volution suffit \u00e0 constater que la repr\u00e9sentation parlementaire du peuple s&rsquo;affranchit m\u00e9caniquement de ses obligations et devoirs l\u00e9gislatifs si elle n&rsquo;est pas surveill\u00e9e par un puissant monarque qui incarne le pouvoir du peuple. De m\u00eame L\u2019\u00c9tat d\u00e9mocratique du peuple fran\u00e7ais ou de n&rsquo;importe quel peuple europ\u00e9en se met \u00e0 la merci de l&rsquo;oligarchie europ\u00e9enne transnationale s&rsquo;il n&rsquo;est pas repr\u00e9sent\u00e9 dans la politique transnationale par une personne physique identifiable comme chef de la puissance publique de la d\u00e9mocratie nationale.<\/p>\n<p>Sur le plan anthropologique, il n&rsquo;est pas insens\u00e9 de postuler que ni la d\u00e9mocratie repr\u00e9sentative, ni la d\u00e9mocratie participative, ni la d\u00e9mocratie directe ne sont \u00e0 soi seules n\u00e9cessaires et suffisantes \u00e0 l&rsquo;existence libre de tous. La d\u00e9mocratie a autant besoin de la pluralit\u00e9 des opinions et des essences que de l&rsquo;incarnation singuli\u00e8re et communis\u00e9e de chaque individu. Pr\u00e9sident, parlement et assembl\u00e9es g\u00e9n\u00e9rales des citoyens sont n\u00e9cessaires les uns par les autres. D&rsquo;o\u00f9 l&rsquo;on d\u00e9duit que le cr\u00e9dit et la monnaie qui rationalisent l&rsquo;interaction entre les trois niveaux de responsabilit\u00e9 politique doivent s&rsquo;int\u00e9grer totalement dans le pouvoir judiciaire de la d\u00e9mocratie.<\/p>\n<p>La reconstitution de la d\u00e9mocratie fran\u00e7aise au sein d&rsquo;une soci\u00e9t\u00e9 europ\u00e9enne des peuples est impossible sans la repr\u00e9sentation de l&rsquo;unit\u00e9 nationale par un pr\u00e9sident fort et sans la d\u00e9lib\u00e9ration de l&rsquo;unit\u00e9 nationale par une repr\u00e9sentation parlementaire fran\u00e7aise ET une repr\u00e9sentation parlementaire sp\u00e9cifique de la collaboration solidaire inter-\u00e9tatique en euro. La double repr\u00e9sentation parlementaire du peuple fran\u00e7ais face \u00e0 lui-m\u00eame et face aux autres peuples de l&rsquo;euro n&rsquo;aura aucun effet d\u00e9mocratique sans l&rsquo;\u00e9mergence d&rsquo;une force politique socialiste pan-europ\u00e9enne lib\u00e9r\u00e9e du paradigme lib\u00e9ral nihiliste d\u00e9pressif.<\/p>\n<p>Le r\u00f4le de Beno\u00eet Hamon avec la double proposition du revenu universel et du parlement de l&rsquo;euro est naturellement de faire \u00e9merger un puissant parti politique europ\u00e9en de la d\u00e9mocratie sociale. Sans large majorit\u00e9 \u00e0 l&rsquo;Assembl\u00e9e nationale, le Pr\u00e9sident M\u00e9lenchon sera dictateur ou ministre de la parole et des chrysanth\u00e8mes. Sans un premier ministre responsable de la politique gouvernementale par la confiance d&rsquo;une vraie majorit\u00e9 parlementaire socialiste, les d\u00e9put\u00e9s corrompront le Pr\u00e9sident ou le Pr\u00e9sident corrompra les d\u00e9put\u00e9s. Les uns et les autres utiliseront la supra-nationalit\u00e9 et le secret bancaire en euro pour arranger leurs affaires privativement dans le dos de leurs \u00e9lecteurs.<\/p>\n<p>En revanche, si le parlement de l&rsquo;euro peut contr\u00f4ler la n\u00e9gociation fiscale inter-gouvernementale et la repr\u00e9sentation des \u00c9tats nationaux par le conseil des chefs d\u2019\u00c9tat de l&rsquo;euro, alors la d\u00e9mocratie europ\u00e9enne pourra se doter d&rsquo;un cadastre central des actifs financiers de la valeur ajout\u00e9e. La fiscalisation du capital et des revenus en euro deviendra une assurance universelle europ\u00e9enne des droits, de la propri\u00e9t\u00e9, de la responsabilit\u00e9 et de l&rsquo;existence de chaque citoyen europ\u00e9en, riche ou pauvre, dans une nature et une d\u00e9mocratie effectivement r\u00e9g\u00e9n\u00e9r\u00e9es, financ\u00e9es et prot\u00e9g\u00e9es.<\/p>\n","protected":false},"excerpt":{"rendered":"<blockquote>\n<p>Billet invit\u00e9.<\/p>\n<\/blockquote>\n<p>L&rsquo;hypoth\u00e8se du coup m\u00e9diatique sur le revenu universel est plausible. Mais le sujet du revenu universel n&rsquo;en est pas moins une innovation fondatrice du d\u00e9bat politique tel qu&rsquo;il doit \u00eatre dans une d\u00e9mocratie r\u00e9elle. Les candidats lib\u00e9raux de cette \u00e9lection pr\u00e9sidentielle s&rsquo;expriment clairement sur le postulat du travail comme d\u00e9pense d&rsquo;\u00e9nergie physique ou [&hellip;]<\/p>\n","protected":false},"author":1,"featured_media":0,"comment_status":"open","ping_status":"closed","sticky":false,"template":"","format":"standard","meta":{"footnotes":""},"categories":[204,4454,17,5176],"tags":[2364,1760,1833],"class_list":["post-94234","post","type-post","status-publish","format-standard","hentry","category-europe","category-france","category-politique","category-revenu-universel-de-base","tag-benoit-hamon","tag-election-presidentielle-francaise","tag-jean-luc-melenchon"],"_links":{"self":[{"href":"https:\/\/www.pauljorion.com\/blog\/wp-json\/wp\/v2\/posts\/94234","targetHints":{"allow":["GET"]}}],"collection":[{"href":"https:\/\/www.pauljorion.com\/blog\/wp-json\/wp\/v2\/posts"}],"about":[{"href":"https:\/\/www.pauljorion.com\/blog\/wp-json\/wp\/v2\/types\/post"}],"author":[{"embeddable":true,"href":"https:\/\/www.pauljorion.com\/blog\/wp-json\/wp\/v2\/users\/1"}],"replies":[{"embeddable":true,"href":"https:\/\/www.pauljorion.com\/blog\/wp-json\/wp\/v2\/comments?post=94234"}],"version-history":[{"count":1,"href":"https:\/\/www.pauljorion.com\/blog\/wp-json\/wp\/v2\/posts\/94234\/revisions"}],"predecessor-version":[{"id":94235,"href":"https:\/\/www.pauljorion.com\/blog\/wp-json\/wp\/v2\/posts\/94234\/revisions\/94235"}],"wp:attachment":[{"href":"https:\/\/www.pauljorion.com\/blog\/wp-json\/wp\/v2\/media?parent=94234"}],"wp:term":[{"taxonomy":"category","embeddable":true,"href":"https:\/\/www.pauljorion.com\/blog\/wp-json\/wp\/v2\/categories?post=94234"},{"taxonomy":"post_tag","embeddable":true,"href":"https:\/\/www.pauljorion.com\/blog\/wp-json\/wp\/v2\/tags?post=94234"}],"curies":[{"name":"wp","href":"https:\/\/api.w.org\/{rel}","templated":true}]}}