{"id":94545,"date":"2017-04-17T10:23:23","date_gmt":"2017-04-17T08:23:23","guid":{"rendered":"http:\/\/www.pauljorion.com\/blog\/?p=94545"},"modified":"2017-04-17T10:23:23","modified_gmt":"2017-04-17T08:23:23","slug":"philippe-poutou-vote-melenchon-au-2d-tour-par-roberto-boulant","status":"publish","type":"post","link":"https:\/\/www.pauljorion.com\/blog\/2017\/04\/17\/philippe-poutou-vote-melenchon-au-2d-tour-par-roberto-boulant\/","title":{"rendered":"Philippe Poutou vote M\u00e9lenchon au 2<sup>d<\/sup> tour, par Roberto Boulant"},"content":{"rendered":"<blockquote><p>Billet invit\u00e9. Ouvert aux commentaires.\u00a0P.J. : Je publierai\u00a0bien entendu volontiers comme billet autonome\u00a0les r\u00e9ponses qui lui seraient faites.<\/p><\/blockquote>\n<p>Ce matin Philippe Poutou, <a href=\"http:\/\/www.pauljorion.com\/blog\/2017\/04\/05\/philippe-poutou-lhonnete-homme-par-roberto-boulant\/\" rel=\"nofollow\">l\u2019honn\u00eate homme<\/a>, \u00e9tait <a href=\"https:\/\/www.franceinter.fr\/emissions\/l-invite-de-8h20\/l-invite-de-8h20-17-avril-2017\" rel=\"nofollow\">l\u2019invit\u00e9 de la matinale de France-Inter<\/a>. Et c\u2019est vrai que c\u2019est toujours un plaisir d\u2019\u00e9couter ce Monsieur-tout-le-monde, ce non-professionnel de la profession, s\u2019exprimant clairement, car d\u00e9gager de toute entrave politicienne l\u2019obligeant \u00e0 faire des r\u00e9ponses tactiques dans un jeu de billard \u00e0 trois bandes.<\/p>\n<p><!--more-->Ne pouvant pas \u00eatre \u00e9lu et sachant qu\u2019il ne passera certainement pas la barre lui permettant d\u2019\u00eatre rembours\u00e9 de ses frais de campagne, Philippe Poutou parle sans aucune contrainte, avec pour seul souci d\u2019exprimer honn\u00eatement ses id\u00e9es. Et en effet, quel autre candidat parmi ceux susceptibles de se qualifier pour le second tour, capable d\u2019avouer un total manque de pr\u00e9paration pour les l\u00e9gislatives de juin prochain\u00a0?<\/p>\n<p>Philippe Poutou dit ce qu\u2019il pense vraiment, et c\u2019est bien \u00e7a qui au-del\u00e0 de la sympathie qu\u2019il inspire, tranche radicalement avec l\u2019ambiance d\u00e9l\u00e9t\u00e8re de la d\u00e9mocratie repr\u00e9sentative des int\u00e9r\u00eats priv\u00e9s.<\/p>\n<p>Concernant M\u00e9lenchon, s\u2019il a exprim\u00e9 tr\u00e8s clairement qu\u2019il voterait pour lui au 2<sup>d<\/sup> tour contre Macron (vers 2\u201943) -et comment pourrait-il en \u00eatre autrement pour un homme de gauche\u00a0?-, quelles sont ses craintes\u00a0?<\/p>\n<p>&#8211; Pour Philippe Poutou, M\u00e9lenchon n\u2019appartient pas \u00e0 la tr\u00e8s peu pr\u00e9cise d\u00e9nomination de l\u2019extr\u00eame-gauche, mais est un candidat qui d\u00e9fend des id\u00e9es socialistes. Il pr\u00e9cise m\u00eame, \u00ab\u00a0les id\u00e9es d\u00e9fendues par Fran\u00e7ois Mitterrand dans les ann\u00e9es 70 qui avait un discours tr\u00e8s, tr\u00e8s \u00e0 gauche\u00a0\u00bb. Il craint donc que M\u00e9lenchon, \u00e0 l\u2019instar de son tr\u00e8s peu glorieux ain\u00e9, fasse la m\u00eame chose en trahissant les id\u00e9es socialistes.<\/p>\n<p>&#8211; Second point important, il n\u2019est manifestement pas convaincu par son id\u00e9e de Constituante alors m\u00eame que, paradoxalement, il affirme \u00e0 juste titre que rien ne changera tant que le rapport de force entre les populations et les d\u00e9cideurs de la sph\u00e8re \u00e9conomico-financi\u00e8re restera aussi d\u00e9s\u00e9quilibr\u00e9 en faveur des seconds.<\/p>\n<p>&#8211; Enfin, il reproche \u00e0 M\u00e9lenchon une certaine forme de \u2018chauvinisme r\u00e9publicain\u2019 (vers 4\u201940), via la mise en avant du drapeau tricolore ou de la Marseillaise (r\u00e9duisant la longue histoire de celle-ci \u00e0 la p\u00e9riode coloniale, aux guerres inter-\u00e9tatiques et \u00e0 la x\u00e9nophobie).<\/p>\n<p>Que retenir de cette intervention en particulier, et en g\u00e9n\u00e9ral\u00a0d\u2019une campagne \u00e9lectorale hors-normes, mais \u00e0 l\u2019image de notre situation\u00a0?<\/p>\n<p>Si les commentateurs ont mis \u00e0 juste titre en avant l\u2019incroyable diversit\u00e9 des ralliements \u00e0 Macron -des anciens communistes aux n\u00e9olib\u00e9raux purs et durs, de ceux qui paniquent de voir leur monde s\u2019\u00e9crouler, \u00e0 ceux qui jubilent de voir un banquier d\u2019affaires \u00e0 l\u2019\u00c9lys\u00e9e-, il convient \u00e9galement de remarquer le soutien \u00e0 Jean-Luc M\u00e9lenchon (mesur\u00e9, conditionnel et sous haute surveillance) qui va de Philippe Poutou \u00e0 Thomas Piketty, en passant par Fr\u00e9deric Lordon.<\/p>\n<p>La ligue des gentlemen extraordinaires, la vraie\u00a0?<\/p>\n","protected":false},"excerpt":{"rendered":"<blockquote>\n<p>Billet invit\u00e9. Ouvert aux commentaires.\u00a0P.J. : Je publierai\u00a0bien entendu volontiers comme billet autonome\u00a0les r\u00e9ponses qui lui seraient faites.<\/p>\n<\/blockquote>\n<p>Ce matin Philippe Poutou, <a href=\"http:\/\/www.pauljorion.com\/blog\/2017\/04\/05\/philippe-poutou-lhonnete-homme-par-roberto-boulant\/\" rel=\"nofollow\">l\u2019honn\u00eate homme<\/a>, \u00e9tait <a href=\"https:\/\/www.franceinter.fr\/emissions\/l-invite-de-8h20\/l-invite-de-8h20-17-avril-2017\" rel=\"nofollow\">l\u2019invit\u00e9 de la matinale de France-Inter<\/a>. Et c\u2019est vrai que c\u2019est toujours un plaisir d\u2019\u00e9couter ce Monsieur-tout-le-monde, ce non-professionnel de la profession, s\u2019exprimant clairement, car d\u00e9gager [&hellip;]<\/p>\n","protected":false},"author":1,"featured_media":0,"comment_status":"closed","ping_status":"closed","sticky":false,"template":"","format":"standard","meta":{"footnotes":""},"categories":[4454,17],"tags":[1760,1833,5275],"class_list":["post-94545","post","type-post","status-publish","format-standard","hentry","category-france","category-politique","tag-election-presidentielle-francaise","tag-jean-luc-melenchon","tag-philippe-poutou"],"_links":{"self":[{"href":"https:\/\/www.pauljorion.com\/blog\/wp-json\/wp\/v2\/posts\/94545","targetHints":{"allow":["GET"]}}],"collection":[{"href":"https:\/\/www.pauljorion.com\/blog\/wp-json\/wp\/v2\/posts"}],"about":[{"href":"https:\/\/www.pauljorion.com\/blog\/wp-json\/wp\/v2\/types\/post"}],"author":[{"embeddable":true,"href":"https:\/\/www.pauljorion.com\/blog\/wp-json\/wp\/v2\/users\/1"}],"replies":[{"embeddable":true,"href":"https:\/\/www.pauljorion.com\/blog\/wp-json\/wp\/v2\/comments?post=94545"}],"version-history":[{"count":2,"href":"https:\/\/www.pauljorion.com\/blog\/wp-json\/wp\/v2\/posts\/94545\/revisions"}],"predecessor-version":[{"id":94547,"href":"https:\/\/www.pauljorion.com\/blog\/wp-json\/wp\/v2\/posts\/94545\/revisions\/94547"}],"wp:attachment":[{"href":"https:\/\/www.pauljorion.com\/blog\/wp-json\/wp\/v2\/media?parent=94545"}],"wp:term":[{"taxonomy":"category","embeddable":true,"href":"https:\/\/www.pauljorion.com\/blog\/wp-json\/wp\/v2\/categories?post=94545"},{"taxonomy":"post_tag","embeddable":true,"href":"https:\/\/www.pauljorion.com\/blog\/wp-json\/wp\/v2\/tags?post=94545"}],"curies":[{"name":"wp","href":"https:\/\/api.w.org\/{rel}","templated":true}]}}