{"id":94941,"date":"2017-05-01T06:44:02","date_gmt":"2017-05-01T04:44:02","guid":{"rendered":"http:\/\/www.pauljorion.com\/blog\/?p=94941"},"modified":"2017-05-06T00:42:44","modified_gmt":"2017-05-05T22:42:44","slug":"faites-circuler-svp-parmi-les-jeunes","status":"publish","type":"post","link":"https:\/\/www.pauljorion.com\/blog\/2017\/05\/01\/faites-circuler-svp-parmi-les-jeunes\/","title":{"rendered":"<b>Faites circuler svp parmi les jeunes<\/b>"},"content":{"rendered":"<blockquote><p>Ouvert aux commentaires.<\/p><\/blockquote>\n<p>J&rsquo;ai re\u00e7u hier matin un message d&rsquo;une jeune personne, s&rsquo;affirmant famili\u00e8re du blog, qui me demandait tr\u00e8s aimablement si je pouvais mettre en ligne une vid\u00e9o qu&rsquo;elle venait de faire. S&rsquo;en est suivi, un dialogue de sourds. Comme je n&rsquo;ai pas demand\u00e9 \u00e0 cette personne si elle m&rsquo;autorisait \u00e0 reproduire sa part de dialogue, vous ne la verrez pas, vous verrez juste mes r\u00e9ponses, qui sera suivie de mes remarques finales.<\/p>\n<p><!--more-->X : message initial<\/p>\n<p>P.J. \u00e0 11h46 :<\/p>\n<blockquote><p>Bonjour,<\/p>\n<p>J&rsquo;ai regard\u00e9 votre vid\u00e9o. Il me semble qu&rsquo;elle trouve davantage sa place dans le cadre de la campagne des l\u00e9gislatives qui aura lieu bient\u00f4t, au cas o\u00f9 Macron serait \u00e9lu. Mais ne br\u00fblons pas les \u00e9tapes, jusque-l\u00e0, comme vous le dites tr\u00e8s bien, il s&rsquo;agit de faire barrage au Front national. Faites une petite vid\u00e9o sur ce th\u00e8me l\u00e0 qui est notre pr\u00e9occupation imm\u00e9diate et je la mettrai tr\u00e8s volontiers en ligne sur mon site. Pour le th\u00e8me de la vid\u00e9o que vous me proposez aujourd&rsquo;hui, attendons le 8 mai &#8211; en priant le ciel qu&rsquo;elle n&rsquo;aura pas cess\u00e9 d&rsquo;\u00eatre pertinente.<\/p>\n<p>Paul Jorion<\/p><\/blockquote>\n<p>X : r\u00e9ponse<\/p>\n<p>P.J. \u00e0 14h03 :<\/p>\n<blockquote><p>Et comme je vous ai dit, je diffuserai tr\u00e8s volontiers en attendant une vid\u00e9o que vous feriez sp\u00e9cifiquement dans les jours qui viennent pour \u00e9carter le danger FN.<\/p>\n<p>Paul J.<\/p><\/blockquote>\n<p>X : r\u00e9ponse<\/p>\n<p>P.J. \u00e0 14h34 :<\/p>\n<blockquote><p>Oui bien s\u00fbr mais je suis un peu plus strat\u00e8ge que vous : First we take Le Pen, then we take Macron !<br \/>\nPJ<\/p><\/blockquote>\n<p>X : r\u00e9ponse<\/p>\n<p>P.J. \u00e0 15h37 :<\/p>\n<blockquote><p>Ce n&rsquo;est pas gagn\u00e9 !<br \/>\nMacron nous \u00e9coutera peut-\u00eatre, mais une chose est s\u00fbre&nbsp;: Le Pen nous fera taire vous et moi.<\/p>\n<p>PJ<\/p><\/blockquote>\n<p>X : r\u00e9ponse<\/p>\n<p>P.J. \u00e0 0h43 :<\/p>\n<blockquote><p>Faites moi plaisir, lisez ceci :<\/p>\n<blockquote class=\"wp-embedded-content\" data-secret=\"XllxIpjoYt\"><p><a href=\"https:\/\/www.pauljorion.com\/blog\/2017\/05\/01\/quels-sont-les-dangers-dune-election-de-marine-le-pen-a-lelysee-en-2017-par-cedric-mas\/\">QUELS SONT LES DANGERS D&rsquo;UNE \u00c9LECTION DE MARINE LE PEN \u00c0 L&rsquo;\u00c9LYS\u00c9E EN 2017 ? par C\u00e9dric Mas<\/a><\/p><\/blockquote>\n<p><iframe loading=\"lazy\" class=\"wp-embedded-content\" sandbox=\"allow-scripts\" security=\"restricted\" style=\"position: absolute; clip: rect(1px, 1px, 1px, 1px);\" title=\"\u00ab\u00a0QUELS SONT LES DANGERS D&rsquo;UNE \u00c9LECTION DE MARINE LE PEN \u00c0 L&rsquo;\u00c9LYS\u00c9E EN 2017 ? par C\u00e9dric Mas\u00a0\u00bb &#8212; Blog de Paul Jorion\" src=\"https:\/\/www.pauljorion.com\/blog\/2017\/05\/01\/quels-sont-les-dangers-dune-election-de-marine-le-pen-a-lelysee-en-2017-par-cedric-mas\/embed\/#?secret=Pd2e5bTUxj#?secret=XllxIpjoYt\" data-secret=\"XllxIpjoYt\" width=\"500\" height=\"282\" frameborder=\"0\" marginwidth=\"0\" marginheight=\"0\" scrolling=\"no\"><\/iframe><\/p>\n<p>et ensuite, faites une vid\u00e9o avant dimanche prochain sur le <u>vrai<\/u> danger qui nous menace, et que je mettrai sur mon blog.<\/p>\n<p>PJ<\/p><\/blockquote>\n<p>X : r\u00e9ponse<\/p>\n<p>P.J. \u00e0 6h01 :<\/p>\n<blockquote><p>Moi je ne vous connaissais pas non plus, pourtant j&rsquo;ai accueilli avec sympathie et j&rsquo;ai r\u00e9pondu avec sympathie au premier message que vous m&rsquo;adressiez et o\u00f9 vous affirmiez au contraire que vous m&rsquo;\u00e9criviez parce que vous me connaissiez. Maintenant j&rsquo;ai le choix entre penser que vous ne vous rendez pas compte du risque que vous courez, ou bien que vous aviez choisi le mauvais camp depuis le d\u00e9but, mais comme je vous l&rsquo;ai dit : il vous fera taire, et m\u00eame pas pour ce que vous dites, simplement pour le nom que vous portez.<\/p>\n<p>Vous \u00eates vex\u00e9 mais mon offre tient toujours. Mais faites les choses dans le bon ordre : une vid\u00e9o o\u00f9 vous vous en prenez \u00e0 Le Pen dans la semaine qui vient. Et je publierai moi, comme je vous l&rsquo;ai dit d\u00e8s le d\u00e9but, votre vid\u00e9o o\u00f9 vous critiquez Macron le 8 mai. Pour autant que nous ayons vous et moi la tr\u00e8s grande chance que la chose ait encore un sens ce jour-l\u00e0.<\/p>\n<p>Paul J.<\/p><\/blockquote>\n<p>Je vois certains jeunes raisonner de la mani\u00e8re suivante : \u00ab\u00a0Comme Macron est banquier, il passera de toute mani\u00e8re\u00a0\u00bb. Moi qui ne suis plus jeune, je sais que \u00e7a d\u00e9pend du nombre de gens qui voteront pour lui et du nombre de ceux qui voteront en face.<\/p>\n<p>Beaucoup de gens viennent m&rsquo;\u00e9couter, ce dont je les remercie, mais il y a tr\u00e8s peu de jeunes parmi eux. Soyez gentils de les alerter en leur signalant mon\u00a0billet.<\/p>\n","protected":false},"excerpt":{"rendered":"<blockquote>\n<p>Ouvert aux commentaires.<\/p>\n<\/blockquote>\n<p>J&rsquo;ai re\u00e7u hier matin un message d&rsquo;une jeune personne, s&rsquo;affirmant famili\u00e8re du blog, qui me demandait tr\u00e8s aimablement si je pouvais mettre en ligne une vid\u00e9o qu&rsquo;elle venait de faire. S&rsquo;en est suivi, un dialogue de sourds. Comme je n&rsquo;ai pas demand\u00e9 \u00e0 cette personne si elle m&rsquo;autorisait \u00e0 reproduire sa part [&hellip;]<\/p>\n","protected":false},"author":1,"featured_media":0,"comment_status":"closed","ping_status":"closed","sticky":false,"template":"","format":"standard","meta":{"footnotes":""},"categories":[4454,17],"tags":[1760],"class_list":["post-94941","post","type-post","status-publish","format-standard","hentry","category-france","category-politique","tag-election-presidentielle-francaise"],"_links":{"self":[{"href":"https:\/\/www.pauljorion.com\/blog\/wp-json\/wp\/v2\/posts\/94941","targetHints":{"allow":["GET"]}}],"collection":[{"href":"https:\/\/www.pauljorion.com\/blog\/wp-json\/wp\/v2\/posts"}],"about":[{"href":"https:\/\/www.pauljorion.com\/blog\/wp-json\/wp\/v2\/types\/post"}],"author":[{"embeddable":true,"href":"https:\/\/www.pauljorion.com\/blog\/wp-json\/wp\/v2\/users\/1"}],"replies":[{"embeddable":true,"href":"https:\/\/www.pauljorion.com\/blog\/wp-json\/wp\/v2\/comments?post=94941"}],"version-history":[{"count":6,"href":"https:\/\/www.pauljorion.com\/blog\/wp-json\/wp\/v2\/posts\/94941\/revisions"}],"predecessor-version":[{"id":94947,"href":"https:\/\/www.pauljorion.com\/blog\/wp-json\/wp\/v2\/posts\/94941\/revisions\/94947"}],"wp:attachment":[{"href":"https:\/\/www.pauljorion.com\/blog\/wp-json\/wp\/v2\/media?parent=94941"}],"wp:term":[{"taxonomy":"category","embeddable":true,"href":"https:\/\/www.pauljorion.com\/blog\/wp-json\/wp\/v2\/categories?post=94941"},{"taxonomy":"post_tag","embeddable":true,"href":"https:\/\/www.pauljorion.com\/blog\/wp-json\/wp\/v2\/tags?post=94941"}],"curies":[{"name":"wp","href":"https:\/\/api.w.org\/{rel}","templated":true}]}}