{"id":95195,"date":"2017-05-16T22:26:24","date_gmt":"2017-05-16T20:26:24","guid":{"rendered":"http:\/\/www.pauljorion.com\/blog\/?p=95195"},"modified":"2017-05-16T23:05:57","modified_gmt":"2017-05-16T21:05:57","slug":"remembrances-par-panagiotis-grigoriou","status":"publish","type":"post","link":"https:\/\/www.pauljorion.com\/blog\/2017\/05\/16\/remembrances-par-panagiotis-grigoriou\/","title":{"rendered":"Remembrances, par Panagiotis Grigoriou"},"content":{"rendered":"<blockquote><p>Billet invit\u00e9.<\/p><\/blockquote>\n<div class=\"separator\"><a href=\"http:\/\/greek-crisis.org\/@photoS\/2017\/@FF\/2017050531.jpg\" target=\"_blank\" rel=\"gcbox(gcrisis) noopener noreferrer\"><img decoding=\"async\" class=\"aligncenter\" src=\"http:\/\/greek-crisis.org\/@photoS\/2017\/@LQ\/2017050531.jpg\" alt=\"\" border=\"0\" \/><\/a><\/div>\n<p>Pays aux souvenirs inusables. St\u00e1vros, m\u00e9canicien naval confirm\u00e9, rencontr\u00e9 \u00e0 bord du ferry-bac vers Salamine est de bonne humeur. C\u2019est rare en Gr\u00e8ce par les temps qui courent. Il raconte volontiers ses nombreux d\u00e9placements en France comme ailleurs, plus exactement \u00e0 travers les grands ports commerciaux et industriels. Remembrances.<\/p>\n<p><!--more-->\u201cJ&rsquo;aime mon travail, sauf que depuis cette foutue crise je suis moins bien pay\u00e9. Mon patron en profite. Ainsi je travaille en plus&#8230; \u00e0 mon compte et cela durant pratiquement chaque week-end. Je ne m&rsquo;en plains pas, j&rsquo;ai du travail et d&rsquo;ailleurs je l&rsquo;aime.\u201d Du bon plaisir, enfin!<br \/>\n<a name=\"more\"><\/a><\/p>\n<table class=\"tr-caption-container\" cellspacing=\"0\" cellpadding=\"0\" align=\"center\">\n<tbody>\n<tr>\n<td><a href=\"http:\/\/greek-crisis.org\/@photoS\/2017\/@FF\/2017050912.jpg\" target=\"_blank\" rel=\"gcbox(gcrisis) noopener noreferrer\"><img decoding=\"async\" class=\"aligncenter\" src=\"http:\/\/greek-crisis.org\/@photoS\/2017\/@LQ\/2017050912.jpg\" alt=\"\" border=\"0\" \/><\/a><\/td>\n<\/tr>\n<tr>\n<td class=\"tr-caption\" style=\"text-align: center;\">La Gr\u00e8ce et ses fruits de saison. Ath\u00e8nes, mai 2017<\/td>\n<\/tr>\n<\/tbody>\n<\/table>\n<p>La Gr\u00e8ce et ses fruits de saison comme d\u2019\u00e9poque. St\u00e1vros, capable d\u2019intervenir sans d\u00e9lai sur toutes les installations, et d\u2019assurer les d\u00e9pannages m\u00e9caniques \u00e0 bord des navires pour la maintenance pr\u00e9ventive et curative sur les mat\u00e9riels comme il aime l\u2019exprimer avec tant de fiert\u00e9, n\u2019\u00e9voquera gu\u00e8re directement le contexte politique et \u00e9conomique. \u00c0 l\u2019instar de nombreux autres Grecs, il en est d\u2019abord profond\u00e9ment d\u00e9gout\u00e9, et surtout, il sait qu\u2019il n\u2019a plus aucune prise sur les d\u00e9cisions \u201cglobales\u201d, \u00e9lections ou pas d\u2019ailleurs.<\/p>\n<p>Le pr\u00e9sent\u00e9isme r\u00e8gne, les Grecs s\u2019y installent. \u00c0 bord du ferry-bac, parmi ces autres passagers qui suivaient la discussion, certains ont \u00e9t\u00e9 visiblement g\u00ean\u00e9s, voire envieux. Avoir du travail et alors l\u2019aimer de surcro\u00eet, n\u2019est plus du tout la r\u00e8gle en ce moment. Ancienne r\u00e8gle donc et qui ne reviendra plus jamais sans changement radical de paradigme \u00e9conomique, ce qui est largement inimaginable \u00e0 l\u2019\u00e9chelle grecque pour ne pas dire europ\u00e9enne et pourtant, tous les&#8230; damn\u00e9s de la terre comme de la mer le souhaiteraient.<\/p>\n<table class=\"tr-caption-container\" cellspacing=\"0\" cellpadding=\"0\" align=\"center\">\n<tbody>\n<tr>\n<td><a href=\"http:\/\/greek-crisis.org\/@photoS\/2017\/@FF\/2017050914.jpg\" target=\"_blank\" rel=\"gcbox(gcrisis) noopener noreferrer\"><img decoding=\"async\" class=\"aligncenter\" src=\"http:\/\/greek-crisis.org\/@photoS\/2017\/@LQ\/2017050914.jpg\" alt=\"\" border=\"0\" \/><\/a><\/td>\n<\/tr>\n<tr>\n<td class=\"tr-caption\" style=\"text-align: center;\">Une certaine presse. Ath\u00e8nes, mai 2017<\/td>\n<\/tr>\n<\/tbody>\n<\/table>\n<p>Et \u00e0 d\u00e9faut d\u2019imagination&#8230; il faut d\u2019abord survivre. Ce syst\u00e8me politique \u00e9tant d\u00e9finitivement mort \u00e0 la suite de la derni\u00e8re escroquerie SYRIZA, sauf pour maintenir privil\u00e8ges et autres subsides de caste \u00e0 certains, les Grecs le savent. Plus besoin d\u2019\u00e9piloguer davantage. Comme je l\u2019exprimais r\u00e9cemment \u00e0 Jos\u00e9-Manuel Lamarque qui m\u2019interviewait par t\u00e9l\u00e9phone dans le cadre de son \u00e9mission sur France-Inter (l\u2019interview sera diffus\u00e9e prochainement), ce n\u2019est plus d\u2019une crise qu\u2019il s\u2019agit, mais d\u2019un changement au forceps de paradigme anthropologique.<\/p>\n<p>Au bout de huit ann\u00e9es de \u201ccrise grecque\u201d, la soci\u00e9t\u00e9 en sort transform\u00e9e, les liens interpersonnels, amoureux, conjugaux, amicaux, professionnels ne sont plus pratiqu\u00e9s de la m\u00eame fa\u00e7on qu\u2019avant 2010. La gestion m\u00eame du temps (comme&#8230; du temps existentiel restant), devient alors impossible pour le plus grand nombre. Dans un sens, \u00e0 d\u00e9faut de calendrier \u00e9vident, pas d\u2019espoir manifeste, et point d\u2019avenir, sauf peut-\u00eatre pour St\u00e1vros, toujours&#8230; capable d\u2019intervenir sans d\u00e9lai sur toutes les installations.<\/p>\n<p>La presse grecque, m\u00e9dias hertziens et \u00e9lectroniques compris, plus cadav\u00e9rique que jamais, versera en outre chaque jour, son flot d\u2019atrocit\u00e9s de toute sorte: criminalit\u00e9 \u201cing\u00e9nieuse\u201d, meurtres en s\u00e9rie (dont infanticides et m\u00eame filicides), sans oublier les nouvelles&#8230; renouvel\u00e9es sans cesse depuis le front des dites reformes structurelles initi\u00e9es par la Tro\u00efka \u00e9largie, avec l\u2019aimable participation des \u201cgouvernements grecs\u201d. Conditionnement&#8230; consubstantiel comme on sait d\u2019une certaine m\u00e9canique sociale.<\/p>\n<table class=\"tr-caption-container\" cellspacing=\"0\" cellpadding=\"0\" align=\"center\">\n<tbody>\n<tr>\n<td><a href=\"http:\/\/greek-crisis.org\/@photoS\/2017\/@FF\/2017050519.jpg\" target=\"_blank\" rel=\"gcbox(gcrisis) noopener noreferrer\"><img decoding=\"async\" class=\"aligncenter\" src=\"http:\/\/greek-crisis.org\/@photoS\/2017\/@LQ\/2017050519.jpg\" alt=\"\" border=\"0\" \/><\/a><\/td>\n<\/tr>\n<tr>\n<td class=\"tr-caption\" style=\"text-align: center;\">Eurocapital (soci\u00e9t\u00e9). Ath\u00e8nes, mai 2017<\/td>\n<\/tr>\n<\/tbody>\n<\/table>\n<p>&nbsp;<\/p>\n<table class=\"tr-caption-container\" cellspacing=\"0\" cellpadding=\"0\" align=\"center\">\n<tbody>\n<tr>\n<td><a href=\"http:\/\/greek-crisis.org\/@photoS\/2017\/@FF\/2017050511.jpg\" target=\"_blank\" rel=\"gcbox(gcrisis) noopener noreferrer\"><img decoding=\"async\" class=\"aligncenter\" src=\"http:\/\/greek-crisis.org\/@photoS\/2017\/@LQ\/2017050511.jpg\" alt=\"\" border=\"0\" \/><\/a><\/td>\n<\/tr>\n<tr>\n<td class=\"tr-caption\" style=\"text-align: center;\">Relations interpersonnelles et contexte grec. Surface dans Ath\u00e8nes, mai 2017<\/td>\n<\/tr>\n<\/tbody>\n<\/table>\n<p>&nbsp;<\/p>\n<table class=\"tr-caption-container\" cellspacing=\"0\" cellpadding=\"0\" align=\"center\">\n<tbody>\n<tr>\n<td><a href=\"http:\/\/greek-crisis.org\/@photoS\/xTRA\/@FF\/2017050956.jpg\" target=\"_blank\" rel=\"gcbox(gcrisis) noopener noreferrer\"><img decoding=\"async\" class=\"aligncenter\" src=\"http:\/\/greek-crisis.org\/@photoS\/xTRA\/@LQ\/2017050956.jpg\" alt=\"\" border=\"0\" \/><\/a><\/td>\n<\/tr>\n<tr>\n<td class=\"tr-caption\" style=\"text-align: center;\">Cristina Fern\u00e1ndez de Kirchner visitant l&rsquo;Acropole. Ath\u00e8nes, mai 2017 (presse grecque)<\/td>\n<\/tr>\n<\/tbody>\n<\/table>\n<p>Et en Gr\u00e8ce, ce conditionnement d\u2019une certaine m\u00e9canique sociale, voire d\u2019une m\u00e9canique sociale alors certaine, avait \u00e9t\u00e9 inaugur\u00e9 (pour ce qui est de sa phase actuelle) par la \u201cpr\u00e9paration\u201d de l\u2019opinion devant \u201cl&rsquo;opportunit\u00e9 positive, incarn\u00e9e en la personne de Georges Papandr\u00e9ou\u201d (et tous le violons de la presse s\u2019accord\u00e8rent), c\u2019\u00e9tait en 2009.<\/p>\n<p>La suite est connue. Georges Papandr\u00e9ou a inaugur\u00e9 l\u2019\u00e8re de la m\u00e9tad\u00e9mocratie m\u00e9morandaire en 2010. Depuis, la Constitution est sans cesse viol\u00e9e suivant une s\u00e9rie caract\u00e9ris\u00e9e par de nombreux Putschs successifs, (pseudo) l\u00e9galis\u00e9s par le \u201cParlement\u201d ou sinon au moyen de la \u201cgouvernance\u201d par d\u00e9crets (ordonnances). Faire \u00e9lire sous ces conditions \u201cpetit Georges\u201d, comme les Grecs le surnomment le plus souvent, rel\u00e8ve alors du Putsch inaugural, s\u2019agissant de cette s\u00e9quence historique qui est la n\u00f4tre, qui plus est, introduite par la bancocratie ambiante.<\/p>\n<p>C\u2019est en ce sens d\u2019ailleurs que les Grecs croient ressentir, et cela avec amertume et tristesse, que l\u2019\u00e9lection (ou \u201c\u00e9lection\u201d) d\u2019Emmanuel Macron en France, inaugurerait probablement cette m\u00eame s\u00e9quence historique pour les Fran\u00e7ais, certes toute proportion gard\u00e9e. Le nouveau r\u00e9gime issu \u201cde la crise\u201d se fait bien long. Cette semaine par exemple&#8230; rien qu\u2019en Gr\u00e8ce, la presse publie le texte original du m\u00e9morandum-4bis qu\u2019un certain Alexis Tsipras vient de parapher.<\/p>\n<table class=\"tr-caption-container\" cellspacing=\"0\" cellpadding=\"0\" align=\"center\">\n<tbody>\n<tr>\n<td><a href=\"http:\/\/greek-crisis.org\/@photoS\/xTRA\/@FF\/2017050957.jpg\" target=\"_blank\" rel=\"gcbox(gcrisis) noopener noreferrer\"><img decoding=\"async\" class=\"aligncenter\" src=\"http:\/\/greek-crisis.org\/@photoS\/xTRA\/@LQ\/2017050957.jpg\" alt=\"\" border=\"0\" \/><\/a><\/td>\n<\/tr>\n<tr>\n<td class=\"tr-caption\" style=\"text-align: center;\">L&rsquo;\u00e9lection d&rsquo;Emmanuel Macron vue par la presse grecque, &lsquo;Kathimerin\u00ed\u2019 du 9 mai<\/td>\n<\/tr>\n<\/tbody>\n<\/table>\n<p>Plus de 140 mesures et reformes dites structurelles y figurent, et cela pour une dur\u00e9e&#8230; pr\u00e9vue et ainsi \u00e9tal\u00e9e sur cinq ans. Et d\u00e9j\u00e0, l\u2019\u00e9ni\u00e8me diminution du montant des retraites qui figure dans ce texte vient d\u2019\u00eatre jug\u00e9e anticonstitutionnelle par la Cour de Justice comp\u00e9tente \u00e0 Ath\u00e8nes mardi 9 mai, d\u2019apr\u00e8s le reportage du jour, par exemple celui du quotidien \u201cKathimerin\u00ed\u201d, et alors ?<\/p>\n<p>Cette liste est publi\u00e9e le plus souvent dans son \u201c\u00e9tat brut\u201d, c\u2019est-\u00e0-dire en anglais, notons-le \u00e9galement. L\u2019ex-Commissaire Europ\u00e9iste (1999-2004) et par la suite ministre de l\u2019\u00c9ducation (2009-2012) Anna Diamantopo\u00falou (PASOK), avait en son&#8230; grand temps propos\u00e9 l\u2019adoption de la langue anglaise \u00e0 usage officiel en Gr\u00e8ce. On y arrive presque&#8230; En attendant, Cristina Fern\u00e1ndez de Kirchner vient de visiter Ath\u00e8nes et l&rsquo;Acropole, et les dirigeants Syrizistes auront tout fait pour m\u00e9diatiser ce d\u00e9placement \u00e0 leur profit, mais en vain.<\/p>\n<p>Liana et son mari par exemple, rencontr\u00e9s dans un caf\u00e9 pr\u00e8s du Pir\u00e9e, ne se laisseront plus jamais impressionn\u00e9s par les politiciens. Liana d\u00e9j\u00e0, elle sait de quoi elle parle. \u201cJe suis infirmi\u00e8re en psychiatrie&#8230; ou ce qui en reste. La soci\u00e9t\u00e9 s\u2019effondre, les cas relevant de la psychiatrie se multiplient et alors s\u2019aggravent. Nous ne gardons plus les malades en hospitalisation, car les lits disponibles ont \u00e9t\u00e9 en grande partie tout simplement supprim\u00e9s. Nous leur administrons les m\u00e9dicaments n\u00e9cessaires et alors ils rentrent chez eux. Le plus souvent, leurs proches ne peuvent pas et ne veulent plus s\u2019en occuper. La violence au sein des foyers atteint d\u00e9cid\u00e9ment des sommets de paroxysme, les cas de p\u00e9dophilie \u00e9galement entre autres pour ne citer qu\u2019un exemple pr\u00e9cis.\u201d<\/p>\n<table class=\"tr-caption-container\" cellspacing=\"0\" cellpadding=\"0\" align=\"center\">\n<tbody>\n<tr>\n<td><a href=\"http:\/\/greek-crisis.org\/@photoS\/2017\/@FF\/2017050911.jpg\" target=\"_blank\" rel=\"gcbox(gcrisis) noopener noreferrer\"><img decoding=\"async\" class=\"aligncenter\" src=\"http:\/\/greek-crisis.org\/@photoS\/2017\/@LQ\/2017050911.jpg\" alt=\"\" border=\"0\" \/><\/a><\/td>\n<\/tr>\n<tr>\n<td class=\"tr-caption\" style=\"text-align: center;\">Pr\u00e8s du port du Pir\u00e9e. Mai 2017<\/td>\n<\/tr>\n<\/tbody>\n<\/table>\n<p>&nbsp;<\/p>\n<table class=\"tr-caption-container\" cellspacing=\"0\" cellpadding=\"0\" align=\"center\">\n<tbody>\n<tr>\n<td><a href=\"http:\/\/greek-crisis.org\/@photoS\/2017\/@FF\/2017050913.jpg\" target=\"_blank\" rel=\"gcbox(gcrisis) noopener noreferrer\"><img decoding=\"async\" class=\"aligncenter\" src=\"http:\/\/greek-crisis.org\/@photoS\/2017\/@LQ\/2017050913.jpg\" alt=\"\" border=\"0\" \/><\/a><\/td>\n<\/tr>\n<tr>\n<td class=\"tr-caption\" style=\"text-align: center;\">L&rsquo;ail&#8230; du Pir\u00e9e. Mai 2017<\/td>\n<\/tr>\n<\/tbody>\n<\/table>\n<p>&nbsp;<\/p>\n<table class=\"tr-caption-container\" cellspacing=\"0\" cellpadding=\"0\" align=\"center\">\n<tbody>\n<tr>\n<td><a href=\"http:\/\/greek-crisis.org\/@photoS\/2017\/@FF\/2017050532.jpg\" target=\"_blank\" rel=\"gcbox(gcrisis) noopener noreferrer\"><img decoding=\"async\" class=\"aligncenter\" src=\"http:\/\/greek-crisis.org\/@photoS\/2017\/@LQ\/2017050532.jpg\" alt=\"\" border=\"0\" \/><\/a><\/td>\n<\/tr>\n<tr>\n<td class=\"tr-caption\" style=\"text-align: center;\">Animal adespote. Le Pir\u00e9e, mai 2017<\/td>\n<\/tr>\n<\/tbody>\n<\/table>\n<p>\u00ab\u00a0Il y a des\u00a0malades vrais et parfois moins vrais. Depuis un certain temps d&rsquo;ailleurs les crit\u00e8res sont devenus plus s\u00e9v\u00e8res mais au sein des commissions (c&rsquo;est le taux de 67 % d&rsquo;handicap qui est \u00ab\u00a0vis\u00e9\u00a0\u00bb donnant acc\u00e8s \u00e0 l\u2019allocation !) il y a parfois un certain &lsquo;favoritisme&rsquo;.\u00a0Les gens faisaient tout pour que nous acceptions qu&rsquo;\u00e0 leurs multiples probl\u00e8mes de sant\u00e9, s&rsquo;y ajoutent ceux pr\u00e9sum\u00e9s li\u00e9s au terrain psychologique pour ainsi arriver au chiffre de\u00a067 % de handicap et ainsi b\u00e9n\u00e9ficier de la fameuse allocation.\u00a0\u00bb<\/p>\n<p>Tous ces gens pensent ainsi avoir trouv\u00e9&#8230; l\u2019astuce de la survie. Ils n\u2019ont plus de travail, et en Gr\u00e8ce, les indemnit\u00e9s-ch\u00f4mage au-del\u00e0 d\u2019une p\u00e9riode de douze mois apr\u00e8s le licenciement n\u2019existent pas, tout comme le RMI\/RSA. C\u2019est alors ainsi que les gens&#8230; inventent, mais alors jusqu\u2019o\u00f9 ?<\/p>\n<p>Nous avons salu\u00e9 Liana et son univers sur le march\u00e9 du Pir\u00e9e, o\u00f9 nous avons pu acheter de l\u2019ail&#8230; vieille recette grec supposant agir contre le mauvais \u0153il, toujours sous le regard bien d\u00e9tach\u00e9 des animaux adespotes (sans ma\u00eetres) des lieux et peut-\u00eatre des dieux grecs.<\/p>\n<p>\u00c9tranget\u00e9s peut-\u00eatre bien d\u2019ici ; (Sim\u00f3n) Bol\u00edvar, surnomm\u00e9 le Libertador (1783-1830) serait plut\u00f4t connu pour \u00eatre un bar de la Riviera d\u2019Ath\u00e8nes, et quant au po\u00e8te (finalement) fran\u00e7ais, Jean Mor\u00e9as (1856-1910), son buste install\u00e9 dans le jardin botanique d\u2019Ath\u00e8nes ne rappellerait plus grand chose aux promeneurs de notre temps.<\/p>\n<table class=\"tr-caption-container\" cellspacing=\"0\" cellpadding=\"0\" align=\"center\">\n<tbody>\n<tr>\n<td><a href=\"http:\/\/greek-crisis.org\/@photoS\/2017\/@FF\/2017050526.jpg\" target=\"_blank\" rel=\"gcbox(gcrisis) noopener noreferrer\"><img decoding=\"async\" class=\"aligncenter\" src=\"http:\/\/greek-crisis.org\/@photoS\/2017\/@LQ\/2017050526.jpg\" alt=\"\" border=\"0\" \/><\/a><\/td>\n<\/tr>\n<tr>\n<td class=\"tr-caption\" style=\"text-align: center;\">Bolivar&#8230; d&rsquo;Ath\u00e8nes. Mai 2017<\/td>\n<\/tr>\n<\/tbody>\n<\/table>\n<p>&nbsp;<\/p>\n<table class=\"tr-caption-container\" cellspacing=\"0\" cellpadding=\"0\" align=\"center\">\n<tbody>\n<tr>\n<td><a href=\"http:\/\/greek-crisis.org\/@photoS\/2017\/@FF\/2017050525.jpg\" target=\"_blank\" rel=\"gcbox(gcrisis) noopener noreferrer\"><img decoding=\"async\" class=\"aligncenter\" src=\"http:\/\/greek-crisis.org\/@photoS\/2017\/@LQ\/2017050525.jpg\" alt=\"\" border=\"0\" \/><\/a><\/td>\n<\/tr>\n<tr>\n<td class=\"tr-caption\" style=\"text-align: center;\">Buste de Jean Mor\u00e9as. Ath\u00e8nes, mai 2017<\/td>\n<\/tr>\n<\/tbody>\n<\/table>\n<p>\u201cPo\u00e8te d&rsquo;expression fran\u00e7aise, ce fils d&rsquo;un magistrat grec apprend tout jeune le fran\u00e7ais avec une gouvernante tandis qu&rsquo;il suit des \u00e9tudes secondaires \u00e0 Ath\u00e8nes, Jean Mor\u00e9as\u201d (&#8230;) \u201cs&rsquo;installe d\u00e9finitivement en France \u00e0 vingt-six ans et, plus tard, se fait naturaliser. \u00c0 cette \u00e9poque il est un v\u00e9ritable dandy \u00e0 l&rsquo;allure conqu\u00e9rante, qui fr\u00e9quente le cabaret du Chat noir o\u00f9 se r\u00e9unissent quelques po\u00e8tes. Ils vont former le groupe des d\u00e9cadents, et c&rsquo;est leur influence qui se manifeste dans son premier recueil de vers, \u2018Les Syrtes\u2019 (1884), sous la forme d&rsquo;un satanisme complaisant et d&rsquo;une pr\u00e9ciosit\u00e9 assez artificielle.\u201d, (Encyclop\u00e9die Universalis, mai 2017) .<\/p>\n<p>\u201cDehors hurlent les vents moroses, les vents des vilaines saisons\u201d, \u00e9crivait alors Mor\u00e9as dans son po\u00e8me \u201cRemembrances\u201d.<\/p>\n<p>Pays aux souvenirs alors inusables pour St\u00e1vros, m\u00e9canicien naval confirm\u00e9, ou pour Liana, infirmi\u00e8re en psychiatrie.<\/p>\n<p>Le tout, sous le regard devenu incontournable de Mimi (alias Joachim), l\u2019animal&#8230; suffisamment despote de ce blog.<\/p>\n<table class=\"tr-caption-container\" cellspacing=\"0\" cellpadding=\"0\" align=\"center\">\n<tbody>\n<tr>\n<td><a href=\"http:\/\/greek-crisis.org\/@photoS\/2017\/@FF\/2017050915.jpg\" target=\"_blank\" rel=\"gcbox(gcrisis) noopener noreferrer\"><img decoding=\"async\" class=\"aligncenter\" src=\"http:\/\/greek-crisis.org\/@photoS\/2017\/@LQ\/2017050915.jpg\" alt=\"\" border=\"0\" \/><\/a><\/td>\n<\/tr>\n<tr>\n<td class=\"tr-caption\" style=\"text-align: center;\">Mimi, l&rsquo;animal&#8230; despote de \u2018Greek Crisis\u2019, mai 2017<\/td>\n<\/tr>\n<\/tbody>\n<\/table>\n<p>&nbsp;<\/p>\n<div>\n<p>* Photo de couverture: Vers Salamine. Mai 2017<\/p>\n<\/div>\n","protected":false},"excerpt":{"rendered":"<blockquote>\n<p>Billet invit\u00e9.<\/p>\n<\/blockquote>\n<div class=\"separator\"><a href=\"http:\/\/greek-crisis.org\/@photoS\/2017\/@FF\/2017050531.jpg\" target=\"_blank\" rel=\"gcbox(gcrisis) noopener noreferrer\"><img decoding=\"async\" class=\"aligncenter\" src=\"http:\/\/greek-crisis.org\/@photoS\/2017\/@LQ\/2017050531.jpg\" alt=\"\" border=\"0\" \/><\/a><\/div>\n<p>Pays aux souvenirs inusables. St\u00e1vros, m\u00e9canicien naval confirm\u00e9, rencontr\u00e9 \u00e0 bord du ferry-bac vers Salamine est de bonne humeur. C\u2019est rare en Gr\u00e8ce par les temps qui courent. Il raconte volontiers ses nombreux d\u00e9placements en France comme ailleurs, plus exactement \u00e0 [&hellip;]<\/p>\n","protected":false},"author":1,"featured_media":0,"comment_status":"closed","ping_status":"closed","sticky":false,"template":"","format":"standard","meta":{"footnotes":""},"categories":[5256],"tags":[160],"class_list":["post-95195","post","type-post","status-publish","format-standard","hentry","category-grece","tag-grece"],"_links":{"self":[{"href":"https:\/\/www.pauljorion.com\/blog\/wp-json\/wp\/v2\/posts\/95195","targetHints":{"allow":["GET"]}}],"collection":[{"href":"https:\/\/www.pauljorion.com\/blog\/wp-json\/wp\/v2\/posts"}],"about":[{"href":"https:\/\/www.pauljorion.com\/blog\/wp-json\/wp\/v2\/types\/post"}],"author":[{"embeddable":true,"href":"https:\/\/www.pauljorion.com\/blog\/wp-json\/wp\/v2\/users\/1"}],"replies":[{"embeddable":true,"href":"https:\/\/www.pauljorion.com\/blog\/wp-json\/wp\/v2\/comments?post=95195"}],"version-history":[{"count":5,"href":"https:\/\/www.pauljorion.com\/blog\/wp-json\/wp\/v2\/posts\/95195\/revisions"}],"predecessor-version":[{"id":95307,"href":"https:\/\/www.pauljorion.com\/blog\/wp-json\/wp\/v2\/posts\/95195\/revisions\/95307"}],"wp:attachment":[{"href":"https:\/\/www.pauljorion.com\/blog\/wp-json\/wp\/v2\/media?parent=95195"}],"wp:term":[{"taxonomy":"category","embeddable":true,"href":"https:\/\/www.pauljorion.com\/blog\/wp-json\/wp\/v2\/categories?post=95195"},{"taxonomy":"post_tag","embeddable":true,"href":"https:\/\/www.pauljorion.com\/blog\/wp-json\/wp\/v2\/tags?post=95195"}],"curies":[{"name":"wp","href":"https:\/\/api.w.org\/{rel}","templated":true}]}}