{"id":95224,"date":"2017-05-12T09:41:12","date_gmt":"2017-05-12T07:41:12","guid":{"rendered":"http:\/\/www.pauljorion.com\/blog\/?p=95224"},"modified":"2017-05-12T09:44:56","modified_gmt":"2017-05-12T07:44:56","slug":"vers-un-nouveau-monde-le-temps-quil-fait-le-12-mai-2017","status":"publish","type":"post","link":"https:\/\/www.pauljorion.com\/blog\/2017\/05\/12\/vers-un-nouveau-monde-le-temps-quil-fait-le-12-mai-2017\/","title":{"rendered":"\u00ab\u00a0Vers un nouveau monde\u00a0\u00bb &#8211; Le temps qu&rsquo;il fait le 12 mai 2017"},"content":{"rendered":"<blockquote><p>Ouvert aux commentaires.<\/p><\/blockquote>\n<p><iframe loading=\"lazy\" width=\"700\" height=\"394\" src=\"https:\/\/www.youtube.com\/embed\/4kqB99qzv_4\" frameborder=\"0\" allowfullscreen><\/iframe><\/p>\n<p>Blog de PJ : <a href=\"http:\/\/www.pauljorion.com\/blog\/2016\/10\/22\/paul-magnette-ministre-president-de-la-wallonie-a-propos-du-ceta\/\" target=\"_blank\">Paul Magnette, Ministre-Pr\u00e9sident de la Wallonie, \u00e0 propos du CETA<\/a>, le 22 octobre 2016<\/p>\n<p><a href=\"https:\/\/fr.wikipedia.org\/wiki\/Jean-Pascal_Labille\" target=\"_blank\" rel=\"noopener noreferrer\">Jean-Pascal Labille<\/a><\/p>\n<p>Blog de PJ : <a href=\"http:\/\/www.pauljorion.com\/blog\/2011\/06\/29\/la-conference-de-paul-jorion-a-pairi-daiza-le-27-juin-2011-a-linitiative-de-la-societe-regionale-dinvestissements-de-wallonie-sriw-par-jean-francois-tamellini\/\" target=\"_blank\" rel=\"noopener noreferrer\">La Conf\u00e9rence de Paul Jorion \u00e0 Pairi Daiza, le 27 juin 2011, \u00e0 l\u2019initiative de la Soci\u00e9t\u00e9 R\u00e9gionale d\u2019Investissements de Wallonie (SRIW)<\/a>, par Jean-Fran\u00e7ois Tamellini<\/p>\n","protected":false},"excerpt":{"rendered":"<blockquote>\n<p>Ouvert aux commentaires.<\/p>\n<\/blockquote>\n<p><iframe loading=\"lazy\" width=\"700\" height=\"394\" src=\"https:\/\/www.youtube.com\/embed\/4kqB99qzv_4\" frameborder=\"0\" allowfullscreen><\/iframe><\/p>\n<p>Blog de PJ : <a href=\"http:\/\/www.pauljorion.com\/blog\/2016\/10\/22\/paul-magnette-ministre-president-de-la-wallonie-a-propos-du-ceta\/\" target=\"_blank\">Paul Magnette, Ministre-Pr\u00e9sident de la Wallonie, \u00e0 propos du CETA<\/a>, le 22 octobre 2016<\/p>\n<p><a href=\"https:\/\/fr.wikipedia.org\/wiki\/Jean-Pascal_Labille\" target=\"_blank\" rel=\"noopener noreferrer\">Jean-Pascal Labille<\/a><\/p>\n<p>Blog de PJ : <a href=\"http:\/\/www.pauljorion.com\/blog\/2011\/06\/29\/la-conference-de-paul-jorion-a-pairi-daiza-le-27-juin-2011-a-linitiative-de-la-societe-regionale-dinvestissements-de-wallonie-sriw-par-jean-francois-tamellini\/\" target=\"_blank\" rel=\"noopener noreferrer\">La Conf\u00e9rence de Paul Jorion \u00e0 Pairi Daiza, le 27 juin 2011, [&hellip;]<\/a><\/p>\n","protected":false},"author":1,"featured_media":0,"comment_status":"open","ping_status":"closed","sticky":false,"template":"","format":"standard","meta":{"footnotes":""},"categories":[5319],"tags":[5320,5321,5322,5097],"class_list":["post-95224","post","type-post","status-publish","format-standard","hentry","category-vers-un-nouveau-monde","tag-vers-un-nouveau-monde","tag-jean-pascal-labille","tag-michel-jadot","tag-paul-magnette"],"_links":{"self":[{"href":"https:\/\/www.pauljorion.com\/blog\/wp-json\/wp\/v2\/posts\/95224","targetHints":{"allow":["GET"]}}],"collection":[{"href":"https:\/\/www.pauljorion.com\/blog\/wp-json\/wp\/v2\/posts"}],"about":[{"href":"https:\/\/www.pauljorion.com\/blog\/wp-json\/wp\/v2\/types\/post"}],"author":[{"embeddable":true,"href":"https:\/\/www.pauljorion.com\/blog\/wp-json\/wp\/v2\/users\/1"}],"replies":[{"embeddable":true,"href":"https:\/\/www.pauljorion.com\/blog\/wp-json\/wp\/v2\/comments?post=95224"}],"version-history":[{"count":4,"href":"https:\/\/www.pauljorion.com\/blog\/wp-json\/wp\/v2\/posts\/95224\/revisions"}],"predecessor-version":[{"id":95229,"href":"https:\/\/www.pauljorion.com\/blog\/wp-json\/wp\/v2\/posts\/95224\/revisions\/95229"}],"wp:attachment":[{"href":"https:\/\/www.pauljorion.com\/blog\/wp-json\/wp\/v2\/media?parent=95224"}],"wp:term":[{"taxonomy":"category","embeddable":true,"href":"https:\/\/www.pauljorion.com\/blog\/wp-json\/wp\/v2\/categories?post=95224"},{"taxonomy":"post_tag","embeddable":true,"href":"https:\/\/www.pauljorion.com\/blog\/wp-json\/wp\/v2\/tags?post=95224"}],"curies":[{"name":"wp","href":"https:\/\/api.w.org\/{rel}","templated":true}]}}