{"id":95585,"date":"2017-05-27T10:49:52","date_gmt":"2017-05-27T08:49:52","guid":{"rendered":"http:\/\/www.pauljorion.com\/blog\/?p=95585"},"modified":"2017-05-27T10:51:04","modified_gmt":"2017-05-27T08:51:04","slug":"naufrages-par-panagiotis-grigoriou","status":"publish","type":"post","link":"https:\/\/www.pauljorion.com\/blog\/2017\/05\/27\/naufrages-par-panagiotis-grigoriou\/","title":{"rendered":"Naufrages, par Panagiotis Grigoriou"},"content":{"rendered":"<blockquote><p>Billet invit\u00e9<\/p><\/blockquote>\n<div class=\"separator\"><a href=\"http:\/\/greek-crisis.org\/@photoS\/2017\/@FF\/2017052511.jpg\" target=\"_blank\" rel=\"gcbox(gcrisis) noopener noreferrer\"><img decoding=\"async\" class=\"aligncenter\" src=\"http:\/\/greek-crisis.org\/@photoS\/2017\/@LQ\/2017052511.jpg\" alt=\"\" border=\"0\" \/><\/a><\/div>\n<p>Un naufrage soci\u00e9tal, c\u2019est parfois long \u00e0 mettre en place. Notre actuel temps, dit de la fin, se prolonge au point de faire oublier que tous les hommes vivant (ou agonisant) dans une m\u00eame \u00e9poque et dans un m\u00eame espace n\u2019ont pas forc\u00e9ment&#8230; le m\u00eame v\u00e9cu historique. Au soir du jeudi 25 mai, les m\u00e9dias grecs se concentraient d\u00e9j\u00e0 sur l\u2019attentat \u00e0 la lettre pi\u00e9g\u00e9e qui a bless\u00e9 l\u2019ex-Premier ministre et banquier Lucas Papad\u00e9mos. Op\u00e9r\u00e9 dans la nuit (du 25 mai), ses jours ne sont pas en danger. Cette m\u00eame journ\u00e9e du 25 mai, et pour la premi\u00e8re fois \u00e0 Ath\u00e8nes, les livreurs \u00e0 moto \u00e9taient en gr\u00e8ve. Dignit\u00e9, d\u00e9sespoir et journ\u00e9es fort dangereuses.<\/p>\n<p><!--more--><a name=\"more\"><\/a><\/p>\n<table class=\"tr-caption-container\" cellspacing=\"0\" cellpadding=\"0\" align=\"center\">\n<tbody>\n<tr>\n<td style=\"text-align: center;\"><a href=\"http:\/\/greek-crisis.org\/@photoS\/2017\/@FF\/2017052512.jpg\" target=\"_blank\" rel=\"gcbox(gcrisis) noopener noreferrer\"><img decoding=\"async\" class=\"aligncenter\" src=\"http:\/\/greek-crisis.org\/@photoS\/2017\/@LQ\/2017052512.jpg\" alt=\"\" border=\"0\" \/><\/a><\/td>\n<\/tr>\n<tr>\n<td class=\"tr-caption\" style=\"text-align: center;\">Lire les titres des journaux. Ath\u00e8nes, mai 2017<\/td>\n<\/tr>\n<\/tbody>\n<\/table>\n<p>Livraison de notre temps, jamais gratuite. On a beau lire les titres de la presse devant les kiosques, en vain ; il ne nous a pas \u00e9t\u00e9 encore possible d&rsquo;en trouver la moindre mention. Il faut alors fouiller sur internet, pour d\u00e9couvrir certains chroniqueurs ainsi rendre enfin hommage \u00e0 nos livreurs \u00e0 moto.<\/p>\n<p>Maria Louka par exemple, sous le titre \u201cLa mort accidentelle d&rsquo;un livreur \u00e0 moto\u201d (site \u201cInside story\u201d, 23\/03\/2017) : \u201cIl y a quelques jours, il a \u00e9t\u00e9 tu\u00e9 en pleine rue un livreur \u00e0 moto durant son temps de travail. Personne n&rsquo;a \u00e9t\u00e9 surpris par cet \u00e9v\u00e9nement tragique. Les accidents de la circulation repr\u00e9sentent 53% sur l\u2019ensemble des accidents pour toute la branche restauration. Plus g\u00e9n\u00e9ralement, le&#8230; secteur de la livraison incarne \u00e0 lui seul&#8230; ce royaume de l&rsquo;arbitraire et de l\u2019abolition absolue de ce qui subsiste encore de la protection comme de la l\u00e9gislation du travail.\u201d<\/p>\n<p>\u201cEn ce 10 mars, l\u2019annonce de la nouvelle de la mort de M\u00e9mos a \u00e9t\u00e9 \u00e0 peine remarqu\u00e9e par la presse. Ce ne fut pas tout \u00e0 fait compr\u00e9hensible sinon, pourquoi un jeune homme de 22 ans, puisse perdre ainsi sa vie, d\u2019ailleurs, la nouvelle n\u2019a pas \u00e9t\u00e9 jug\u00e9e bien importante. (&#8230;) Pour les vies \u2018invisibles\u2019, les morts sont aussi \u2018invisibles\u2019. (&#8230;) En d\u00e9j\u00e0, leur travail est pr\u00e9caire, ces employ\u00e9s sont des \u00eatres \u2018jetables\u2019 et interchangeables.\u201d<\/p>\n<table class=\"tr-caption-container\" cellspacing=\"0\" cellpadding=\"0\" align=\"center\">\n<tbody>\n<tr>\n<td><a href=\"http:\/\/greek-crisis.org\/@photoS\/xTRA\/@FF\/2017052561.jpg\" target=\"_blank\" rel=\"gcbox(gcrisis) noopener noreferrer\"><img decoding=\"async\" class=\"aligncenter\" src=\"http:\/\/greek-crisis.org\/@photoS\/xTRA\/@LQ\/2017052561.jpg\" alt=\"\" border=\"0\" \/><\/a><\/td>\n<\/tr>\n<tr>\n<td class=\"tr-caption\" style=\"text-align: center;\">La voiture de Louk\u00e1s Papad\u00e9mos apr\u00e8s l&rsquo;attentat. Ath\u00e8nes, le 25 mai (presse grecque)<\/td>\n<\/tr>\n<\/tbody>\n<\/table>\n<p>&nbsp;<\/p>\n<table class=\"tr-caption-container\" cellspacing=\"0\" cellpadding=\"0\" align=\"center\">\n<tbody>\n<tr>\n<td><a href=\"http:\/\/greek-crisis.org\/@photoS\/xTRA\/@FF\/2017052559.jpg\" target=\"_blank\" rel=\"gcbox(gcrisis) noopener noreferrer\"><img decoding=\"async\" class=\"aligncenter\" src=\"http:\/\/greek-crisis.org\/@photoS\/xTRA\/@LQ\/2017052559.jpg\" alt=\"\" border=\"0\" \/><\/a><\/td>\n<\/tr>\n<tr>\n<td class=\"tr-caption\" style=\"text-align: center;\">Livreur \u00e0 moto \u00e0 Ath\u00e8nes en 2017 (internet grec)<\/td>\n<\/tr>\n<\/tbody>\n<\/table>\n<p>&nbsp;<\/p>\n<table class=\"tr-caption-container\" cellspacing=\"0\" cellpadding=\"0\" align=\"center\">\n<tbody>\n<tr>\n<td><a href=\"http:\/\/greek-crisis.org\/@photoS\/xTRA\/@FF\/2017052566.jpg\" target=\"_blank\" rel=\"gcbox(gcrisis) noopener noreferrer\"><img decoding=\"async\" class=\"aligncenter\" src=\"http:\/\/greek-crisis.org\/@photoS\/xTRA\/@LQ\/2017052566.jpg\" alt=\"\" border=\"0\" \/><\/a><\/td>\n<\/tr>\n<tr>\n<td class=\"tr-caption\" style=\"text-align: center;\">Livreurs \u00e0 moto, journ\u00e9e d&rsquo;action, Ath\u00e8nes, le 25 mai (internet grec)<\/td>\n<\/tr>\n<\/tbody>\n<\/table>\n<p>&nbsp;<\/p>\n<table class=\"tr-caption-container\" cellspacing=\"0\" cellpadding=\"0\" align=\"center\">\n<tbody>\n<tr>\n<td><a href=\"http:\/\/greek-crisis.org\/@photoS\/xTRA\/@FF\/2017052565.jpg\" target=\"_blank\" rel=\"gcbox(gcrisis) noopener noreferrer\"><img decoding=\"async\" class=\"aligncenter\" src=\"http:\/\/greek-crisis.org\/@photoS\/xTRA\/@LQ\/2017052565.jpg\" alt=\"\" border=\"0\" \/><\/a><\/td>\n<\/tr>\n<tr>\n<td class=\"tr-caption\" style=\"text-align: center;\">Livreurs \u00e0 moto, journ\u00e9e d&rsquo;action du 25 mai (internet grec)<\/td>\n<\/tr>\n<\/tbody>\n<\/table>\n<p>\u201c\u00c0 l\u2019instar de notre interlocuteur. C\u2019est un jeune homme de moins de 30 ans, qui travaille ces deux derni\u00e8res ann\u00e9es en tant que livreur de produits alimentaires. Il raconte son histoire comme son exp\u00e9rience. Pour le prot\u00e9ger nous maintiendrons l&rsquo;anonymat. \u2018Voyez-vous, dans ce travail nos propres vies sont en suspens. Neuf livreurs sur dix sont pay\u00e9s trois euros de l\u2019heure. Personnellement, j\u2019en re\u00e7ois quatre, mais cela apr\u00e8s accord avec le patron. Pour moi, il n\u2019y aura ni primes, ni cong\u00e9s. Car, comprenez-le bien, c\u2019est un chantage indirect. Cet argent ne me suffit pas pour vivre, c\u2019est \u00e9vident. J\u2019ai un deuxi\u00e8me emploi pour m\u2019en sortir.\u201d<\/p>\n<p>\u201cLe client veut que sa commande arrive dans moins de quinze minutes et le patron veut \u00eatre en r\u00e8gle avec le client, mais non pas vis-\u00e0-vis de l&#8217;employ\u00e9. Eh bien, le v\u00e9ritable co\u00fbt de l\u2019op\u00e9ration, il est finalement pay\u00e9 par le livreur. Si vous ne disposez que de 10 minutes pour l\u2019aller et le retour, vous grillerez le feu rouge ou le stop et vous emprunterez le sens unique \u00e0 l\u2019envers. Je ne dis pas que c\u2019est bien tout cela, mais nous nous mettons nous m\u00eames de la pression. Quelque chose nous y pousserait. Et notre coll\u00e8gue Mikael qui est mort, il travaillait dans le quartier de l\u2019avenue Kavala sans freins, il a fait un demi-tour, puis, il \u00e9t\u00e9&#8230; balay\u00e9 par un camion.\u201d<\/p>\n<p>\u201cJe pr\u00e9cise que nos motos exigent de leurs co\u00fbts et autres frais d&rsquo;entretien, qui restent enti\u00e8rement \u00e0 notre charge. Sauf que lorsqu\u2019on fait 150 km par jour, la moto doit \u00eatre r\u00e9vis\u00e9e tous les mois pour rester en bon \u00e9tat. La mienne, elle exige de nouveau une r\u00e9paration, ce qui co\u00fbtera pr\u00e8s de 450 \u20ac, que je dois sortir de ma poche. Et entre deux livraisons, on nous demande d\u2019astiquer les toilettes ou de ranger dans les locaux. Nous sommes ces boys \u00e0 tout faire. Et si quelqu\u2019un d\u2019entre nous alors proteste, les patrons lui disent: \u2018Casses-toi si tu n\u2019es pas content, il y a 20 ch\u00f4meurs dans la file d&rsquo;attente.\u2019 Pour les patrons, nous sommes absolument jetables. Les clients de leur c\u00f4t\u00e9, ils sont indiff\u00e9rents. Ils ne se soucient que d\u2019\u00eatre livr\u00e9s imm\u00e9diatement. Il n\u2019y a aucune solidarit\u00e9.\u201d<\/p>\n<table class=\"tr-caption-container\" cellspacing=\"0\" cellpadding=\"0\" align=\"center\">\n<tbody>\n<tr>\n<td><a href=\"http:\/\/greek-crisis.org\/@photoS\/2017\/@FF\/2017052513.jpg\" target=\"_blank\" rel=\"gcbox(gcrisis) noopener noreferrer\"><img decoding=\"async\" class=\"aligncenter\" src=\"http:\/\/greek-crisis.org\/@photoS\/2017\/@LQ\/2017052513.jpg\" alt=\"\" border=\"0\" \/><\/a><\/td>\n<\/tr>\n<tr>\n<td class=\"tr-caption\" style=\"text-align: center;\">Univers et r\u00e9alit\u00e9 d\u00e9compos\u00e9s. Ath\u00e8nes, 2013<\/td>\n<\/tr>\n<\/tbody>\n<\/table>\n<p>&nbsp;<\/p>\n<table class=\"tr-caption-container\" cellspacing=\"0\" cellpadding=\"0\" align=\"center\">\n<tbody>\n<tr>\n<td><a href=\"http:\/\/greek-crisis.org\/@photoS\/2017\/@FF\/2017052518.jpg\" target=\"_blank\" rel=\"gcbox(gcrisis) noopener noreferrer\"><img decoding=\"async\" class=\"aligncenter\" src=\"http:\/\/greek-crisis.org\/@photoS\/2017\/@LQ\/2017052518.jpg\" alt=\"\" border=\"0\" \/><\/a><\/td>\n<\/tr>\n<tr>\n<td class=\"tr-caption\" style=\"text-align: center;\">M\u00eame lieu. Ath\u00e8nes, mai 2017<\/td>\n<\/tr>\n<\/tbody>\n<\/table>\n<p>&nbsp;<\/p>\n<table class=\"tr-caption-container\" cellspacing=\"0\" cellpadding=\"0\" align=\"center\">\n<tbody>\n<tr>\n<td><a href=\"http:\/\/greek-crisis.org\/@photoS\/2017\/@FF\/2017052515.jpg\" target=\"_blank\" rel=\"gcbox(gcrisis) noopener noreferrer\"><img decoding=\"async\" class=\"aligncenter\" src=\"http:\/\/greek-crisis.org\/@photoS\/2017\/@LQ\/2017052515.jpg\" alt=\"\" border=\"0\" \/><\/a><\/td>\n<\/tr>\n<tr>\n<td class=\"tr-caption\" style=\"text-align: center;\">Autocollant&#8230; d\u00e9compos\u00e9. Ath\u00e8nes, mai 2017<\/td>\n<\/tr>\n<\/tbody>\n<\/table>\n<p>Nous voil\u00e0 donc en ce d\u00e9but du XXIe si\u00e8cle, o\u00f9 nous respirerions les d\u00e9compositions (d\u00e9coupes) du r\u00e9el. Tout est parfois dans les d\u00e9tails. Livreurs \u00e0 motos omnipr\u00e9sents, figures principales mais largement ignor\u00e9es du panorama de la ville.<\/p>\n<p>Habituellement, nous traitons ces livreurs comme des robots, \u00e0 la mani\u00e8re des rouages des machines, un peu comme d\u00e9j\u00e0 dans les Temps Modernes de Chaplin. Livreurs anonymes forc\u00e9ment, que nous ne nommons pas, des extensions en quelque sorte de leurs motos.<\/p>\n<p>En attendant&#8230; la g\u00e9n\u00e9ralisation des robots, en ce d\u00e9but du XXIe si\u00e8cle et en ce mois de mai, nous comm\u00e9morons (lorsque nous n\u2019avons pas la m\u00e9moire courte), le moment pr\u00e9cis de la premi\u00e8re grande manifestation populaire \u00e0 Ath\u00e8nes contre le&#8230; proto-m\u00e9morandum de Georges Papandr\u00e9ou.<\/p>\n<p>C\u2019\u00e9tait le 5 mai 2010. La rue Stad\u00edou \u00e9tait alors remplie de gens qui manifestaient dans l&rsquo;une des plus importantes manifestations dans la capitale, contre l&rsquo;adoption imminente du premier protocole sign\u00e9 entre la Tro\u00efka et le \u201cgouvernement\u201d Papandr\u00e9ou. Soudain, de cette foule, se d\u00e9tache un groupe de douze personnes cagoul\u00e9es qui se dirigent vers la librairie \u201cIanos\u201d, et vers l\u2019agence de la banque \u201cMarfin Bank\u201d au num\u00e9ro 23 de la rue Stad\u00edou. Ces individus cagoul\u00e9s brisent alors les fen\u00eatres et lancent \u00e0 l\u2019int\u00e9rieur de nombreux cocktails Molotov.<\/p>\n<p>Chez Marfin, huit employ\u00e9s de la banque resteront pi\u00e9g\u00e9s \u00e0 l&rsquo;int\u00e9rieur qui est ravag\u00e9 par le feu et o\u00f9 une \u00e9paisse fum\u00e9e rend l\u2019air irrespirable, puisque la seule issue de sortie restera verrouill\u00e9e. Des employ\u00e9s joignent leurs proches par t\u00e9l\u00e9phone&#8230; pour leur dire adieu, tandis que d&rsquo;autres, ils essaient de rep\u00e9rer une fen\u00eatre pour sauter si possible du c\u00f4t\u00e9 de la rue. Cinq employ\u00e9s ont \u00e9t\u00e9 sauv\u00e9s par les pompiers, mais pas tous. Trois jeunes employ\u00e9s et un enfant qui n\u2019\u00e9tait pas encore n\u00e9 ont trouv\u00e9 la mort: \u00c9paminondas Tsak\u00e1lis (36 ans), Paraskev\u00ed Zo\u00falia (35 ans) et Angelik\u00ed Papathanassopo\u00falou (32 ans), enceinte.<\/p>\n<table class=\"tr-caption-container\" cellspacing=\"0\" cellpadding=\"0\" align=\"center\">\n<tbody>\n<tr>\n<td style=\"text-align: center;\"><a href=\"http:\/\/greek-crisis.org\/@photoS\/xTRA\/@FF\/2017052555.jpg\" target=\"_blank\" rel=\"gcbox(gcrisis) noopener noreferrer\"><img decoding=\"async\" class=\"aligncenter\" src=\"http:\/\/greek-crisis.org\/@photoS\/xTRA\/@LQ\/2017052555.jpg\" alt=\"\" border=\"0\" \/><\/a><\/td>\n<\/tr>\n<tr>\n<td class=\"tr-caption\" style=\"text-align: center;\">Chez Marfin Bank au 23 de la rue Stad\u00edou, le 5 mai 2010 (presse grecque)<\/td>\n<\/tr>\n<\/tbody>\n<\/table>\n<p>&nbsp;<\/p>\n<table class=\"tr-caption-container\" cellspacing=\"0\" cellpadding=\"0\" align=\"center\">\n<tbody>\n<tr>\n<td style=\"text-align: center;\"><a href=\"http:\/\/greek-crisis.org\/@photoS\/xTRA\/@FF\/2017052556.jpg\" target=\"_blank\" rel=\"gcbox(gcrisis) noopener noreferrer\"><img decoding=\"async\" class=\"aligncenter\" src=\"http:\/\/greek-crisis.org\/@photoS\/xTRA\/@LQ\/2017052556.jpg\" alt=\"\" border=\"0\" \/><\/a><\/td>\n<\/tr>\n<tr>\n<td class=\"tr-caption\" style=\"text-align: center;\">Chez Marfin Bank au 23 de la rue Stad\u00edou, le 5 mai 2010 (presse grecque)<\/td>\n<\/tr>\n<\/tbody>\n<\/table>\n<p>&nbsp;<\/p>\n<table class=\"tr-caption-container\" cellspacing=\"0\" cellpadding=\"0\" align=\"center\">\n<tbody>\n<tr>\n<td style=\"text-align: center;\"><a href=\"http:\/\/greek-crisis.org\/@photoS\/xTRA\/@FF\/2017052558.jpg\" target=\"_blank\" rel=\"gcbox(gcrisis) noopener noreferrer\"><img decoding=\"async\" class=\"aligncenter\" src=\"http:\/\/greek-crisis.org\/@photoS\/xTRA\/@LQ\/2017052558.jpg\" alt=\"\" border=\"0\" \/><\/a><\/td>\n<\/tr>\n<tr>\n<td class=\"tr-caption\" style=\"text-align: center;\">Chez Marfin Bank au 23 de la rue Stad\u00edou, le 5 mai 2010 (presse grecque)<\/td>\n<\/tr>\n<\/tbody>\n<\/table>\n<p>&nbsp;<\/p>\n<table class=\"tr-caption-container\" cellspacing=\"0\" cellpadding=\"0\" align=\"center\">\n<tbody>\n<tr>\n<td style=\"text-align: center;\"><a href=\"http:\/\/greek-crisis.org\/@photoS\/xTRA\/@FF\/2017052557.jpg\" target=\"_blank\" rel=\"gcbox(gcrisis) noopener noreferrer\"><img decoding=\"async\" class=\"aligncenter\" src=\"http:\/\/greek-crisis.org\/@photoS\/xTRA\/@LQ\/2017052557.jpg\" alt=\"\" border=\"0\" \/><\/a><\/td>\n<\/tr>\n<tr>\n<td class=\"tr-caption\" style=\"text-align: center;\">Chez Marfin Bank au 23 de la rue Stad\u00edou, le 5 mai 2010 (presse grecque)<\/td>\n<\/tr>\n<\/tbody>\n<\/table>\n<p>J\u2019y \u00e9tais presque au moment des faits, je me trouvais de l\u2019autre flanc de la manifestation, \u00e0 trois cent m\u00e8tres de la rue Stad\u00edou. La nouvelle a \u00e9t\u00e9 aussit\u00f4t diffus\u00e9e tr\u00e8s rapidement entre nous. Nos c\u0153urs, nos r\u00e9actions, ont \u00e9t\u00e9 fig\u00e9s, et ce fut le premier des chocs apport\u00e9s \u00e0 la Resistance des Grecs contre le nouveau R\u00e9gime des m\u00e9moranda.<\/p>\n<p>Du 23 de la rue Stad\u00edou, les Ath\u00e9niens avaient fait depuis, un lieu de m\u00e9moire. Ils y d\u00e9pos\u00e8rent leurs messages, leurs fleurs, leurs dessins, en somme toute leur douleur et autant indignation. Mais en ce mois de mai 2017, j\u2019ai remarqu\u00e9 que les messages ont \u00e9t\u00e9 enlev\u00e9s, et que le b\u00e2timent avait \u00e9t\u00e9 refait&#8230; pour accueillir d\u00e9sormais&#8230; la boutique d\u2019une enseigne&#8230; mondialisatrice, sp\u00e9cialis\u00e9e dans la commercialisation des articles de sport. Notre temps actuel de la fin&#8230; se pr\u00e9tend en plus sportif. Qui sait ?<\/p>\n<table class=\"tr-caption-container\" cellspacing=\"0\" cellpadding=\"0\" align=\"center\">\n<tbody>\n<tr>\n<td style=\"text-align: center;\"><a href=\"http:\/\/greek-crisis.org\/@photoS\/2017\/@FF\/2017052525.jpg\" target=\"_blank\" rel=\"gcbox(gcrisis) noopener noreferrer\"><img decoding=\"async\" class=\"aligncenter\" src=\"http:\/\/greek-crisis.org\/@photoS\/2017\/@LQ\/2017052525.jpg\" alt=\"\" border=\"0\" \/><\/a><\/td>\n<\/tr>\n<tr>\n<td class=\"tr-caption\" style=\"text-align: center;\">Au 23 de la rue Stad\u00edou, lieu de m\u00e9moire (2010-2016)<\/td>\n<\/tr>\n<\/tbody>\n<\/table>\n<p>&nbsp;<\/p>\n<table class=\"tr-caption-container\" cellspacing=\"0\" cellpadding=\"0\" align=\"center\">\n<tbody>\n<tr>\n<td style=\"text-align: center;\"><a href=\"http:\/\/greek-crisis.org\/@photoS\/2017\/@FF\/2017052516.jpg\" target=\"_blank\" rel=\"gcbox(gcrisis) noopener noreferrer\"><img decoding=\"async\" class=\"aligncenter\" src=\"http:\/\/greek-crisis.org\/@photoS\/2017\/@LQ\/2017052516.jpg\" alt=\"\" border=\"0\" \/><\/a><\/td>\n<\/tr>\n<tr>\n<td class=\"tr-caption\" style=\"text-align: center;\">AU 23 de la rue Stad\u00edou&#8230; articles de sport. Mai 2017<\/td>\n<\/tr>\n<\/tbody>\n<\/table>\n<p>&nbsp;<\/p>\n<table class=\"tr-caption-container\" cellspacing=\"0\" cellpadding=\"0\" align=\"center\">\n<tbody>\n<tr>\n<td><a href=\"http:\/\/greek-crisis.org\/@photoS\/xTRA\/@FF\/2017052560.jpg\" target=\"_blank\" rel=\"gcbox(gcrisis) noopener noreferrer\"><img decoding=\"async\" class=\"aligncenter\" src=\"http:\/\/greek-crisis.org\/@photoS\/xTRA\/@LQ\/2017052560.jpg\" alt=\"\" border=\"0\" \/><\/a><\/td>\n<\/tr>\n<tr>\n<td class=\"tr-caption\" style=\"text-align: center;\">Alexis Tsipras&#8230; qui en rit. Presse grecque, mai 2017<\/td>\n<\/tr>\n<\/tbody>\n<\/table>\n<p>Et en ce temps bien actuel, sportif ou pas, Alexis Tsipras et les siens, apparaissent devant les medias bien d\u00e9contract\u00e9s, voire hilares. Un auditeur intervenant en direct par t\u00e9l\u00e9phone dans l\u2019\u00e9mission politique de L\u00e1mbros Kalarrytis (radio 90.1 FM du Pir\u00e9e, semaine du 22 mai), a fait remarquer qu\u2019une telle attitude laisse d\u00e9j\u00e0 trahir un cynisme alors certain&#8230; et d\u2019ailleurs synonyme d\u2019hybris.<\/p>\n<p>L\u00e1mbros Kalarrytis lui r\u00e9pondit que c\u2019est aussi peut-\u00eatre parce que le pouvoir rend alors absolument fou. Et il y aura toujours ceux qui veulent le conserver \u00e0 tout prix, le plus longtemps possible. En tout \u00e9tat de cause, Alexis Tsipras se d\u00e9clare pr\u00eat maintenant, \u00e0 accepter le plan de Wolfgang Sch\u00e4uble au sujet du pr\u00e9tendu all\u00e9gement de la dette grecque, ce m\u00eame plan que le \u201cgouvernement\u201d d\u2019Ath\u00e8nes faisait semblant de rejeter il y a \u00e0 peine une semaine (m\u00e9dias grecs du 25 mai 2017).<\/p>\n<p>Un naufrage soci\u00e9tal ou politique, c\u2019est parfois long \u00e0 mettre en place. Mais pas toujours. D\u2019autres naufrages ou m\u00eame \u00e9chouages, nous rappelleront toujours et encore combien cependant notre actuel temps de la fin peut se prolonger.<\/p>\n<table class=\"tr-caption-container\" cellspacing=\"0\" cellpadding=\"0\" align=\"center\">\n<tbody>\n<tr>\n<td><a href=\"http:\/\/greek-crisis.org\/@photoS\/2017\/@FF\/2017052522.jpg\" target=\"_blank\" rel=\"gcbox(gcrisis) noopener noreferrer\"><img decoding=\"async\" class=\"aligncenter\" src=\"http:\/\/greek-crisis.org\/@photoS\/2017\/@LQ\/2017052522.jpg\" alt=\"\" border=\"0\" \/><\/a><\/td>\n<\/tr>\n<tr>\n<td class=\"tr-caption\" style=\"text-align: center;\">Avenue d&rsquo;Ath\u00e8nes, mai 2017<\/td>\n<\/tr>\n<\/tbody>\n<\/table>\n<p>&nbsp;<\/p>\n<table class=\"tr-caption-container\" cellspacing=\"0\" cellpadding=\"0\" align=\"center\">\n<tbody>\n<tr>\n<td><a href=\"http:\/\/greek-crisis.org\/@photoS\/2017\/@FF\/2017052523.jpg\" target=\"_blank\" rel=\"gcbox(gcrisis) noopener noreferrer\"><img decoding=\"async\" class=\"aligncenter\" src=\"http:\/\/greek-crisis.org\/@photoS\/2017\/@LQ\/2017052523.jpg\" alt=\"\" border=\"0\" \/><\/a><\/td>\n<\/tr>\n<tr>\n<td class=\"tr-caption\" style=\"text-align: center;\">Sans-abri. Ath\u00e8nes, mai 2017<\/td>\n<\/tr>\n<\/tbody>\n<\/table>\n<p>Non loin d\u2019\u00c9leusis pr\u00e8s des c\u00f4tes, le visiteur des lieux d\u00e9sormais sans trop de&#8230; Myst\u00e8res, d\u00e9couvrira ce qui en reste du \u201cMediterranean Sky\u201d, paquebot construit en 1953 au Royaume-Uni, et qui appartenait \u00e0 la soci\u00e9t\u00e9 \u201cKarageorgis Lines\u201d. Le \u201cMediterranean Sky\u201d \u00e9tait l&rsquo;un des deux glorieux navires de ligne de la compagnie et de la ligne entre Patras et Anc\u00f4ne en Italie durant les ann\u00e9es 1970 et 1980.<\/p>\n<p>Ces deux navires \u00e9taient luxueux et d\u2019abord tr\u00e8s en avant sur leur temps. Ils furent \u00e9quip\u00e9s entre autres, de cabines de luxe, de deux piscines, d\u2019un bar \u00e9l\u00e9gant, ce que la client\u00e8le de l\u2019\u00e9poque comme de la classe moyenne qui ne voyageait pas encore si fr\u00e9quemment par avion, appr\u00e9ciait \u00e9norm\u00e9ment. Le \u201cMediterranean Sky\u201d a effectu\u00e9 son ultime voyage en Ao\u00fbt 1996, entre Brindisi \u00e0 Patras. En 1999, il fut remorqu\u00e9 \u00e0 \u00c9leusis o\u00f9 il a chavir\u00e9, puis, \u00e0 jamais abandonn\u00e9 pour des raisons financi\u00e8res.<\/p>\n<table class=\"tr-caption-container\" cellspacing=\"0\" cellpadding=\"0\" align=\"center\">\n<tbody>\n<tr>\n<td style=\"text-align: center;\"><a href=\"http:\/\/greek-crisis.org\/@photoS\/xTRA\/@FF\/2017052564.jpg\" target=\"_blank\" rel=\"gcbox(gcrisis) noopener noreferrer\"><img decoding=\"async\" class=\"aligncenter\" src=\"http:\/\/greek-crisis.org\/@photoS\/xTRA\/@LQ\/2017052564.jpg\" alt=\"\" border=\"0\" \/><\/a><\/td>\n<\/tr>\n<tr>\n<td class=\"tr-caption\" style=\"text-align: center;\">Le \u201cMediterranean Sky\u201d au port d&rsquo;Anc\u00f4ne dans les ann\u00e9es 1980. (Internet grec)<\/td>\n<\/tr>\n<\/tbody>\n<\/table>\n<p>&nbsp;<\/p>\n<table class=\"tr-caption-container\" cellspacing=\"0\" cellpadding=\"0\" align=\"center\">\n<tbody>\n<tr>\n<td style=\"text-align: center;\"><a href=\"http:\/\/greek-crisis.org\/@photoS\/xTRA\/@FF\/2017052563.jpg\" target=\"_blank\" rel=\"gcbox(gcrisis) noopener noreferrer\"><img decoding=\"async\" class=\"aligncenter\" src=\"http:\/\/greek-crisis.org\/@photoS\/xTRA\/@LQ\/2017052563.jpg\" alt=\"\" border=\"0\" \/><\/a><\/td>\n<\/tr>\n<tr>\n<td class=\"tr-caption\" style=\"text-align: center;\">Le \u201cMediterranean Sky\u201d, la Compagnie Karageorgis Lines, document de 1977<\/td>\n<\/tr>\n<\/tbody>\n<\/table>\n<p>En face pratiquement du \u201cMediterranean Sky\u201d, sur l\u2019\u00eele de Salamine, on y distingue la petite et derni\u00e8re maison o\u00f9 v\u00e9cut le po\u00e8te \u00c1ngelos Sikelian\u00f3s (1884 &#8211; 1951). Transform\u00e9e en mus\u00e9e, elle reste cependant le plus souvent ferm\u00e9e, \u201cc&rsquo;est la crise\u201d, apprend-on alors sur place.<\/p>\n<p>Toujours \u00e0 Salamine, j\u2019ai rencontr\u00e9 Mih\u00e1lis, retrait\u00e9 et ancien capitaine dans la marine marchande. Il prend toujours la mer \u00e0 bord de son voilier, acquis au moment o\u00f9 il a quitt\u00e9 comme on dit, la vie active. Le montant de sa retraite&#8230; par exacte r\u00e9partition, a \u00e9t\u00e9 ramen\u00e9 \u00e0 1.100\u20ac mensuels, au lieu de 2.600\u20ac initialement.<\/p>\n<p>\u201cPourtant, notre Caisse des Marins a toujours \u00e9t\u00e9 ind\u00e9pendante de toutes les autres structures de ce type. Nous versions nos cotisations bien \u00e9lev\u00e9es, de m\u00eame que nos patrons armateurs, sans la moindre participation ou aide de l\u2019\u00c9tat. Et voil\u00e0 que notre Caisse a \u00e9t\u00e9 supprim\u00e9e, incorpor\u00e9e de force dans le syst\u00e8me global, ce dernier se trouve d\u2019ailleurs en pleine d\u00e9composition. Nous avons \u00e9t\u00e9 tromp\u00e9s par ce pays et ses politiciens apr\u00e8s tant d\u2019ann\u00e9es de service en mer\u201d.<\/p>\n<p>Mih\u00e1lis me raconta par la suite ses histoires du temps des Oc\u00e9ans, profond\u00e9ment et peut-\u00eatre d\u00e9finitivement d\u00e9gout\u00e9 de la vie des terriens. Il pr\u00e9f\u00e8re \u00e9voquer son pass\u00e9 en mer, on peut comprendre. Histoires alors comme celle d\u2019un skipper N\u00e9erlandais, que Mih\u00e1lis avait crois\u00e9 au beau milieu de l\u2019Atlantique apr\u00e8s une temp\u00eate. Il naviguait seul \u00e0 bord d\u2019un voilier de dix m\u00e8tres. Des ann\u00e9es apr\u00e8s, Mih\u00e1lis a pu inviter le skipper N\u00e9erlandais \u00e0 bord de son navire qui se trouvait alors \u00e0 quai \u00e0 Rotterdam. Hasard ?<\/p>\n<table class=\"tr-caption-container\" cellspacing=\"0\" cellpadding=\"0\" align=\"center\">\n<tbody>\n<tr>\n<td style=\"text-align: center;\"><a href=\"http:\/\/greek-crisis.org\/@photoS\/2017\/@FF\/2017052519.jpg\" target=\"_blank\" rel=\"gcbox(gcrisis) noopener noreferrer\"><img decoding=\"async\" class=\"aligncenter\" src=\"http:\/\/greek-crisis.org\/@photoS\/2017\/@LQ\/2017052519.jpg\" alt=\"\" border=\"0\" \/><\/a><\/td>\n<\/tr>\n<tr>\n<td class=\"tr-caption\" style=\"text-align: center;\">La maison du po\u00e8te \u00c1ngelos Sikelian\u00f3s. Salamine, mai 2017<\/td>\n<\/tr>\n<\/tbody>\n<\/table>\n<p>&nbsp;<\/p>\n<table class=\"tr-caption-container\" cellspacing=\"0\" cellpadding=\"0\" align=\"center\">\n<tbody>\n<tr>\n<td style=\"text-align: center;\"><a href=\"http:\/\/greek-crisis.org\/@photoS\/2017\/@FF\/2017052521.jpg\" target=\"_blank\" rel=\"gcbox(gcrisis) noopener noreferrer\"><img decoding=\"async\" class=\"aligncenter\" src=\"http:\/\/greek-crisis.org\/@photoS\/2017\/@LQ\/2017052521.jpg\" alt=\"\" border=\"0\" \/><\/a><\/td>\n<\/tr>\n<tr>\n<td class=\"tr-caption\" style=\"text-align: center;\">Le Post-Future, version d&rsquo;Ath\u00e8nes, mai 2017<\/td>\n<\/tr>\n<\/tbody>\n<\/table>\n<p>&nbsp;<\/p>\n<table class=\"tr-caption-container\" cellspacing=\"0\" cellpadding=\"0\" align=\"center\">\n<tbody>\n<tr>\n<td><a href=\"http:\/\/greek-crisis.org\/@photoS\/2017\/@FF\/2017052520.jpg\" target=\"_blank\" rel=\"gcbox(gcrisis) noopener noreferrer\"><img decoding=\"async\" class=\"aligncenter\" src=\"http:\/\/greek-crisis.org\/@photoS\/2017\/@LQ\/2017052520.jpg\" alt=\"\" border=\"0\" \/><\/a><\/td>\n<\/tr>\n<tr>\n<td class=\"tr-caption\" style=\"text-align: center;\">La presse dite people, toujours vaillante. Ath\u00e8nes, mai 2017<\/td>\n<\/tr>\n<\/tbody>\n<\/table>\n<p>Ceux de la terre ainsi ferme, s\u2019occuperont du Post-Future, tandis que leur presse dite People ne conna\u00eetrait pas la crise para\u00eet-il.<\/p>\n<p>La bonne nouvelle de la journ\u00e9e c\u2019est que l\u2019\u00e9tat de sant\u00e9 de Louk\u00e1s Papad\u00e9mos se stabilise, le probl\u00e8me c\u2019est que sa&#8230; politique est pour autant stabilis\u00e9e, et cela depuis tant d\u2019ann\u00e9es d\u00e9j\u00e0.<\/p>\n<table class=\"tr-caption-container\" cellspacing=\"0\" cellpadding=\"0\" align=\"center\">\n<tbody>\n<tr>\n<td style=\"text-align: center;\"><a href=\"http:\/\/greek-crisis.org\/@photoS\/xTRA\/@FF\/2017052562.jpg\" target=\"_blank\" rel=\"gcbox(gcrisis) noopener noreferrer\"><img decoding=\"async\" class=\"aligncenter\" src=\"http:\/\/greek-crisis.org\/@photoS\/xTRA\/@LQ\/2017052562.jpg\" alt=\"\" border=\"0\" \/><\/a><\/td>\n<\/tr>\n<tr>\n<td class=\"tr-caption\" style=\"text-align: center;\">Apparition furtive d&rsquo;une baleine. Presse des Cyclades, 24 mai 2017<\/td>\n<\/tr>\n<\/tbody>\n<\/table>\n<p>L\u2019autre bonne nouvelle nous provient de l\u2019\u00eele de Syros, capitale des Cyclades, o\u00f9 une baleine <i>Balaenoptera physalus<\/i> avait \u00e9t\u00e9 aper\u00e7ue pr\u00e8s des c\u00f4tes par les passagers d\u2019un voilier, d\u2019apr\u00e8s la presse locale. La Gr\u00e8ce et sa capitale sous les orages du moment, mais passagers, pas d\u2019autre baleine en vue certes, sauf que devant Lexikopole\u00edo, notre librairie francophone (et pas uniquement) d\u2019Ath\u00e8nes, tenue par Odile et Yannis, un majestueux animal adespote (sans ma\u00eetre), n\u2019a d\u00e9cid\u00e9ment que faire du naufrage soci\u00e9tal, long ou pas \u00e0 mettre en place.<\/p>\n<table class=\"tr-caption-container\" cellspacing=\"0\" cellpadding=\"0\" align=\"center\">\n<tbody>\n<tr>\n<td style=\"text-align: center;\"><a href=\"http:\/\/greek-crisis.org\/@photoS\/2017\/@FF\/2017052531.jpg\" target=\"_blank\" rel=\"gcbox(gcrisis) noopener noreferrer\"><img decoding=\"async\" class=\"aligncenter\" src=\"http:\/\/greek-crisis.org\/@photoS\/2017\/@LQ\/2017052531.jpg\" alt=\"\" border=\"0\" \/><\/a><\/td>\n<\/tr>\n<tr>\n<td class=\"tr-caption\" style=\"text-align: center;\">Animal adespote devant la librairie Lexikopole\u00edo. Ath\u00e8nes, mai 2017<\/td>\n<\/tr>\n<\/tbody>\n<\/table>\n<div>* Photo de couverture: Le \u201cMediterranean Sky\u201d. Pr\u00e8s d&rsquo;\u00c9leusis, mai 2017<\/div>\n","protected":false},"excerpt":{"rendered":"<blockquote>\n<p>Billet invit\u00e9<\/p>\n<\/blockquote>\n<div class=\"separator\"><a href=\"http:\/\/greek-crisis.org\/@photoS\/2017\/@FF\/2017052511.jpg\" target=\"_blank\" rel=\"gcbox(gcrisis) noopener noreferrer\"><img decoding=\"async\" class=\"aligncenter\" src=\"http:\/\/greek-crisis.org\/@photoS\/2017\/@LQ\/2017052511.jpg\" alt=\"\" border=\"0\" \/><\/a><\/div>\n<p>Un naufrage soci\u00e9tal, c\u2019est parfois long \u00e0 mettre en place. Notre actuel temps, dit de la fin, se prolonge au point de faire oublier que tous les hommes vivant (ou agonisant) dans une m\u00eame \u00e9poque et dans un m\u00eame espace n\u2019ont [&hellip;]<\/p>\n","protected":false},"author":1,"featured_media":0,"comment_status":"closed","ping_status":"closed","sticky":false,"template":"","format":"standard","meta":{"footnotes":""},"categories":[5256],"tags":[160],"class_list":["post-95585","post","type-post","status-publish","format-standard","hentry","category-grece","tag-grece"],"_links":{"self":[{"href":"https:\/\/www.pauljorion.com\/blog\/wp-json\/wp\/v2\/posts\/95585","targetHints":{"allow":["GET"]}}],"collection":[{"href":"https:\/\/www.pauljorion.com\/blog\/wp-json\/wp\/v2\/posts"}],"about":[{"href":"https:\/\/www.pauljorion.com\/blog\/wp-json\/wp\/v2\/types\/post"}],"author":[{"embeddable":true,"href":"https:\/\/www.pauljorion.com\/blog\/wp-json\/wp\/v2\/users\/1"}],"replies":[{"embeddable":true,"href":"https:\/\/www.pauljorion.com\/blog\/wp-json\/wp\/v2\/comments?post=95585"}],"version-history":[{"count":4,"href":"https:\/\/www.pauljorion.com\/blog\/wp-json\/wp\/v2\/posts\/95585\/revisions"}],"predecessor-version":[{"id":95589,"href":"https:\/\/www.pauljorion.com\/blog\/wp-json\/wp\/v2\/posts\/95585\/revisions\/95589"}],"wp:attachment":[{"href":"https:\/\/www.pauljorion.com\/blog\/wp-json\/wp\/v2\/media?parent=95585"}],"wp:term":[{"taxonomy":"category","embeddable":true,"href":"https:\/\/www.pauljorion.com\/blog\/wp-json\/wp\/v2\/categories?post=95585"},{"taxonomy":"post_tag","embeddable":true,"href":"https:\/\/www.pauljorion.com\/blog\/wp-json\/wp\/v2\/tags?post=95585"}],"curies":[{"name":"wp","href":"https:\/\/api.w.org\/{rel}","templated":true}]}}