{"id":96102,"date":"2017-06-17T12:38:05","date_gmt":"2017-06-17T10:38:05","guid":{"rendered":"http:\/\/www.pauljorion.com\/blog\/?p=96102"},"modified":"2017-06-17T12:38:05","modified_gmt":"2017-06-17T10:38:05","slug":"dans-lentree-principale-de-la-mairie-de-saint-etienne-du-rouvray-par-francois-corre","status":"publish","type":"post","link":"https:\/\/www.pauljorion.com\/blog\/2017\/06\/17\/dans-lentree-principale-de-la-mairie-de-saint-etienne-du-rouvray-par-francois-corre\/","title":{"rendered":"Dans l&rsquo;entr\u00e9e principale de la mairie de Saint-\u00c9tienne du Rouvray&#8230;, par Fran\u00e7ois Corre"},"content":{"rendered":"<p><a href=\"http:\/\/www.pauljorion.com\/blog\/wp-content\/uploads\/DSC03772.jpg\"><img loading=\"lazy\" decoding=\"async\" class=\"aligncenter size-full wp-image-96103\" src=\"http:\/\/www.pauljorion.com\/blog\/wp-content\/uploads\/DSC03772.jpg\" alt=\"\" width=\"700\" height=\"1027\" srcset=\"https:\/\/www.pauljorion.com\/blog\/wp-content\/uploads\/DSC03772.jpg 1580w, https:\/\/www.pauljorion.com\/blog\/wp-content\/uploads\/DSC03772-204x300.jpg 204w, https:\/\/www.pauljorion.com\/blog\/wp-content\/uploads\/DSC03772-768x1127.jpg 768w, https:\/\/www.pauljorion.com\/blog\/wp-content\/uploads\/DSC03772-698x1024.jpg 698w\" sizes=\"auto, (max-width: 700px) 100vw, 700px\" \/><\/a>\u00c0 la veille de ce deuxi\u00e8me tour des l\u00e9gislatives&#8230;<\/p>\n<p><!--more-->Dans l&rsquo;entr\u00e9e principale de la mairie de <a href=\"https:\/\/fr.wikipedia.org\/wiki\/Saint-%C3%89tienne-du-Rouvray\" target=\"_blank\" rel=\"noopener noreferrer\">Saint-\u00c9tienne du Rouvray<\/a>, on peut lire<\/p>\n<p><i>Armand Barb\u00e8s<\/i><i><br \/>\n<\/i><i>Auguste Blanqui<\/i><i><br \/>\n<\/i><i>Ferdinand Buisson<\/i><i><br \/>\n<\/i><i>\u00c9lizabeth Dmitrieff<\/i><i><br \/>\n<\/i><i>\u00c9douard Vaillant<\/i><i><br \/>\n<\/i><i>Jean Jaur\u00e8s<\/i><i><br \/>\n<\/i><i>Pierre Larson (r\u00e9sistant st\u00e9phanais, fusill\u00e9 en mai 1942)<\/i><i><br \/>\n<\/i><i>Nathalie Lemel<\/i><i><br \/>\n<\/i><i><\/i><i><br \/>\n<\/i><i><\/i><i>Fran\u00e7ois Raspail<\/i><i><br \/>\n<\/i><i>\u00c9lis\u00e9e Reclus<\/i><i><br \/>\n<\/i><i>Pierre S\u00e9mard<\/i><i><br \/>\n<\/i><i>Pauline L\u00e9on<\/i><i><br \/>\n<\/i><i>Eug\u00e8ne Varlin<\/i><i><br \/>\n<\/i><i>Raymond Burel (chef des FTP st\u00e9phanais, fusill\u00e9 en mai 1942)<\/i><i><br \/>\n<\/i><i>Louise Michel<\/i><i><br \/>\n<\/i><i>Pablo N\u00e9ruda<\/i><i><br \/>\n<\/i><i>Eug\u00e8ne Pottier<\/i><i><br \/>\n<\/i><i>Jean Pr\u00e9vost<\/i><i><br \/>\n<\/i><i><\/i><i><br \/>\n<\/i><i><\/i><i>Roland Couture (r\u00e9sistant st\u00e9phanais)<\/i><i><br \/>\n<\/i><i>Louis Antoine Saint-Just<\/i><i><br \/>\n<\/i><i>Jules Vall\u00e8s<\/i><i><br \/>\n<\/i><i>Maximilien Robespierre<\/i><i><br \/>\n<\/i><i>Benjamin Franklin<\/i><i><br \/>\n<\/i><i>\u00c9tienne Dolet<\/i><i><br \/>\n<\/i><i>L\u00e9on Gambetta<\/i><i><br \/>\n<\/i><i>Juli\u00e1n Grimau<\/i><\/p>\n","protected":false},"excerpt":{"rendered":"<p><a href=\"http:\/\/www.pauljorion.com\/blog\/wp-content\/uploads\/DSC03772.jpg\"><img loading=\"lazy\" decoding=\"async\" class=\"aligncenter size-full wp-image-96103\" src=\"http:\/\/www.pauljorion.com\/blog\/wp-content\/uploads\/DSC03772.jpg\" alt=\"\" width=\"700\" height=\"1027\" srcset=\"https:\/\/www.pauljorion.com\/blog\/wp-content\/uploads\/DSC03772.jpg 1580w, https:\/\/www.pauljorion.com\/blog\/wp-content\/uploads\/DSC03772-204x300.jpg 204w, https:\/\/www.pauljorion.com\/blog\/wp-content\/uploads\/DSC03772-768x1127.jpg 768w, https:\/\/www.pauljorion.com\/blog\/wp-content\/uploads\/DSC03772-698x1024.jpg 698w\" sizes=\"auto, (max-width: 700px) 100vw, 700px\" \/><\/a>\u00c0 la veille de ce deuxi\u00e8me tour des l\u00e9gislatives&#8230;<\/p>\n","protected":false},"author":1,"featured_media":0,"comment_status":"closed","ping_status":"closed","sticky":false,"template":"","format":"standard","meta":{"footnotes":""},"categories":[4454],"tags":[],"class_list":["post-96102","post","type-post","status-publish","format-standard","hentry","category-france"],"_links":{"self":[{"href":"https:\/\/www.pauljorion.com\/blog\/wp-json\/wp\/v2\/posts\/96102","targetHints":{"allow":["GET"]}}],"collection":[{"href":"https:\/\/www.pauljorion.com\/blog\/wp-json\/wp\/v2\/posts"}],"about":[{"href":"https:\/\/www.pauljorion.com\/blog\/wp-json\/wp\/v2\/types\/post"}],"author":[{"embeddable":true,"href":"https:\/\/www.pauljorion.com\/blog\/wp-json\/wp\/v2\/users\/1"}],"replies":[{"embeddable":true,"href":"https:\/\/www.pauljorion.com\/blog\/wp-json\/wp\/v2\/comments?post=96102"}],"version-history":[{"count":2,"href":"https:\/\/www.pauljorion.com\/blog\/wp-json\/wp\/v2\/posts\/96102\/revisions"}],"predecessor-version":[{"id":96105,"href":"https:\/\/www.pauljorion.com\/blog\/wp-json\/wp\/v2\/posts\/96102\/revisions\/96105"}],"wp:attachment":[{"href":"https:\/\/www.pauljorion.com\/blog\/wp-json\/wp\/v2\/media?parent=96102"}],"wp:term":[{"taxonomy":"category","embeddable":true,"href":"https:\/\/www.pauljorion.com\/blog\/wp-json\/wp\/v2\/categories?post=96102"},{"taxonomy":"post_tag","embeddable":true,"href":"https:\/\/www.pauljorion.com\/blog\/wp-json\/wp\/v2\/tags?post=96102"}],"curies":[{"name":"wp","href":"https:\/\/api.w.org\/{rel}","templated":true}]}}