{"id":96982,"date":"2017-07-11T10:48:07","date_gmt":"2017-07-11T08:48:07","guid":{"rendered":"http:\/\/www.pauljorion.com\/blog\/?p=96982"},"modified":"2017-07-11T11:25:38","modified_gmt":"2017-07-11T09:25:38","slug":"reglementation-les-accommodements-avec-le-bon-dieu-par-francois-leclerc","status":"publish","type":"post","link":"https:\/\/www.pauljorion.com\/blog\/2017\/07\/11\/reglementation-les-accommodements-avec-le-bon-dieu-par-francois-leclerc\/","title":{"rendered":"<b>R\u00e9glementation : LES ACCOMMODEMENTS AVEC LE BON DIEU<\/b>, par Fran\u00e7ois Leclerc"},"content":{"rendered":"<blockquote><p>Billet invit\u00e9.<\/p><\/blockquote>\n<p>Les plus hautes autorit\u00e9s europ\u00e9ennes savent y faire quand cela les arrange. L\u2019Eurogroupe a absout hier les dirigeants italiens pour leur contournement du principe de base de l\u2019Union bancaire, et la Commission cherche \u00e0 ce que ses futurs accords commerciaux soient adopt\u00e9s sans coup f\u00e9rir.<\/p>\n<p><!--more--><\/p>\n<p>Une parade a \u00e9t\u00e9 trouv\u00e9e afin d\u2019\u00e9viter la r\u00e9p\u00e9tition de triste m\u00e9moire du rejet de l\u2019accord avec le Canada (CETA) par la r\u00e9gion Wallonne, qui a finalement \u00e9t\u00e9 adopt\u00e9. Il suffirait que les futurs accords pass\u00e9s par la Commission au nom des \u00c9tats membres ne comportent pas de volet portant sur les investissements, et donc sur leur protection. Dans ces conditions, ils ne seraient pas qualifi\u00e9s de <i>mixtes<\/i> et n\u2019auraient plus besoin d\u2019\u00eatre ratifi\u00e9s par les parlements nationaux, devenant de la comp\u00e9tence exclusive de la Commission. Ainsi fait, la mise en \u0153uvre de tribunaux d\u2019arbitrages tr\u00e8s contest\u00e9s ne devrait plus faire obstacle. Si ce projet voit le jour, ceux qui constatent un <i>d\u00e9ficit d\u00e9mocratique<\/i> dans le fonctionnement de l\u2019Europe et proposent d\u2019y rem\u00e9dier en seraient alors pour leurs frais.<\/p>\n<p>Hier, les autorit\u00e9s italiennes n\u2019ont pas encouru les foudres de l\u2019Eurogroupe pour les mesures de recapitalisation par pr\u00e9caution et de liquidation de leurs banques en d\u00e9tresse, qui impliquent 24 milliards d\u2019euros de fonds publics. Interrog\u00e9 par la presse pour savoir si cela respectait l\u2019esprit des nouvelles r\u00e8gles europ\u00e9ennes de l\u2019Union bancaire, son pr\u00e9sident Jeroen Dijsselbloem, a pr\u00e9f\u00e9r\u00e9 botter en touche en parlant d\u2019ajustement \u00e0 venir des r\u00e8gles nationales en mati\u00e8re d\u2019aide de l\u2019\u00c9tat et de droit des faillites, qui ne sont pas homog\u00e8nes d\u2019un pays \u00e0 l\u2019autre. Mais, n\u00e9cessit\u00e9 faisant loi dans la forme et dans l\u2019esprit, Wolfgang Sch\u00e4uble, dont c\u2019\u00e9tait la 95\u00e8me r\u00e9union de l\u2019Eurogroupe, a \u00e9t\u00e9 droit au but en d\u00e9clarant que \u00ab\u00a0l\u2019Italie s\u2019est finalement bien sortie d\u2019une situation difficile\u00a0\u00bb. Si c\u2019est lui qui le dit !<\/p>\n<p>Ce n\u2019est que le d\u00e9but d\u2019un processus qui va devoir s\u2019attaquer \u00e0 la masse des <i>pr\u00eats non performants<\/i> (les NPL) que l\u2019on trouve \u00ab\u00a0dans de nombreux \u00c9tats membres, qui font obstacle \u00e0 la croissance \u00e9conomique et peuvent \u00eatre \u00e0 l\u2019origine de cons\u00e9quences risqu\u00e9es dans le syst\u00e8me financier de l\u2019Union europ\u00e9enne\u00a0\u00bb, comme l\u2019a soulign\u00e9 Valdis Dombrovskis, le vice-pr\u00e9sident de la Commission.<\/p>\n<p>Les ministres des finances des 28 vont adopter aujourd\u2019hui un plan d\u2019action afin de s\u2019attaquer \u00e0 ce probl\u00e8me laiss\u00e9 en suspens. La cr\u00e9ation de bad banks serait \u00e0 terme la solution en vue, \u00e0 condition qu\u2019elles soient strictement nationales afin de ne pas impliquer de mutualisation des pertes. Pour ne pas d\u00e9stabiliser les banques, celles-ci c\u00e9deraient leurs actifs douteux \u00e0 leur \u00ab\u00a0valeur \u00e9conomique\u00a0\u00bb, \u00e0 charge pour les bad banks d\u2019endosser les pertes en les vendant \u00e0 des fonds vautour \u00e0 leur \u00ab\u00a0valeur de march\u00e9\u00a0\u00bb. Pour parfaire le dispositif, ces m\u00eames bad banks seraient adoss\u00e9es \u00e0 des fonds publics&#8230; On comprend mieux, si le projet dont la description a fuit\u00e9 voit le jour, la compr\u00e9hension manifest\u00e9e \u00e0 l\u2019\u00e9gard du gouvernement italien par les plus \u00e9minents membres de l\u2019Eurogroupe qui ne veulent pas remuer la vase.<\/p>\n<p>Ce plan ne verrait le jour qu\u2019une fois conclue une consultation publique sur les NPL destin\u00e9e \u00e0 faire murir le dispositif, fin octobre prochain, sur laquelle l\u2019accent va \u00eatre mis dans l\u2019imm\u00e9diat.<\/p>\n","protected":false},"excerpt":{"rendered":"<blockquote>\n<p>Billet invit\u00e9.<\/p>\n<\/blockquote>\n<p>Les plus hautes autorit\u00e9s europ\u00e9ennes savent y faire quand cela les arrange. L\u2019Eurogroupe a absout hier les dirigeants italiens pour leur contournement du principe de base de l\u2019Union bancaire, et la Commission cherche \u00e0 ce que ses futurs accords commerciaux soient adopt\u00e9s sans coup f\u00e9rir.<\/p>\n","protected":false},"author":37,"featured_media":0,"comment_status":"closed","ping_status":"closed","sticky":false,"template":"","format":"standard","meta":{"footnotes":""},"categories":[18],"tags":[4842,2102,4118,4981],"class_list":["post-96982","post","type-post","status-publish","format-standard","hentry","category-monde-financier","tag-arbitrage","tag-bad-bank","tag-eurogroupe","tag-prets-non-performants"],"_links":{"self":[{"href":"https:\/\/www.pauljorion.com\/blog\/wp-json\/wp\/v2\/posts\/96982","targetHints":{"allow":["GET"]}}],"collection":[{"href":"https:\/\/www.pauljorion.com\/blog\/wp-json\/wp\/v2\/posts"}],"about":[{"href":"https:\/\/www.pauljorion.com\/blog\/wp-json\/wp\/v2\/types\/post"}],"author":[{"embeddable":true,"href":"https:\/\/www.pauljorion.com\/blog\/wp-json\/wp\/v2\/users\/37"}],"replies":[{"embeddable":true,"href":"https:\/\/www.pauljorion.com\/blog\/wp-json\/wp\/v2\/comments?post=96982"}],"version-history":[{"count":3,"href":"https:\/\/www.pauljorion.com\/blog\/wp-json\/wp\/v2\/posts\/96982\/revisions"}],"predecessor-version":[{"id":96985,"href":"https:\/\/www.pauljorion.com\/blog\/wp-json\/wp\/v2\/posts\/96982\/revisions\/96985"}],"wp:attachment":[{"href":"https:\/\/www.pauljorion.com\/blog\/wp-json\/wp\/v2\/media?parent=96982"}],"wp:term":[{"taxonomy":"category","embeddable":true,"href":"https:\/\/www.pauljorion.com\/blog\/wp-json\/wp\/v2\/categories?post=96982"},{"taxonomy":"post_tag","embeddable":true,"href":"https:\/\/www.pauljorion.com\/blog\/wp-json\/wp\/v2\/tags?post=96982"}],"curies":[{"name":"wp","href":"https:\/\/api.w.org\/{rel}","templated":true}]}}