{"id":98414,"date":"2017-08-23T12:12:07","date_gmt":"2017-08-23T10:12:07","guid":{"rendered":"http:\/\/www.pauljorion.com\/blog\/?p=98414"},"modified":"2017-08-23T12:18:47","modified_gmt":"2017-08-23T10:18:47","slug":"vers-un-nouveau-monde-parait-aujourdhui-en-belgique-il-sagit-dun-manifeste-politique","status":"publish","type":"post","link":"https:\/\/www.pauljorion.com\/blog\/2017\/08\/23\/vers-un-nouveau-monde-parait-aujourdhui-en-belgique-il-sagit-dun-manifeste-politique\/","title":{"rendered":"<em>Vers un nouveau monde<\/em>, para\u00eet aujourd&rsquo;hui en Belgique. Il s&rsquo;agit d&rsquo;un manifeste politique."},"content":{"rendered":"<blockquote><p><a href=\"http:\/\/www.pauljorion.com\/blog\/wp-content\/uploads\/Couv.png\"><img loading=\"lazy\" decoding=\"async\" class=\"alignleft size-full wp-image-83779\" src=\"http:\/\/www.pauljorion.com\/blog\/wp-content\/uploads\/Couv.png\" alt=\"Vers un nouveau monde\" width=\"229\" height=\"343\" \/><\/a><\/p><\/blockquote>\n<p><em>Vers un nouveau monde<\/em>, un manifeste politique, para\u00eet aujourd&rsquo;hui en Belgique, et en France le 10 octobre. Il s&rsquo;agit du fruit d&rsquo;un effort commun entre le mouvement Solidaris et moi. Je pr\u00e9senterai le livre le dimanche 27 ao\u00fbt \u00e0 Namur, dans le cadre de la <a href=\"http:\/\/www.pauljorion.com\/blog\/2017\/08\/21\/citadelle-de-namur-fete-des-solidarites-capitalisme-et-inegalites-quels-outils-pour-mieux-comprendre-dimanche-27-aout-2017-a-13h20\/\" target=\"_blank\" rel=\"noopener\">F\u00eate des Solidarit\u00e9s<\/a> (d\u00e9bat, suivi de signature). Le lendemain, 28, je pr\u00e9senterai <em>Vers un nouveau monde<\/em> \u00e0 la <a href=\"http:\/\/www.pauljorion.com\/blog\/2017\/08\/17\/librairie-graffiti-a-waterloo-rencontre-debat-avec-paul-jorion-le-lundi-28-aout-a-20h\/\" target=\"_blank\" rel=\"noopener\">librairie Graffiti<\/a> \u00e0 Waterloo.<\/p>\n<p><!--more-->Beaucoup d&rsquo;entre vous m&rsquo;ont d\u00e9couvert le 30 novembre 2011, lors d&rsquo;<a href=\"https:\/\/youtu.be\/zP6RkcglNvs\" target=\"_blank\" rel=\"noopener\">un clash entre Brice Couturier et moi<\/a> aux \u00ab\u00a0Matins de France Culture\u00a0\u00bb. J&rsquo;avais fini par m&rsquo;irriter du fait qu&rsquo;il m&rsquo;interrompe sans cesse par ses \u00ab\u00a0Oui, mais que mettriez-vous \u00e0 la place ?\u00a0\u00bb, auxquels je r\u00e9pondais patiemment : \u00ab\u00a0Monsieur, je vous pr\u00e9sente une analyse, laissez-moi parler svp\u00a0\u00bb. Je recopie ici, un mail parmi les 33 que je re\u00e7us dans les heures qui suivirent l&rsquo;\u00e9mission :<\/p>\n<blockquote><p>Cher Monsieur, jusqu&rsquo;\u00e0 ce matin, je ne vous connaissais pas. La mani\u00e8re dont vous avez r\u00e9agi dans l&rsquo;\u00e9mission \u00ab\u00a0Les matins\u00a0\u00bb sur France Culture m&rsquo;a permis de d\u00e9couvrir votre point de vue, et donn\u00e9 l&rsquo;envie de mieux vous conna\u00eetre. Nous sommes des milliers \u00e0 penser ce que vous soutenez, mais sommes orphelins de v\u00e9ritables propositions politiques qui nous permettent enfin de retrouver espoir, sous peine de dispara\u00eetre dans le souci d&rsquo;un avenir pour nos enfants. Merci aussi d&rsquo;avoir si bien renvoy\u00e9 dans leurs cordes \u00ab\u00a0intellectualo-aristocratiques\u00a0\u00bb, les journalistes de l&rsquo;\u00e9mission, qui semblent n&rsquo;inviter les gens oppos\u00e9s \u00e0 leur \u00ab\u00a0doxa\u00a0\u00bb que pour les enfoncer. Dommage qu&rsquo;une radio qui s&rsquo;\u00e9rige souvent comme le \u00ab\u00a0nec plus ultra\u00a0\u00bb de la pens\u00e9e soit incapable d&rsquo;entendre les avertissements qui lui sont donn\u00e9s. Du coup, je viens d&rsquo;aller sur votre blog, et l&rsquo;ai mis dans mes \u00ab\u00a0favoris\u00a0\u00bb. Cordialement, J. G.<\/p><\/blockquote>\n<p>Ce que je mettrais \u00e0 la place, je l&rsquo;ai maintenant couch\u00e9 sur le papier. C&rsquo;est le fruit d&rsquo;un an de discussions avec Madeleine Th\u00e9odore, ma compagne de 1972 et d&rsquo;aujourd&rsquo;hui. Lorsque je d\u00e9collais quelque peu vers les hauteurs de l&rsquo;abstraction, elle me ramenait gentiment vers les pr\u00e9occupations du Peuple avec un grand p (f\u00e2cheusement vilifi\u00e9 aujourd&rsquo;hui), dont elle s&rsquo;affirmait repr\u00e9sentante plus qualifi\u00e9e que moi \u00e9tant, comme aucun de ses amis ne peut l&rsquo;ignorer, \u00ab\u00a0fi\u00e8re fille d&rsquo;ouvrier\u00a0\u00bb. Si les 11,90 \u20ac que co\u00fbte le livre constituent pour vous un obstacle, n&rsquo;h\u00e9sitez pas,\u00a0<a href=\"mailto:pauljorion@gmail.com?Subject=NouveauMonde\">signalez-le moi<\/a>.<\/p>\n","protected":false},"excerpt":{"rendered":"<blockquote>\n<p><a href=\"http:\/\/www.pauljorion.com\/blog\/wp-content\/uploads\/Couv.png\"><img loading=\"lazy\" decoding=\"async\" class=\"alignleft size-full wp-image-83779\" src=\"http:\/\/www.pauljorion.com\/blog\/wp-content\/uploads\/Couv.png\" alt=\"Vers un nouveau monde\" width=\"229\" height=\"343\" \/><\/a><\/p>\n<\/blockquote>\n<p><em>Vers un nouveau monde<\/em>, un manifeste politique, para\u00eet aujourd&rsquo;hui en Belgique, et en France le 10 octobre. Il s&rsquo;agit du fruit d&rsquo;un effort commun entre le mouvement Solidaris et moi. Je pr\u00e9senterai le livre le dimanche 27 ao\u00fbt \u00e0 Namur, dans le [&hellip;]<\/p>\n","protected":false},"author":1,"featured_media":0,"comment_status":"closed","ping_status":"closed","sticky":false,"template":"","format":"standard","meta":{"footnotes":""},"categories":[5319],"tags":[5320],"class_list":["post-98414","post","type-post","status-publish","format-standard","hentry","category-vers-un-nouveau-monde","tag-vers-un-nouveau-monde"],"_links":{"self":[{"href":"https:\/\/www.pauljorion.com\/blog\/wp-json\/wp\/v2\/posts\/98414","targetHints":{"allow":["GET"]}}],"collection":[{"href":"https:\/\/www.pauljorion.com\/blog\/wp-json\/wp\/v2\/posts"}],"about":[{"href":"https:\/\/www.pauljorion.com\/blog\/wp-json\/wp\/v2\/types\/post"}],"author":[{"embeddable":true,"href":"https:\/\/www.pauljorion.com\/blog\/wp-json\/wp\/v2\/users\/1"}],"replies":[{"embeddable":true,"href":"https:\/\/www.pauljorion.com\/blog\/wp-json\/wp\/v2\/comments?post=98414"}],"version-history":[{"count":10,"href":"https:\/\/www.pauljorion.com\/blog\/wp-json\/wp\/v2\/posts\/98414\/revisions"}],"predecessor-version":[{"id":98435,"href":"https:\/\/www.pauljorion.com\/blog\/wp-json\/wp\/v2\/posts\/98414\/revisions\/98435"}],"wp:attachment":[{"href":"https:\/\/www.pauljorion.com\/blog\/wp-json\/wp\/v2\/media?parent=98414"}],"wp:term":[{"taxonomy":"category","embeddable":true,"href":"https:\/\/www.pauljorion.com\/blog\/wp-json\/wp\/v2\/categories?post=98414"},{"taxonomy":"post_tag","embeddable":true,"href":"https:\/\/www.pauljorion.com\/blog\/wp-json\/wp\/v2\/tags?post=98414"}],"curies":[{"name":"wp","href":"https:\/\/api.w.org\/{rel}","templated":true}]}}