{"id":98537,"date":"2017-08-29T12:37:01","date_gmt":"2017-08-29T10:37:01","guid":{"rendered":"http:\/\/www.pauljorion.com\/blog\/?p=98537"},"modified":"2017-08-29T14:05:33","modified_gmt":"2017-08-29T12:05:33","slug":"refugies-belles-paroles-et-sordides-actions-par-francois-leclerc","status":"publish","type":"post","link":"https:\/\/www.pauljorion.com\/blog\/2017\/08\/29\/refugies-belles-paroles-et-sordides-actions-par-francois-leclerc\/","title":{"rendered":"<b>R\u00e9fugi\u00e9s : BELLES PAROLES ET SORDIDES ACTIONS<\/b>, par Fran\u00e7ois Leclerc"},"content":{"rendered":"<blockquote><p>Billet invit\u00e9.<\/p><\/blockquote>\n<p>Au cours de la rencontre d\u2019hier consacr\u00e9e \u00e0 d\u00e9finir les grandes lignes d\u2019un plan destin\u00e9 \u00e0 barrer la route vers l\u2019Europe des r\u00e9fugi\u00e9s au d\u00e9part de la Libye, on a croul\u00e9 sous les bons sentiments si l\u2019on en croit les comptes-rendus. Plus question de mettre en place au Niger et au Tchad des \u00ab\u00a0hotspots\u00a0\u00bb, mais des \u00ab\u00a0centres d\u2019orientation\u00a0\u00bb ainsi bien mieux nomm\u00e9s, voire m\u00eame des \u00ab\u00a0missions de protection\u00a0\u00bb. Les r\u00e9fugi\u00e9s n\u2019auront jamais fait l\u2019objet d\u2019autant d\u2019attentions&#8230; en paroles.<\/p>\n<p><!--more--><\/p>\n<p>Peu de d\u00e9tails ont \u00e9t\u00e9 fournis sur ces structures qui permettront d&rsquo;\u00e9viter \u00ab\u00a0\u00e0 des femmes et des hommes de prendre des risques inconsid\u00e9r\u00e9s dans une zone extr\u00eamement dangereuse, puis en M\u00e9diterran\u00e9e\u00a0\u00bb comme Emmanuel Macron les a hypocritement pr\u00e9sent\u00e9s. L\u2019objectif est de \u00ab\u00a0lutter contre les r\u00e9seaux criminels qui organisent le trafic d\u2019\u00eatres humains\u00a0\u00bb, a-t-il ajout\u00e9, ainsi que d\u2019 \u00ab\u00a0\u00e9viter de tuer le syst\u00e8me du droit d\u2019asile\u00a0\u00bb, qui risque de s\u2019\u00e9crouler. Que de bonnes intentions ! Ainsi que l\u2019ONG La Cimade l\u2019a sans tarder fait remarquer \u00ab\u00a0on repousse la fronti\u00e8re europ\u00e9enne dans des pays de plus en plus lointains\u00a0\u00bb.<\/p>\n<p>Destin\u00e9es \u00e0 \u00ab\u00a0d\u00e9localiser l\u2019instruction des dossiers\u00a0\u00bb, la mission de ces structures a vari\u00e9. Il a d\u2019abord \u00e9t\u00e9 question de rep\u00e9rer \u00ab ceux qui ont de bonnes chances d&rsquo;\u00eatre \u00e9ligibles au droit d&rsquo;asile\u00a0\u00bb &#8211; d\u2019op\u00e9rer en quelque sorte une pr\u00e9s\u00e9lection &#8211; puis ensuite de les identifier sur la base de listes fournies par le Haut- commissariat aux r\u00e9fugi\u00e9s (HCR). O\u00f9 et comment celles-ci seront-elles \u00e9tablies ? cela n\u2019a pas \u00e9t\u00e9 pr\u00e9cis\u00e9.<\/p>\n<p>Peut-\u00eatre dans les camps de transit d\u00e9j\u00e0 existants au Niger, qui sont g\u00e9r\u00e9s pour certains par le HCR et par l\u2019Organisation internationale des migrations (OIM) pour d\u2019autres. C\u2019est le mod\u00e8le d\u00e9j\u00e0 appliqu\u00e9 en Jordanie, au Liban, en Turquie, qui permet de d\u00e9livrer le ticket d\u2019entr\u00e9e en Europe avec la plus grande parcimonie : pour ces trois pays, 5.500 r\u00e9fugi\u00e9s en tout et pour tout en ont b\u00e9n\u00e9fici\u00e9 au cours des deux derni\u00e8res ann\u00e9es.<\/p>\n<p>Les participants \u00e0 la r\u00e9union se sont moins \u00e9tendus sur les mesures polici\u00e8res et militaires destin\u00e9es \u00e0 \u00e9trangler le flux des r\u00e9fugi\u00e9s, conscients que les milliers de kilom\u00e8tres de fronti\u00e8res d\u00e9sertiques du Niger et du Tchad avec la Libye ne se pr\u00eatent pas sp\u00e9cialement \u00e0 leur bouclage. La lutte contre des passeurs \u00e0 la t\u00eate d\u2019un juteux business est par ailleurs difficile \u00e0 mener \u00e9tant donn\u00e9 ses retomb\u00e9es financi\u00e8res locales qu\u2019il faut remplacer, et le plan de fermeture de la fronti\u00e8re propos\u00e9 par le g\u00e9n\u00e9ral Khalifa Haftar &#8211; le rival du premier ministre libyen Fayez-al Sarraj &#8211; est financi\u00e8rement hors de port\u00e9e et politiquement scabreux.<\/p>\n<p>Le m\u00eame jour, le secr\u00e9taire g\u00e9n\u00e9ral de l\u2019ONU, Antonio Guterres, a pr\u00e9sent\u00e9 un rapport d\u00e9non\u00e7ant de multiples atteintes aux droits de l&rsquo;Homme en Libye \u00e0 la suite d\u2019une enqu\u00eate sur le terrain de l\u2019Unsmil, la mission de l\u2019organisation dans le pays. Celle-ci s\u2019est limit\u00e9e aux centres de d\u00e9tention officiels du gouvernement, qui sont une vingtaine et o\u00f9 sont regroup\u00e9s entre 7.000 et 8.000 r\u00e9fugi\u00e9s. Mais elle n\u2019a pas pu p\u00e9n\u00e9trer dans celui de Mitiga d\u2019o\u00f9 proviennent les annonces des pires exactions. Elle en a vu assez pour inciter Antonio Guterres \u00e0 appeler les autorit\u00e9s \u00ab\u00a0\u00e0 rel\u00e2cher imm\u00e9diatement les plus vuln\u00e9rables, notamment les femmes en danger, les femmes enceintes, les familles avec enfants, les enfants seuls ou s\u00e9par\u00e9s, et les handicap\u00e9s\u00a0\u00bb.<\/p>\n<p>L&rsquo;enqu\u00eate a \u00e9galement soulign\u00e9 que \u00ab\u00a0des groupes arm\u00e9s de tous bords continuent \u00e0 prendre des gens en otage, \u00e0 tuer et \u00e0 recourir \u00e0 la torture et aux disparitions, incluant des civils, en particulier des femmes et d&rsquo;autres personnes non impliqu\u00e9es dans les combats\u00a0\u00bb.<\/p>\n<p>Les agences de presse rapportent que les dirigeants europ\u00e9ens reconnaissent se faire peu d\u2019illusions sur les r\u00e9sultats d\u2019un travail allant \u00eatre de longue haleine. De 800.000 \u00e0 un million de r\u00e9fugi\u00e9s sont d\u00e9j\u00e0 pr\u00e9sents en Libye. Ils seraient de 400 \u00e0 500.000 au Tchad et des centaines de milliers au Niger, 300.000 pour la seule r\u00e9gion de Diffa.<\/p>\n","protected":false},"excerpt":{"rendered":"<blockquote>\n<p>Billet invit\u00e9.<\/p>\n<\/blockquote>\n<p>Au cours de la rencontre d\u2019hier consacr\u00e9e \u00e0 d\u00e9finir les grandes lignes d\u2019un plan destin\u00e9 \u00e0 barrer la route vers l\u2019Europe des r\u00e9fugi\u00e9s au d\u00e9part de la Libye, on a croul\u00e9 sous les bons sentiments si l\u2019on en croit les comptes-rendus. Plus question de mettre en place au Niger et au Tchad des [&hellip;]<\/p>\n","protected":false},"author":37,"featured_media":0,"comment_status":"closed","ping_status":"closed","sticky":false,"template":"","format":"standard","meta":{"footnotes":""},"categories":[4440],"tags":[5536,1308,5534,5537,3097,5535],"class_list":["post-98537","post","type-post","status-publish","format-standard","hentry","category-migrations","tag-antonio-guterres","tag-libye","tag-niger","tag-onu","tag-refugies","tag-tchad"],"_links":{"self":[{"href":"https:\/\/www.pauljorion.com\/blog\/wp-json\/wp\/v2\/posts\/98537","targetHints":{"allow":["GET"]}}],"collection":[{"href":"https:\/\/www.pauljorion.com\/blog\/wp-json\/wp\/v2\/posts"}],"about":[{"href":"https:\/\/www.pauljorion.com\/blog\/wp-json\/wp\/v2\/types\/post"}],"author":[{"embeddable":true,"href":"https:\/\/www.pauljorion.com\/blog\/wp-json\/wp\/v2\/users\/37"}],"replies":[{"embeddable":true,"href":"https:\/\/www.pauljorion.com\/blog\/wp-json\/wp\/v2\/comments?post=98537"}],"version-history":[{"count":6,"href":"https:\/\/www.pauljorion.com\/blog\/wp-json\/wp\/v2\/posts\/98537\/revisions"}],"predecessor-version":[{"id":98543,"href":"https:\/\/www.pauljorion.com\/blog\/wp-json\/wp\/v2\/posts\/98537\/revisions\/98543"}],"wp:attachment":[{"href":"https:\/\/www.pauljorion.com\/blog\/wp-json\/wp\/v2\/media?parent=98537"}],"wp:term":[{"taxonomy":"category","embeddable":true,"href":"https:\/\/www.pauljorion.com\/blog\/wp-json\/wp\/v2\/categories?post=98537"},{"taxonomy":"post_tag","embeddable":true,"href":"https:\/\/www.pauljorion.com\/blog\/wp-json\/wp\/v2\/tags?post=98537"}],"curies":[{"name":"wp","href":"https:\/\/api.w.org\/{rel}","templated":true}]}}