{"id":98622,"date":"2017-09-01T11:43:31","date_gmt":"2017-09-01T09:43:31","guid":{"rendered":"http:\/\/www.pauljorion.com\/blog\/?p=98622"},"modified":"2017-09-01T12:06:25","modified_gmt":"2017-09-01T10:06:25","slug":"le-prix-de-lobstination-des-autorites-allemandes-par-francois-leclerc","status":"publish","type":"post","link":"https:\/\/www.pauljorion.com\/blog\/2017\/09\/01\/le-prix-de-lobstination-des-autorites-allemandes-par-francois-leclerc\/","title":{"rendered":"<b>LE PRIX DE L\u2019OBSTINATION DES AUTORIT\u00c9S ALLEMANDES<\/b>, par Fran\u00e7ois Leclerc"},"content":{"rendered":"<blockquote><p>Billet invit\u00e9.<\/p><\/blockquote>\n<p>De premi\u00e8res informations \u00e0 propos des n\u00e9gociations engag\u00e9es entre Allemands et Fran\u00e7ais commencent \u00e0 filtrer. Et d\u00e9j\u00e0 il appara\u00eet qu\u2019elles sont mal parties pour les seconds. Le foss\u00e9 entre les propositions connues d\u2019Emmanuel Macron et les limites \u00e0 leur \u00e9gard exprim\u00e9es par Angela Merkel n\u2019augurent pas d\u2019un compromis digne de ce nom.<\/p>\n<p><!--more--><\/p>\n<p>Dans le camp fran\u00e7ais, il pointe d\u00e9j\u00e0 l\u2019id\u00e9e qu\u2019apr\u00e8s tout la proposition de Wolfgang Sch\u00e4uble de cr\u00e9er un FMI europ\u00e9en charg\u00e9 de surveiller la politique budg\u00e9taire des \u00c9tats europ\u00e9ens pourrait finalement \u00eatre acceptable. Son adoption repr\u00e9senterait <i>un premier pas<\/i>, la condition pr\u00e9alable \u00e0 un plus vaste accord, est-il argument\u00e9.<\/p>\n<p>Apr\u00e8s son pr\u00e9d\u00e9cesseur, le pr\u00e9sident fran\u00e7ais doit \u00e0 son tour donner des gages dans l\u2019espoir d\u2019obtenir des contreparties, dans le but de recr\u00e9er une <i>confiance<\/i> perdue. On sait que l\u2019apparition de ce terme pr\u00e9sage toujours de d\u00e9cisions <i>courageuses<\/i> \u00e0 prendre&#8230;<\/p>\n<p>Dans l\u2019imm\u00e9diat, Emmanuel Macron a \u00e9t\u00e9 chercher des alli\u00e9s en Belgique et au Luxembourg, puis aupr\u00e8s de Mario Draghi avec lequel il a discut\u00e9 des \u00ab\u00a0pistes d\u2019approfondissement de la zone euro\u00a0\u00bb. Des Premiers ministres belges et luxembourgeois, Charles Michel et Xavier Bettel, il a obtenu un soutien au vague projet d\u2019une \u00ab\u00a0Europe \u00e0 plusieurs vitesses\u00a0\u00bb et \u00e0 la campagne contre le \u00ab\u00a0dumping social\u00a0\u00bb qu\u2019il a auparavant engag\u00e9e dans les pays de l\u2019Est europ\u00e9en. L\u2019appui de Mariano Rajoy est quant \u00e0 lui plus difficile \u00e0 revendiquer, celui-ci ayant d\u00e9cid\u00e9 de mettre les pieds dans le plat en pr\u00e9conisant une mutualisation financi\u00e8re impensable pour le gouvernement allemand.<\/p>\n<p>C\u00f4t\u00e9 italien, cela ne se pr\u00e9sente pas non plus tr\u00e8s bien, les autorit\u00e9s ayant adopt\u00e9 comme pli de faire cavalier seul dans leurs n\u00e9gociations avec Bruxelles, arguant du danger que repr\u00e9sentent le Mouvement des 5 \u00e9toiles d\u2019un c\u00f4t\u00e9, et de l\u2019autre l\u2019alliance \u00e9lectorale en cours de constitution entre la Ligue du Nord et Forza Italia de Silvio Berlusconi, qui repr\u00e9senterait 30% des intentions de vote.<\/p>\n<p>L\u2019ancien pr\u00e9sident du conseil pr\u00e9conise d\u00e9sormais la cr\u00e9ation d\u2019une monnaie parall\u00e8le \u00e0 l\u2019euro, qui selon lui n\u2019impliquerait pas de modification des Trait\u00e9s. Une telle monnaie n\u2019est pas \u00e9loign\u00e9e de la proposition de la Ligue du nord de lancement d\u2019un \u00ab\u00a0Mini <a href=\"https:\/\/en.wikipedia.org\/wiki\/Build%E2%80%93operate%E2%80%93transfer\">BoT<\/a>\u00a0\u00bb &#8211; une sorte de reconnaissance de dette &#8211; afin de r\u00e9gler les d\u00e9penses gouvernementales. L\u2019av\u00e8nement d\u2019une monnaie parall\u00e8le italienne n\u2019est donc pas impensable, les deux tiers des italiens soutenant les formations politiques tenant un discours \u00e0 dominante anti-euro. Elle serait dans ce cas pr\u00e9sent\u00e9e comme une formule de transition \u00e0 la sortie de l\u2019euro engag\u00e9e par une coalition de centre-droit ayant \u00e0 son programme des mesures anti-immigration et l\u2019adoption d\u2019un taux unique pour l\u2019imp\u00f4t sur le revenu.<\/p>\n<p>Pour Silvio Berlusconi, l\u2019introduction d\u2019une monnaie parall\u00e8le serait un acte de souverainet\u00e9 mon\u00e9taire destin\u00e9 \u00e0 soutenir la demande int\u00e9rieure. Ce n\u2019est pas sans rappeler la proposition de la m\u00eame famille de Yanis Varoufakis et de James Galbraith de la cr\u00e9ation de liquidit\u00e9s et d\u2019un syst\u00e8me bancaire parall\u00e8le, qu\u2019Alexis Tsipras n\u2019avait pas voulu suivre \u00e0 l\u2019\u00e9t\u00e9 2015.<\/p>\n<p>Telle est la pente sur laquelle la zone euro se dirige, faute de pouvoir amender les Trait\u00e9s.<\/p>\n","protected":false},"excerpt":{"rendered":"<blockquote>\n<p>Billet invit\u00e9.<\/p>\n<\/blockquote>\n<p>De premi\u00e8res informations \u00e0 propos des n\u00e9gociations engag\u00e9es entre Allemands et Fran\u00e7ais commencent \u00e0 filtrer. Et d\u00e9j\u00e0 il appara\u00eet qu\u2019elles sont mal parties pour les seconds. Le foss\u00e9 entre les propositions connues d\u2019Emmanuel Macron et les limites \u00e0 leur \u00e9gard exprim\u00e9es par Angela Merkel n\u2019augurent pas d\u2019un compromis digne de ce nom.<\/p>\n","protected":false},"author":37,"featured_media":0,"comment_status":"closed","ping_status":"closed","sticky":false,"template":"","format":"standard","meta":{"footnotes":""},"categories":[204,307,5382,21,17],"tags":[3766,2358,2589],"class_list":["post-98622","post","type-post","status-publish","format-standard","hentry","category-europe","category-finance","category-italie-europe","category-monnaie","category-politique","tag-emmanuel-macron","tag-silvio-berlusconi","tag-yanis-varoufakis"],"_links":{"self":[{"href":"https:\/\/www.pauljorion.com\/blog\/wp-json\/wp\/v2\/posts\/98622","targetHints":{"allow":["GET"]}}],"collection":[{"href":"https:\/\/www.pauljorion.com\/blog\/wp-json\/wp\/v2\/posts"}],"about":[{"href":"https:\/\/www.pauljorion.com\/blog\/wp-json\/wp\/v2\/types\/post"}],"author":[{"embeddable":true,"href":"https:\/\/www.pauljorion.com\/blog\/wp-json\/wp\/v2\/users\/37"}],"replies":[{"embeddable":true,"href":"https:\/\/www.pauljorion.com\/blog\/wp-json\/wp\/v2\/comments?post=98622"}],"version-history":[{"count":3,"href":"https:\/\/www.pauljorion.com\/blog\/wp-json\/wp\/v2\/posts\/98622\/revisions"}],"predecessor-version":[{"id":98625,"href":"https:\/\/www.pauljorion.com\/blog\/wp-json\/wp\/v2\/posts\/98622\/revisions\/98625"}],"wp:attachment":[{"href":"https:\/\/www.pauljorion.com\/blog\/wp-json\/wp\/v2\/media?parent=98622"}],"wp:term":[{"taxonomy":"category","embeddable":true,"href":"https:\/\/www.pauljorion.com\/blog\/wp-json\/wp\/v2\/categories?post=98622"},{"taxonomy":"post_tag","embeddable":true,"href":"https:\/\/www.pauljorion.com\/blog\/wp-json\/wp\/v2\/tags?post=98622"}],"curies":[{"name":"wp","href":"https:\/\/api.w.org\/{rel}","templated":true}]}}