{"id":98682,"date":"2017-09-04T08:03:36","date_gmt":"2017-09-04T06:03:36","guid":{"rendered":"http:\/\/www.pauljorion.com\/blog\/?p=98682"},"modified":"2017-09-04T08:03:36","modified_gmt":"2017-09-04T06:03:36","slug":"allons-nous-accepter-sans-mot-dire-la-privatisation-de-la-solidarite-par-jean-paul-vignal","status":"publish","type":"post","link":"https:\/\/www.pauljorion.com\/blog\/2017\/09\/04\/allons-nous-accepter-sans-mot-dire-la-privatisation-de-la-solidarite-par-jean-paul-vignal\/","title":{"rendered":"Allons nous accepter sans mot dire la privatisation de la solidarit\u00e9 ? par Jean-Paul Vignal"},"content":{"rendered":"<table border=\"0\" width=\"98%\" cellspacing=\"0\" cellpadding=\"0\">\n<tbody>\n<tr>\n<td bgcolor=\"#FFFFFF\" width=\"100%\">\n<div class=\"m_-496019966988972785xg_body\">\n<table width=\"100%\">\n<tbody>\n<tr>\n<td>\n<div class=\"m_-496019966988972785headline\">\n<blockquote><p>Billet invit\u00e9. Ouvert aux commentaires.<\/p><\/blockquote>\n<\/div>\n<div class=\"m_-496019966988972785content\">\n<p>Les r\u00e9centes ordonnances portant reforme du droit du travail ont confirm\u00e9 que, comme il l\u2019est de plus en plus dans la plupart des pays du monde, le co\u00fbt du travail est d\u00e9sormais variable en France. Cette d\u00e9rive de la protection sociale n\u2019est pas nouvelle\u00a0; elle s\u2019inscrit dans la tendance lourde vers\u00a0 l\u2019externalisation de la plupart des charges des entreprises multinationales, qui consiste \u00e0 acheter \u00ab\u00a0juste \u00e0 temps\u00a0\u00bb, en tant que de besoin, des services et des composants \u00e0 valeur ajout\u00e9e, plut\u00f4t que des mati\u00e8res premi\u00e8res, et permet de reporter le financement, la charge et le risque des investissements lourds sur les fournisseurs.<\/p>\n<p><!--more--><\/p>\n<p>Rien de nouveau sous le soleil en cela : dans la plupart des fili\u00e8res, les entreprises qui contr\u00f4lent la relation finale avec le client la pratiquent simplement avec de plus en plus de maestria, au nom, d\u00e9licate ironie, de la libre concurrence et de l\u2019intelligence s\u00e9lective de la main magique du march\u00e9. L\u2019exemple de l\u2019industrie automobile est bien connu, les fournisseurs \u00e9tant souvent instamment pri\u00e9s de venir installer leurs unit\u00e9s de production \u00e0 proximit\u00e9 des usines de montage, quand ce n\u2019est pas directement sur les sites de ces unit\u00e9s. Celui des industries agricoles et alimentaires est peut-\u00eatre plus r\u00e9v\u00e9lateur, car plus ancien\u00a0: plus on est proche de la production agricole, plus les investissements sont importants par rapport au chiffre d\u2019affaire, et plus les al\u00e9as de production sont significatifs et peu ou difficiles et co\u00fbteux \u00e0 maitriser. C\u2019est pourtant l\u2019agriculture qui assure seule pour la fili\u00e8re la responsabilit\u00e9 de ces risques, avec juste ce qu\u2019il faut d\u2019aide pour continuer \u00e0 produire ce qui est indispensable au bon fonctionnement de l\u2019aval. \u00c0 l\u2019autre bout de la cha\u00eene, les consommateurs payent comptant le distributeur, qui lui ne paye ses fournisseurs qu\u2019\u00e0 cr\u00e9dit. Ce d\u00e9calage de tr\u00e9sorerie lui permet de travailler avec un fonds de roulement n\u00e9gatif, qui peut financer en partie ou en totalit\u00e9 les investissements en magasins quand il en est propri\u00e9taire. Entre ces deux extr\u00eames, les transformateurs essaient de tirer leur \u00e9pingle du jeu en reportant sur le monde agricole et celui de la premi\u00e8re transformation, souvent contr\u00f4l\u00e9e par des soci\u00e9t\u00e9s coop\u00e9ratives agricoles, la charge et les risques des variations de prix, de qualit\u00e9, et des quantit\u00e9s r\u00e9colt\u00e9es.<\/p>\n<p>Dans le cas du co\u00fbt du travail, l\u2019excellent billet de Roberto Boulant sur\u00a0<a href=\"http:\/\/www.pauljorion.com\/blog\/2017\/08\/22\/le-general-lee-venge-par-la-silicon-valley-par-roberto-boulant\/\" target=\"_blank\" rel=\"nofollow noopener\" data-saferedirecturl=\"https:\/\/www.google.com\/url?q=http:\/\/www.pauljorion.com\/blog\/2017\/08\/22\/le-general-lee-venge-par-la-silicon-valley-par-roberto-boulant\/&amp;source=gmail&amp;ust=1504590236472000&amp;usg=AFQjCNFAb7k4VaRjn-M546A3TuY45u7c0A\">la r\u00e9habilitation du g\u00e9n\u00e9ral Lee par la Silicon Valley\u00a0<\/a>\u00a0d\u00e9crit avec justesse et humour le but ultime de cette externalisation. Il est simple : transformer le contrat de travail en un simple contrat de sous-traitance qui laisse la totalit\u00e9 des d\u00e9penses li\u00e9es \u00e0 ce travail \u00e0 la seule charge du salari\u00e9 devenu sous-traitant, et qui peut \u00eatre annul\u00e9 ou suspendu \u00e0 tout instant sans justification, moyennant un paiement limit\u00e9, qu\u2019il est facile d\u2019int\u00e9grer sous forme de d\u00e9cote dans le salaire consenti. Les moyens employ\u00e9s pour parvenir \u00e0 cette remarquable \u00ab\u00a0flexibilisation\u00a0\u00bb sont simples\u00a0: user et abuser du chantage \u00e0 l\u2019emploi en agitant brutalement l\u2019arme de destruction massive des d\u00e9localisations et, plus subtilement, mais non moins fermement celle des progr\u00e8s de l\u2019automatisme et de l\u2019intelligence artificielle. Rien ne vaut la peur de tout perdre pour r\u00e9duire les ardeurs revendicatrices.<\/p>\n<p>L\u2019irresponsabilit\u00e9 financi\u00e8re de ce transfert de risques et de charges est garantie par le statut juridique des entreprises commerciales, et quand ces statuts ne l\u2019assurent plus, elle est compl\u00e9t\u00e9e par la possibilit\u00e9 de d\u00e9poser le bilan, l\u2019ultime d\u00e9capant des bilans financiers, sociaux et \u00e9cologiques d\u00e9faillants, qui laisse l\u2019ardoise correspondante aux frais de la collectivit\u00e9 qui, en prime, doit souvent remettre au pot dans ces cas l\u00e0, bien s\u00fbr \u00ab\u00a0pour sauver l\u2019emploi\u00a0\u00bb, mais sans avoir la moindre garantie autre que celle de la fiscalit\u00e9 d\u2019\u00eatre r\u00e9mun\u00e9r\u00e9e pour sa prise de risque en cas de retour \u00e0 meilleure fortune. On peut r\u00e9sumer cet \u00e9tat de fait par la formule bien connue\u00a0\u00ab\u00a0les profits sont priv\u00e9s, les charges al\u00e9atoires et les pertes qui leur sont li\u00e9es, publiques\u00a0\u00bb.<\/p>\n<p>On peut s\u2019\u00e9tonner de cette g\u00e9n\u00e9rosit\u00e9 de la soci\u00e9t\u00e9 civile envers ses entreprises, qui leur permet d\u2019op\u00e9rer au co\u00fbt marginal, en reportant sur la collectivit\u00e9 la prise en charge de tous leurs co\u00fbts induits qu\u2019ils soient sociaux, environnementaux, voire financiers dans les cas extr\u00eames. On peut aussi au passage se demander au nom de quelle logique ces m\u00eames entreprises ont le toupet d\u2019accuser la collectivit\u00e9 de mauvaise gestion. On devrait pourtant le faire quand on constate que ces formidables privil\u00e8ges sont consentis au nom d\u2019un postulat \u00e9conomique impos\u00e9 par la doxa n\u00e9olib\u00e9rale, &#8211; l\u2019effet ruissellement -, qui stipule, en sch\u00e9matisant \u00e0 peine, que plus les riches sont riches, moins les pauvres sont pauvres, ou, comme l\u2019avait jadis dit le pr\u00e9sident John Kennedy, que quand la mar\u00e9e monte, tout ce qui flotte monte avec elle, en oubliant que, s\u2019il est sans effet sur les yachts, \u00a0le clapot de la mar\u00e9e montante peut \u00eatre fatal aux coquilles de noix.<\/p>\n<p>Ce n\u2019est bien s\u00fbr pas totalement faux\u00a0: il vaut mieux, \u00ab\u00a0globalement\u00a0\u00bb, \u00eatre \u00e9conomiquement faible aujourd\u2019hui qu\u2019il y a trente ans. Mais les \u00e9conomistes officiels, ceux qui sont nob\u00e9lisables pour services rendus \u00e0 l\u2019\u00e9conomie de march\u00e9, se gardent bien d\u2019essayer de le d\u00e9montrer, car il serait probablement tr\u00e8s difficile, par exemple, d\u2019int\u00e9grer l\u2019optimisation fiscale, sociale et environnementale, comportement asocial s\u2019il en est, dans une telle d\u00e9monstration.<\/p>\n<p>Ce n\u2019est malgr\u00e9 tout pas une raison suffisante pour accepter sans rien dire que l\u2019effet ruissellement justifie que l\u2019on nous impose des politiques outrageusement en faveur de l\u2019offre. Il faut que les \u00e9conomistes qui d\u00e9fendent cette approche prouvent que l\u2019effet redistribution qui la sous-tend est bien r\u00e9el, et sup\u00e9rieur \u00e0 celui des politiques publiques existantes. Ou qu\u2019ils se taisent.<\/p>\n<p>Dans l\u2019attente, il n\u2019est pas interdit d\u2019explorer d\u2019autres pistes, qui ne misent pas sur la seule marchandisation de l\u2019activit\u00e9 \u00e9conomique pour assurer le bonheur pour tous. <a href=\"http:\/\/www.pauljorion.com\/blog\/2017\/08\/25\/vers-un-nouveau-monde-la-gratuite-pour-tout-ce-qui-releve-de-lindispensable\/\" target=\"_blank\" rel=\"noopener\">Celle que privil\u00e9gie Paul Jorion, la gratuit\u00e9<\/a>, ne manque pas de m\u00e9rites. Pour les esprits grincheux qui pensent que tout ce qui est gratuit ne vaut rien, il est sans doute utile de rappeler que la gratuit\u00e9 existe aujourd\u2019hui, dans notre monde de plus en plus marchand, et en dehors du service public et de la charit\u00e9. Elle est paradoxalement financ\u00e9e par la forme la plus perverse de la soci\u00e9t\u00e9 de consommation, cette publicit\u00e9 qui veut par des moyens de plus en plus sophistiqu\u00e9s nous imposer d\u2019acheter des biens et des services marchands dont nous pourrions souvent nous passer, ou dont nous pourrions disposer \u00e0 moindre co\u00fbt en y consacrant un peu de notre temps disponible.<\/p>\n<p>La gratuit\u00e9 que d\u00e9fend Paul avec talent et conviction pourrait pr\u00e9cis\u00e9ment \u00eatre \u00ab\u00a0financ\u00e9e\u00a0\u00bb par notre temps disponible plut\u00f4t que par l\u2019imp\u00f4t\u00a0en esp\u00e8ces sonnantes et tr\u00e9buchantes. Les \u00ab\u00a0corv\u00e9es\u00a0\u00bb ont \u00e0 juste titre mauvaise r\u00e9putation, parce qu\u2019elles \u00e9taient impos\u00e9es sans n\u00e9gociation, ni contrepartie v\u00e9ritable. Ce n\u2019est pas une fatalit\u00e9\u00a0: elles pourraient tr\u00e8s bien \u00eatre red\u00e9finies dans un cadre d\u00e9mocratique.\u00a0 On peut comprendre que l\u2019\u00e9mergence d&rsquo;une monnaie \u00ab\u00a0temps\u00a0\u00bb ne ferait pas l\u2019affaire des financiers, mais l\u2019\u00e9talon temps est sans doute le seul qui soit vraiment d\u00e9mocratique.<\/p>\n<p>Quand on parle de rar\u00e9faction in\u00e9vitable de l\u2019emploi salari\u00e9 traditionnel sous les coups du capitalisme financier apatride, c\u2019est sans doute une piste de recherche \u00e0 ne pas n\u00e9gliger. Tous ceux qui ont v\u00e9cu l\u2019exp\u00e9rience de la vie en communaut\u00e9 le savent, et savent qu\u2019au del\u00e0 de ses inconv\u00e9nients, &#8211; qui r\u00e9sultent le plus souvent d\u2019une cohabitation malcommode avec l\u2019\u00e9conomie marchande, car elle est violemment combattue par le syst\u00e8me marchand -, elle est plus porteuse de \u00ab\u00a0vivre ensemble\u00a0\u00bb harmonieux et paisible que la foire d\u2019empoigne du tout marchand.<\/p>\n<p>Cette d\u00e9marche, ou toute autre, sera longue et difficile car le syst\u00e8me en place est bien verrouill\u00e9 sous couvert d\u2019\u00e9tat de droit, de droits de l\u2019homme, et de toutes sortes de doctrines qui mettent en th\u00e9orie la priorit\u00e9 absolue sur la recherche personnelle du bonheur individuel, mais imposent en fait des modes de vie et de fonctionnement dits universels, mais con\u00e7us en r\u00e9alit\u00e9 pour assurer le maximum d\u2019avantages aux plus favoris\u00e9s financi\u00e8rement, comme le montre bien le respect tout relatif pour l\u2019expression du suffrage universel quand il ne correspond pas aux attentes des \u00e9lites dirigeantes.<\/p>\n<p>La forme la plus sournoise de ce verrouillage est l\u2019extension continue du domaine marchand. La privatisation du service public est d\u00e9j\u00e0 bien avanc\u00e9e, mais, surtout en France, celle du \u00ab\u00a0service public de solidarit\u00e9\u00a0\u00bb est encore pour l\u2019essentiel au stade de projet. L\u2019\u00e9lection \u00ab\u00a0pochette surprise\u00a0\u00bb d\u2019un pr\u00e9sident inattendu, dont le premier acte politique fort est de transformer l\u2019essentiel des salari\u00e9s du priv\u00e9 en \u00ab\u00a0journaliers\u00a0\u00bb est cependant une alerte plus que s\u00e9rieuse.<\/p>\n<p>La charit\u00e9 ne devrait pas se substituer \u00e0 la loi dans une soci\u00e9t\u00e9 la\u00efque et d\u00e9mocratique. Elle fonctionne aux \u00c9tats-Unis, c\u2019est vrai, et beaucoup mieux qu\u2019on ne le croit quand on n&rsquo;y vit pas, mais elle pose un probl\u00e8me de fond\u00a0: est-il digne de contraindre \u00e0 mendier pour \u00eatre secouru\u00a0? Ceux qui ne le pensent pas devraient se m\u00e9fier des r\u00e9formes destin\u00e9es \u00e0 faire entrer d\u00e9finitivement la France dans l\u2019\u00e8re du capitalisme financier fier d\u2019\u00eatre global pour \u00eatre plus insaisissable.<\/p>\n<\/div>\n<\/td>\n<\/tr>\n<\/tbody>\n<\/table>\n<\/div>\n<\/td>\n<\/tr>\n<\/tbody>\n<\/table>\n","protected":false},"excerpt":{"rendered":"<table border=\"0\" width=\"98%\" cellspacing=\"0\" cellpadding=\"0\">\n<tbody>\n<tr>\n<td bgcolor=\"#FFFFFF\" width=\"100%\">\n<div class=\"m_-496019966988972785xg_body\">\n<table width=\"100%\">\n<tbody>\n<tr>\n<td>\n<div class=\"m_-496019966988972785headline\">\n<blockquote>\n<p>Billet invit\u00e9. Ouvert aux commentaires.<\/p>\n<\/blockquote><\/div>\n<div class=\"m_-496019966988972785content\">\n<p>Les r\u00e9centes ordonnances portant reforme du droit du travail ont confirm\u00e9 que, comme il l\u2019est de plus en plus dans la plupart des pays du monde, le co\u00fbt [&hellip;]<\/p>\n<\/div>\n<\/td>\n<\/tr>\n<\/tbody>\n<\/table>\n<\/div>\n<\/td>\n<\/tr>\n<\/tbody>\n<\/table>\n","protected":false},"author":1,"featured_media":0,"comment_status":"open","ping_status":"closed","sticky":false,"template":"","format":"standard","meta":{"footnotes":""},"categories":[5027,5367,5547,102,5527,5318],"tags":[5546,4798,1548,1846,989,711],"class_list":["post-98682","post","type-post","status-publish","format-standard","hentry","category-capitalisme","category-gratuite","category-privatisation","category-travail","category-uberisation","category-ultraliberalisme","tag-code-du-travail","tag-loi-travail","tag-marchandisation","tag-publicite","tag-solidarite","tag-ultraliberalisme"],"_links":{"self":[{"href":"https:\/\/www.pauljorion.com\/blog\/wp-json\/wp\/v2\/posts\/98682","targetHints":{"allow":["GET"]}}],"collection":[{"href":"https:\/\/www.pauljorion.com\/blog\/wp-json\/wp\/v2\/posts"}],"about":[{"href":"https:\/\/www.pauljorion.com\/blog\/wp-json\/wp\/v2\/types\/post"}],"author":[{"embeddable":true,"href":"https:\/\/www.pauljorion.com\/blog\/wp-json\/wp\/v2\/users\/1"}],"replies":[{"embeddable":true,"href":"https:\/\/www.pauljorion.com\/blog\/wp-json\/wp\/v2\/comments?post=98682"}],"version-history":[{"count":1,"href":"https:\/\/www.pauljorion.com\/blog\/wp-json\/wp\/v2\/posts\/98682\/revisions"}],"predecessor-version":[{"id":98683,"href":"https:\/\/www.pauljorion.com\/blog\/wp-json\/wp\/v2\/posts\/98682\/revisions\/98683"}],"wp:attachment":[{"href":"https:\/\/www.pauljorion.com\/blog\/wp-json\/wp\/v2\/media?parent=98682"}],"wp:term":[{"taxonomy":"category","embeddable":true,"href":"https:\/\/www.pauljorion.com\/blog\/wp-json\/wp\/v2\/categories?post=98682"},{"taxonomy":"post_tag","embeddable":true,"href":"https:\/\/www.pauljorion.com\/blog\/wp-json\/wp\/v2\/tags?post=98682"}],"curies":[{"name":"wp","href":"https:\/\/api.w.org\/{rel}","templated":true}]}}