{"id":99634,"date":"2017-10-14T19:48:05","date_gmt":"2017-10-14T17:48:05","guid":{"rendered":"http:\/\/www.pauljorion.com\/blog\/?p=99634"},"modified":"2017-10-15T10:21:04","modified_gmt":"2017-10-15T08:21:04","slug":"je-vous-ecris-dun-pays-lointain-par-panagiotis-grigoriou","status":"publish","type":"post","link":"https:\/\/www.pauljorion.com\/blog\/2017\/10\/14\/je-vous-ecris-dun-pays-lointain-par-panagiotis-grigoriou\/","title":{"rendered":"Je vous \u00e9cris d&rsquo;un pays lointain, par Panagiotis Grigoriou"},"content":{"rendered":"<blockquote><p>Billet invit\u00e9. Aussi disponible sur son blog <a href=\"http:\/\/www.greekcrisis.fr\/2017\/10\/Fr0639.html\">www.greekcrisis.fr<\/a><\/p><\/blockquote>\n<div class=\"separator\"><a href=\"http:\/\/greek-crisis.org\/@photoS\/2017\/@FF\/2017101111.jpg\" target=\"_blank\" rel=\"gcbox(gcrisis) noopener\"><img decoding=\"async\" class=\"aligncenter\" src=\"http:\/\/greek-crisis.org\/@photoS\/2017\/@LQ\/2017101111.jpg\" alt=\"\" border=\"0\" \/><\/a><\/div>\n<p>\u201cJe vous \u00e9cris d&rsquo;un pays lointain. Je vous \u00e9cris d&rsquo;un pays autrefois clair\u201d. Phrases d\u2019Henri Michaux que le po\u00e8te Y\u00f3rgos Sef\u00e9ris note dans son journal personnel \u00e0 la date du 12 octobre 1946. Il avait bri\u00e8vement rencontr\u00e9 le po\u00e8te franco-belge, et il s\u2019\u00e9tait souvenu de sa prose. C\u2019est bien connu, toute po\u00e9sie n&rsquo;est pas forc\u00e9ment versifi\u00e9e&#8230; surtout dans un pays autrefois clair, et encore.<br \/>\n<a name=\"more\"><\/a><\/p>\n<p><!--more--><\/p>\n<table class=\"tr-caption-container\" cellspacing=\"0\" cellpadding=\"0\" align=\"center\">\n<tbody>\n<tr>\n<td><a href=\"http:\/\/greek-crisis.org\/@photoS\/2017\/@FF\/2017101134.jpg\" target=\"_blank\" rel=\"gcbox(gcrisis) noopener\"><img decoding=\"async\" class=\"aligncenter\" src=\"http:\/\/greek-crisis.org\/@photoS\/2017\/@LQ\/2017101134.jpg\" alt=\"\" border=\"0\" \/><\/a><\/td>\n<\/tr>\n<tr>\n<td class=\"tr-caption\" style=\"text-align: center;\">Le karaok\u00e9, Place de la Constitution. Ath\u00e8nes, octobre 2017<\/td>\n<\/tr>\n<\/tbody>\n<\/table>\n<p>Place de la dite \u201cConstitution\u201d, matins d\u2019octobre. \u00c0 la satisfaction g\u00e9n\u00e9rale le soleil domine et les temp\u00e9ratures remontent. Du moins, nous sommes loin de cet autre pays, autant \u00e9voqu\u00e9 par Henri Michaux, o\u00f9 \u201cnous n&rsquo;avons ici, qu&rsquo;un soleil par mois, et pour peu de temps\u201d. Maigre et cependant brillante consolation. Sur les plages d\u2019Attique il y a ceux qui se baignent toujours&#8230; corps, \u00e2mes et chiens. Beau temps. Toutes ces derni\u00e8res ann\u00e9es, nous avons eu de beaux octobres !<\/p>\n<p>Place de la Constitution, passages et passants, aux allures d\u2019une normalit\u00e9 apparente. Temps inexorable, employ\u00e9s au regard assombri, puis, l&rsquo;ind\u00e9boulonnable chanteur&#8230; d\u00e9lustr\u00e9, venu tout droit des ann\u00e9es soixante-dix. Pour survivre, il ne lui reste que son ultime karaok\u00e9 sur la place. R\u00e9pertoire d\u2019\u00e9poque, souvenirs sonores d\u2019un pays autrefois audible.<\/p>\n<p>Sur la terrasse d\u2019un des caf\u00e9s historiques de la place, deux hommes \u00e0 l\u2019\u00e2ge pas tout \u00e0 fait m\u00fbr, discutent en attendant l\u2019instant d\u2019un rendez-vous imminent. \u201cAlors, c\u2019est notre rendez-vous avec le Secr\u00e9taire g\u00e9n\u00e9ral du Minist\u00e8re. Tu vois, l\u2019affaire est presque conclue, nous obtiendrons enfin ce march\u00e9. Puis, avant la fin de l\u2019ann\u00e9e, il arrivera apr\u00e8s tant de retards successifs ce financement europ\u00e9en que nous attendions tous, au b\u00e9n\u00e9fice de l\u2019administration de la R\u00e9gion d\u2019Attique. Nous sommes \u00e9galement dans le coup. La semaine prochaine nous ferons notre tour chez les autres partis, essentiellement du c\u00f4t\u00e9 de la Nouvelle D\u00e9mocratie. Je suis de pr\u00e8s les nominations des futurs candidats aux prochaines l\u00e9gislatives, pour 2018 ou pour 2019 peu importe, pour peu que nous soyons toujours dans le coup&#8230;\u201d<\/p>\n<table class=\"tr-caption-container\" cellspacing=\"0\" cellpadding=\"0\" align=\"center\">\n<tbody>\n<tr>\n<td style=\"text-align: center;\"><a href=\"http:\/\/greek-crisis.org\/@photoS\/2017\/@FF\/2017101113.jpg\" target=\"_blank\" rel=\"gcbox(gcrisis) noopener\"><img decoding=\"async\" class=\"aligncenter\" src=\"http:\/\/greek-crisis.org\/@photoS\/2017\/@LQ\/2017101113.jpg\" alt=\"\" border=\"0\" \/><\/a><\/td>\n<\/tr>\n<tr>\n<td class=\"tr-caption\">Place de la Constitution, Evzones et touristes. Ath\u00e8nes, octobre 2017<\/td>\n<\/tr>\n<\/tbody>\n<\/table>\n<p>&nbsp;<\/p>\n<table class=\"tr-caption-container\" cellspacing=\"0\" cellpadding=\"0\" align=\"center\">\n<tbody>\n<tr>\n<td><a href=\"http:\/\/greek-crisis.org\/@photoS\/2017\/@FF\/2017101116.jpg\" target=\"_blank\" rel=\"gcbox(gcrisis) noopener\"><img decoding=\"async\" class=\"aligncenter\" src=\"http:\/\/greek-crisis.org\/@photoS\/2017\/@LQ\/2017101116.jpg\" alt=\"\" border=\"0\" \/><\/a><\/td>\n<\/tr>\n<tr>\n<td class=\"tr-caption\" style=\"text-align: center;\">\u201cF\u00eate populaire\u201d, Syndicat des ouvriers du b\u00e2timent. Ath\u00e8nes, octobre 2017<\/td>\n<\/tr>\n<\/tbody>\n<\/table>\n<p>&nbsp;<\/p>\n<table class=\"tr-caption-container\" cellspacing=\"0\" cellpadding=\"0\" align=\"center\">\n<tbody>\n<tr>\n<td><a href=\"http:\/\/greek-crisis.org\/@photoS\/2017\/@FF\/2017101121.jpg\" target=\"_blank\" rel=\"gcbox(gcrisis) noopener\"><img decoding=\"async\" class=\"aligncenter\" src=\"http:\/\/greek-crisis.org\/@photoS\/2017\/@LQ\/2017101121.jpg\" alt=\"\" border=\"0\" \/><\/a><\/td>\n<\/tr>\n<tr>\n<td class=\"tr-caption\" style=\"text-align: center;\">\u201cJamais de travail le Dimanche. Avoir droit au temps libre et \u00e0 la vie\u201d. Affiche syndicale, Ath\u00e8nes, octobre 2017<\/td>\n<\/tr>\n<\/tbody>\n<\/table>\n<p>Entrepreneurs de ce genre, suffisamment prot\u00e9g\u00e9s et protecteurs du syst\u00e8me client\u00e9liste des partis. Rien de nouveau dans un sens. Le contraire de la situation que conna\u00eet Dimitri, ami rencontr\u00e9 cette semaine, lui aussi entrepreneur dans la branche des technologies suppos\u00e9es nouvelles&#8230; mais \u201chors syst\u00e8me\u201d comme on dit parfois ici : \u201cJe ne m&rsquo;en sors plus. Hausse des cotisations, hausse des taxes&#8230; mes trois employ\u00e9s&#8230; mes clients qui ne payent pas. En septembre, j&rsquo;ai voyag\u00e9 en Afrique pour conclure un contrat de sous-traitance. Puis, Tsipras et les siens&#8230; j&rsquo;ai envie de les d\u00e9truire. Basta&#8230;\u201d<\/p>\n<p>La soci\u00e9t\u00e9 grecque se disloque. Il y a ceux qui&#8230; s\u2019amarrent \u00e0 une destin\u00e9e encore r\u00e9ellement existante, et tous les autres, ceux pour qui le futur n\u2019est visible qu\u2019\u00e0 travers une&#8230; gueule cass\u00e9e.<\/p>\n<p>\u201cQue pouvons-nous faire enfin pour r\u00e9sister? Nos manifestations ont \u00e9t\u00e9 bris\u00e9es sous les matraques de la Police, nos bulletins de vote ont \u00e9t\u00e9 trahis, ils ne servent et ils ne serviront plus \u00e0 rien pour changer la situation\u201d. Question pos\u00e9e en direct par un auditeur au journaliste L\u00e1mbros Kalarrytis et \u00e0 la radio 90.1 de la bande FM, au soir du 11 octobre 2017. Le journaliste sans trop y croire et visiblement g\u00ean\u00e9, a voulu minimiser ces propos sur l\u2019insignifiance patente et prouv\u00e9e des \u00e9lections. L\u2019auditeur a finalement conclu&#8230; tout seul : \u201cIl faut que le sang coule ; en Gr\u00e8ce, mais aussi partout en Europe pour que la situation change. Sinon, ceux qui nous contr\u00f4lent ne l\u00e2cheront pas, c&rsquo;est tout\u201d. \u201cBonne soir\u00e9e Monsieur, je vous remercie&#8230;\u201d<\/p>\n<p>Vies grecques parall\u00e8les, semblables, voire, asymptotes. Les salari\u00e9s du pays autrefois clair sont et seront&#8230; en cette fin infinie de droits, tandis que les retrait\u00e9s scrutent faute de mieux, l\u2019arriv\u00e9e des bateaux aux ports de l\u2019Attique, tout comme la prochaine diminution du montant de leur pension. Beau pays, disons clair, aux nombreux visiteurs et aux baigneurs d\u2019octobre !<\/p>\n<table class=\"tr-caption-container\" cellspacing=\"0\" cellpadding=\"0\" align=\"center\">\n<tbody>\n<tr>\n<td style=\"text-align: center;\"><a href=\"http:\/\/greek-crisis.org\/@photoS\/2017\/@FF\/2017101112.jpg\" target=\"_blank\" rel=\"gcbox(gcrisis) noopener\"><img decoding=\"async\" class=\"aligncenter\" src=\"http:\/\/greek-crisis.org\/@photoS\/2017\/@LQ\/2017101112.jpg\" alt=\"\" border=\"0\" \/><\/a><\/td>\n<\/tr>\n<tr>\n<td class=\"tr-caption\" style=\"text-align: center;\">Sur un port d&rsquo;Attique. Octobre 2017<\/td>\n<\/tr>\n<\/tbody>\n<\/table>\n<p>&nbsp;<\/p>\n<table class=\"tr-caption-container\" cellspacing=\"0\" cellpadding=\"0\" align=\"center\">\n<tbody>\n<tr>\n<td><a href=\"http:\/\/greek-crisis.org\/@photoS\/2017\/@FF\/2017101127.jpg\" target=\"_blank\" rel=\"gcbox(gcrisis) noopener\"><img decoding=\"async\" class=\"aligncenter\" src=\"http:\/\/greek-crisis.org\/@photoS\/2017\/@LQ\/2017101127.jpg\" alt=\"\" border=\"0\" \/><\/a><\/td>\n<\/tr>\n<tr>\n<td class=\"tr-caption\" style=\"text-align: center;\">Baignades du moment. En Attique, octobre 2017<\/td>\n<\/tr>\n<\/tbody>\n<\/table>\n<p>&nbsp;<\/p>\n<table class=\"tr-caption-container\" cellspacing=\"0\" cellpadding=\"0\" align=\"center\">\n<tbody>\n<tr>\n<td><a href=\"http:\/\/greek-crisis.org\/@photoS\/2017\/@FF\/2017101128.jpg\" target=\"_blank\" rel=\"gcbox(gcrisis) noopener\"><img decoding=\"async\" class=\"aligncenter\" src=\"http:\/\/greek-crisis.org\/@photoS\/2017\/@LQ\/2017101128.jpg\" alt=\"\" border=\"0\" \/><\/a><\/td>\n<\/tr>\n<tr>\n<td class=\"tr-caption\" style=\"text-align: center;\">Plage d&rsquo;Attique. Octobre 2017<\/td>\n<\/tr>\n<\/tbody>\n<\/table>\n<p>&nbsp;<\/p>\n<table class=\"tr-caption-container\" cellspacing=\"0\" cellpadding=\"0\" align=\"center\">\n<tbody>\n<tr>\n<td><a href=\"http:\/\/greek-crisis.org\/@photoS\/2017\/@FF\/2017101115.jpg\" target=\"_blank\" rel=\"gcbox(gcrisis) noopener\"><img decoding=\"async\" class=\"aligncenter\" src=\"http:\/\/greek-crisis.org\/@photoS\/2017\/@LQ\/2017101115.jpg\" alt=\"\" border=\"0\" \/><\/a><\/td>\n<\/tr>\n<tr>\n<td class=\"tr-caption\" style=\"text-align: center;\">\u201cPa(s)gratis\u201d&#8230; Boutique. Ath\u00e8nes, octobre 2017<\/td>\n<\/tr>\n<\/tbody>\n<\/table>\n<p>&nbsp;<\/p>\n<table class=\"tr-caption-container\" cellspacing=\"0\" cellpadding=\"0\" align=\"center\">\n<tbody>\n<tr>\n<td><a href=\"http:\/\/greek-crisis.org\/@photoS\/2017\/@FF\/2017101114.jpg\" target=\"_blank\" rel=\"gcbox(gcrisis) noopener\"><img decoding=\"async\" class=\"aligncenter\" src=\"http:\/\/greek-crisis.org\/@photoS\/2017\/@LQ\/2017101114.jpg\" alt=\"\" border=\"0\" \/><\/a><\/td>\n<\/tr>\n<tr>\n<td class=\"tr-caption\" style=\"text-align: center;\">Dispute&#8230; politique. Ath\u00e8nes, octobre 2017<\/td>\n<\/tr>\n<\/tbody>\n<\/table>\n<p>Place de la dite \u201cConstitution\u201d, matins d\u2019octobre. \u00c0 la satisfaction g\u00e9n\u00e9rale des visiteurs, la Garde R\u00e9publicaine Evzone vieille sur les lieux et notamment sur le monument du Soldat inconnu. En ce 12 octobre 2017, la presse, comme les officiels, a comm\u00e9mor\u00e9 la lib\u00e9ration d\u2019Ath\u00e8nes, jour de d\u00e9part de l\u2019Arm\u00e9e allemande.<\/p>\n<p>\u201cPlace de la Constitution, le G\u00e9n\u00e9ral de l&rsquo;Arm\u00e9e de l&rsquo;air et commandant des forces militaires allemandes en Gr\u00e8ce, Hellmuth Felmy\u201d, \u201cne se sentait pas du tout \u00e0 l&rsquo;aise. Le silence de la foule \u00e9tait terrifiant. Cela ressemblait \u00e0 ce calme bien connu, avant qu&rsquo;une temp\u00eate n&rsquo;\u00e9clate. Les 1.625 jours d&rsquo;occupation, de famine, de meurtres, de vols, de tortures, de viols, se briseraient alors d\u2019une minute \u00e0 l\u2019autre. M\u00eame si ses soldats encore arm\u00e9s autour du G\u00e9n\u00e9ral avaient comme pr\u00e9vu form\u00e9 un anneau de protection. En cas d\u2019attaque de la foule, rien n\u2019aurait pu le sauver.\u201d<\/p>\n<p>\u201cLe temps s&rsquo;est alors fig\u00e9. La foule s\u2019est immobilis\u00e9e. Tout le monde regardait le commandant allemand traverser la route accompagn\u00e9 par deux soldats. Il n&rsquo;\u00e9tait plus aussi fier, ni aussi arrogant qu\u2019avant, tel qu\u2019il apparaissait par exemple quotidiennement durant tous ces jours de la sombre occupation. (&#8230;) Il a franchi les marches du monument du Soldat inconnu. Il a salu\u00e9 les militaires et il a cri\u00e9 devant le maire d\u2019Ath\u00e8nes, essentiellement pour se faire entendre par la foule :<\/p>\n<p>\u201c-J&rsquo;ai l&rsquo;honneur d&rsquo;annoncer que l&rsquo;Arm\u00e9e allemande a d\u00e9clar\u00e9 Ath\u00e8nes, \u2018ville ouverte\u2019. Le retrait des troupes allemandes de la ville d&rsquo;Ath\u00e8nes a commenc\u00e9. (&#8230;) Aussit\u00f4t, la foule s\u2019est pr\u00e9cipit\u00e9e devant le monument pour pi\u00e9tiner avec rage la couronne d\u00e9pos\u00e9e par Hellmuth Felmy,\u201d hebdomadaire politique \u201cTo Pont\u00edki\u201d, le 12 octobre 2017.<\/p>\n<table class=\"tr-caption-container\" cellspacing=\"0\" cellpadding=\"0\" align=\"center\">\n<tbody>\n<tr>\n<td><a href=\"http:\/\/greek-crisis.org\/@photoS\/xTRA\/@FF\/2017101155.jpg\" target=\"_blank\" rel=\"gcbox(gcrisis) noopener\"><img decoding=\"async\" class=\"aligncenter\" src=\"http:\/\/greek-crisis.org\/@photoS\/xTRA\/@LQ\/2017101155.jpg\" alt=\"\" border=\"0\" \/><\/a><\/td>\n<\/tr>\n<tr>\n<td class=\"tr-caption\" style=\"text-align: center;\">Lib\u00e9ration d&rsquo;Ath\u00e8nes, le 12 octobre 1944. Presse grecque<\/td>\n<\/tr>\n<\/tbody>\n<\/table>\n<p>&nbsp;<\/p>\n<table class=\"tr-caption-container\" cellspacing=\"0\" cellpadding=\"0\" align=\"center\">\n<tbody>\n<tr>\n<td><a href=\"http:\/\/greek-crisis.org\/@photoS\/2017\/@FF\/2017101132.jpg\" target=\"_blank\" rel=\"gcbox(gcrisis) noopener\"><img decoding=\"async\" class=\"aligncenter\" src=\"http:\/\/greek-crisis.org\/@photoS\/2017\/@LQ\/2017101132.jpg\" alt=\"\" border=\"0\" \/><\/a><\/td>\n<\/tr>\n<tr>\n<td class=\"tr-caption\" style=\"text-align: center;\">Port de Raf\u00edna en Attique. Octobre 2017<\/td>\n<\/tr>\n<\/tbody>\n<\/table>\n<p>&nbsp;<\/p>\n<table class=\"tr-caption-container\" cellspacing=\"0\" cellpadding=\"0\" align=\"center\">\n<tbody>\n<tr>\n<td><a href=\"http:\/\/greek-crisis.org\/@photoS\/2017\/@FF\/2017101131.jpg\" target=\"_blank\" rel=\"gcbox(gcrisis) noopener\"><img decoding=\"async\" class=\"aligncenter\" src=\"http:\/\/greek-crisis.org\/@photoS\/2017\/@LQ\/2017101131.jpg\" alt=\"\" border=\"0\" \/><\/a><\/td>\n<\/tr>\n<tr>\n<td class=\"tr-caption\" style=\"text-align: center;\">La tombe du po\u00e8te Kost\u00eds Palamas. Octobre 2017<\/td>\n<\/tr>\n<\/tbody>\n<\/table>\n<p>&nbsp;<\/p>\n<table class=\"tr-caption-container\" cellspacing=\"0\" cellpadding=\"0\" align=\"center\">\n<tbody>\n<tr>\n<td><a href=\"http:\/\/greek-crisis.org\/@photoS\/2017\/@FF\/2017101122.jpg\" target=\"_blank\" rel=\"gcbox(gcrisis) noopener\"><img decoding=\"async\" class=\"aligncenter\" src=\"http:\/\/greek-crisis.org\/@photoS\/2017\/@LQ\/2017101122.jpg\" alt=\"\" border=\"0\" \/><\/a><\/td>\n<\/tr>\n<tr>\n<td class=\"tr-caption\" style=\"text-align: center;\">Expression grecque ! Ath\u00e8nes, octobre 2017<\/td>\n<\/tr>\n<\/tbody>\n<\/table>\n<p>Signe des temps peut-\u00eatre, le drapeau grec est toujours plant\u00e9 sur la tombe du po\u00e8te national Kost\u00eds Palam\u00e1s (1859-1943), consid\u00e9r\u00e9 comme le plus important de sa g\u00e9n\u00e9ration, il fut m\u00eame propos\u00e9 pour le Prix Nobel de litt\u00e9rature en 1939. Le 27 f\u00e9vrier 1943, les fun\u00e9railles de Palam\u00e1s donnent lieu \u00e0 un poignant appel \u00e0 la r\u00e9sistance par le po\u00e8te \u00c1ngelos Sikelian\u00f3s, par l&rsquo;archev\u00eaque d&rsquo;Ath\u00e8nes, Damaskin\u00f3s, et par la foule immense qui reprend en ch\u0153ur l&rsquo;hymne national.<\/p>\n<p>Je vous \u00e9cris donc d&rsquo;un pays lointain, autrefois clair, et toutefois encore vivant. Lorsque la romanci\u00e8re Rh\u00e9a Galanaki a pr\u00e9sent\u00e9 dans un caf\u00e9 ath\u00e9nien devant un petit public formidable, attentif et \u00e9mu, compos\u00e9 de lectrices et lecteurs venus de France, son dernier (beau) roman initiatique qu\u2019est \u201cL&rsquo;Ultime Humiliation\u201d , r\u00e9cit saisissant et ambitieux sur la \u201ccrise\u201d, interrogeant ainsi l\u2019identit\u00e9 et la destin\u00e9e de la Gr\u00e8ce contemporaine, il s\u2019\u00e9tait aussi pass\u00e9 quelque chose.<\/p>\n<p>Sauf que l\u2019\u00e9diteur fran\u00e7ais du roman se trouve en faillite, Rh\u00e9a nous rassure pourtant : \u201cBient\u00f4t, un autre \u00e9diteur, lequel vient d&rsquo;acqu\u00e9rir les droits en langue fran\u00e7aise r\u00e9\u00e9ditera le livre. Il ne sera pas perdu.\u201d<\/p>\n<table class=\"tr-caption-container\" cellspacing=\"0\" cellpadding=\"0\" align=\"center\">\n<tbody>\n<tr>\n<td><a href=\"http:\/\/greek-crisis.org\/@photoS\/2017\/@FF\/2017101119.jpg\" target=\"_blank\" rel=\"gcbox(gcrisis) noopener\"><img decoding=\"async\" class=\"aligncenter\" src=\"http:\/\/greek-crisis.org\/@photoS\/2017\/@LQ\/2017101119.jpg\" alt=\"\" border=\"0\" \/><\/a><\/td>\n<\/tr>\n<tr>\n<td class=\"tr-caption\" style=\"text-align: center;\">Rh\u00e9a Galanaki (\u00e0 droite). Ath\u00e8nes, octobre 2017<\/td>\n<\/tr>\n<\/tbody>\n<\/table>\n<p>&nbsp;<\/p>\n<table class=\"tr-caption-container\" cellspacing=\"0\" cellpadding=\"0\" align=\"center\">\n<tbody>\n<tr>\n<td><a href=\"http:\/\/greek-crisis.org\/@photoS\/2017\/@FF\/2017101118.jpg\" target=\"_blank\" rel=\"gcbox(gcrisis) noopener\"><img decoding=\"async\" class=\"aligncenter\" src=\"http:\/\/greek-crisis.org\/@photoS\/2017\/@LQ\/2017101118.jpg\" alt=\"\" border=\"0\" \/><\/a><\/td>\n<\/tr>\n<tr>\n<td class=\"tr-caption\" style=\"text-align: center;\">\u201cL&rsquo;Ultime Humiliation\u201d. Ath\u00e8nes, octobre 2017<\/td>\n<\/tr>\n<\/tbody>\n<\/table>\n<p>&nbsp;<\/p>\n<table class=\"tr-caption-container\" cellspacing=\"0\" cellpadding=\"0\" align=\"center\">\n<tbody>\n<tr>\n<td style=\"text-align: center;\"><a href=\"http:\/\/greek-crisis.org\/@photoS\/2017\/@FF\/2017101117.jpg\" target=\"_blank\" rel=\"gcbox(gcrisis) noopener\"><img decoding=\"async\" src=\"http:\/\/greek-crisis.org\/@photoS\/2017\/@LQ\/2017101117.jpg\" alt=\"\" border=\"0\" \/><\/a><\/td>\n<\/tr>\n<tr>\n<td class=\"tr-caption\" style=\"text-align: center;\">Interrogeant ainsi&#8230; l\u2019identit\u00e9 et la destin\u00e9e de la Gr\u00e8ce contemporaine ! Ath\u00e8nes, octobre 2017<\/td>\n<\/tr>\n<\/tbody>\n<\/table>\n<p>L\u2019histoire comme on dit, s\u2019acc\u00e9l\u00e8re, les destins se figent, peut-\u00eatre pour un temps seulement, et les mentalit\u00e9s quant \u00e0 elles, alors d\u00e9campent. Jusqu\u2019en 2015, et jusqu\u2019au referendum du \u2018Non\u2019 en juillet, les Grecs croyaient que par une certaine solution du type \u201cmiracle politique\u201d, ils allaient retrouver le chemin de leur pseudo-paradis perdu de l\u2019avant-crise. Deux partis, SYRIZA et ANEL, issus du front commun des luttes contre le M\u00e9morandum et contre la Tro\u00efka ont \u00e9t\u00e9 port\u00e9s au (suppos\u00e9) pouvoir.<\/p>\n<p>Ces partis, leurs hommes et leurs femmes, n\u2019ont propos\u00e9 que de paroles, paroles et slogans alors sans v\u00e9ritable programme alternatif, prononc\u00e9s sans y croire, et de ce fait sans lendemain. Et ces gens ont pouss\u00e9 le bouchon de la trahison et du cynisme jusqu\u2019\u00e0&#8230; enclore les Grecs dans le flacon de l\u2019immobilisme. Le choc, mais aussi une certaine sagesse vers laquelle il les conduira&#8230; ce flacon, sont toujours immenses. La nouvelle situation (le m\u00e9morandum Tsipras entre autres), semble \u00eatre accept\u00e9 faute d\u2019autre perspective. Et alors, ceux qui ne peuvent plus supporter cette nouvelle r\u00e9alit\u00e9 depuis 2015, s\u2019\u00e9vadent du pays, soit par un exil \u00e0 l\u2019\u00e9tranger, soit par un exil dit \u201cen interne\u201d.<\/p>\n<p>Paup\u00e9ris\u00e9s (ou pas), ces anachor\u00e8tes nouveaux, iront ainsi retrouver leur village natal loin des villes, ils vont se r\u00e9fugier au sein de leurs amis \u00e0 la mani\u00e8re des groupes primaires combattants, qui les structurent autant \u00e0 travers un m\u00e9canisme d&rsquo;identification, de comp\u00e9tition et de miroir. Ils iront enfin s\u2019accrocher \u00e0 l\u2019Orthodoxie, \u00e0 la tradition populaire, entre autres formes de \u201cd\u00e9part\u201d, \u00e0 la musique de Reb\u00e9tiko .<\/p>\n<p>C\u2019est la fin de la politique, ou plut\u00f4t de son illusion, entretenue encore co\u00fbte que co\u00fbte par les marionnettes parlementaires (et locales), et autant, par la&#8230; matrixicit\u00e9 m\u00e9diatique.<\/p>\n<table class=\"tr-caption-container\" cellspacing=\"0\" cellpadding=\"0\" align=\"center\">\n<tbody>\n<tr>\n<td><a href=\"http:\/\/greek-crisis.org\/@photoS\/2017\/@FF\/2017101123.jpg\" target=\"_blank\" rel=\"gcbox(gcrisis) noopener\"><img decoding=\"async\" class=\"aligncenter\" src=\"http:\/\/greek-crisis.org\/@photoS\/2017\/@LQ\/2017101123.jpg\" alt=\"\" border=\"0\" \/><\/a><\/td>\n<\/tr>\n<tr>\n<td class=\"tr-caption\" style=\"text-align: center;\">\u201cG\u00e9n\u00e9ration du Chaos\u201d. Ath\u00e8nes, octobre 2017<\/td>\n<\/tr>\n<\/tbody>\n<\/table>\n<p>&nbsp;<\/p>\n<table class=\"tr-caption-container\" cellspacing=\"0\" cellpadding=\"0\" align=\"center\">\n<tbody>\n<tr>\n<td><a href=\"http:\/\/greek-crisis.org\/@photoS\/2017\/@FF\/2017101124.jpg\" target=\"_blank\" rel=\"gcbox(gcrisis) noopener\"><img decoding=\"async\" class=\"aligncenter\" src=\"http:\/\/greek-crisis.org\/@photoS\/2017\/@LQ\/2017101124.jpg\" alt=\"\" border=\"0\" \/><\/a><\/td>\n<\/tr>\n<tr>\n<td class=\"tr-caption\" style=\"text-align: center;\">Local \u00e0 louer. Ath\u00e8nes, octobre 2017<\/td>\n<\/tr>\n<\/tbody>\n<\/table>\n<p>&nbsp;<\/p>\n<table class=\"tr-caption-container\" cellspacing=\"0\" cellpadding=\"0\" align=\"center\">\n<tbody>\n<tr>\n<td><a href=\"http:\/\/greek-crisis.org\/@photoS\/2017\/@FF\/2017101120.jpg\" target=\"_blank\" rel=\"gcbox(gcrisis) noopener\"><img decoding=\"async\" class=\"aligncenter\" src=\"http:\/\/greek-crisis.org\/@photoS\/2017\/@LQ\/2017101120.jpg\" alt=\"\" border=\"0\" \/><\/a><\/td>\n<\/tr>\n<tr>\n<td class=\"tr-caption\" style=\"text-align: center;\">Expression murale. Ath\u00e8nes, octobre 2017<\/td>\n<\/tr>\n<\/tbody>\n<\/table>\n<p>Mon ami K., enseignant, se comptait tr\u00e8s volontiers pr\u00e9sent \u00e0 tous les mouvements et \u00e9v\u00e9nements (esp\u00e9r\u00e9s) politiques, depuis 2010. Et \u00e0 pr\u00e9sent, il se dirige vers l\u2019\u00c9glise. \u201cL\u2019\u00c9glise, c\u2019est le radeau de sauvetage le mieux accessible qu\u2019il soit. Il faut alors y voir plus pr\u00e8s, faute de mieux pour l\u2019instant. Je visite un monast\u00e8re par semaine et parfois, j\u2019y reste un peu plus longtemps, durant les p\u00e9riodes des vacances scolaires par exemple. Depuis l\u2019affaire SYRIZA de l\u2019\u00e9t\u00e9 2015, l\u2019attrait pour les monast\u00e8res s\u2019est consid\u00e9rablement renforc\u00e9.\u201d<\/p>\n<p>\u201cIl y a presque toujours la queue&#8230; \u00e0 l\u2019entr\u00e9e. Quelquefois j\u2019y suis h\u00e9berg\u00e9, accompagn\u00e9 de mon \u00e9pouse et des enfants. Nous discutons avec les moines, nous nous apaisons ainsi de l\u2019hybris de l\u2019actualit\u00e9, et nous en sortons&#8230; purifi\u00e9s. Notre ami M. qui est souvent de la partie, l\u2019autre jour, a voulu revenir sur la question de l\u2019homme de la situation, de l\u2019homme juste, de l\u2019homme d\u00e9termin\u00e9 \u00e0 prendre le pouvoir en Gr\u00e8ce pour mettre fin \u00e0 cette d\u00e9cadence et autant trahison du r\u00e9gime d\u00e9mocratique, en attendant esp\u00e9rons-le, son renouveau. Tu sais, cette question que de tr\u00e8s nombreux Grecs posent et se posent depuis 2015.\u201d<\/p>\n<p>\u201cL\u2019higoum\u00e8ne (abb\u00e9 de monast\u00e8res orthodoxes) alors lui r\u00e9pond : \u2018C\u2019est encore une illusion. L\u2019homme providentiel, juste, bon et fort, ne pourra pas appara\u00eetre sous les conditions actuelles. Puis, un seul homme, aussi intelligent et habile qu\u2019il soit, il sera rapidement \u00e9limin\u00e9 ou aval\u00e9 par le syst\u00e8me. Pour l\u2019instant, nous devons tous, d\u2019en bas, nous organiser et agir \u00e0 peu pr\u00e8s comme durant la p\u00e9riode de l\u2019occupation ottomane. Autrement-dit, organiser des cours de langue gratuits et accessibles \u00e0 tous, de notre langue \u00e9videmment qu\u2019il va falloir d\u00e9sormais pr\u00e9server, puis, de notre histoire, si malmen\u00e9e d\u00e9sormais \u00e0 l\u2019\u00e9cole officielle. Les paroisses devraient aussi agir dans ce sens.\u00a0\u00bb<\/p>\n<table class=\"tr-caption-container\" cellspacing=\"0\" cellpadding=\"0\" align=\"center\">\n<tbody>\n<tr>\n<td><a href=\"http:\/\/greek-crisis.org\/@photoS\/2017\/@FF\/2017101125.jpg\" target=\"_blank\" rel=\"gcbox(gcrisis) noopener\"><img decoding=\"async\" class=\"aligncenter\" src=\"http:\/\/greek-crisis.org\/@photoS\/2017\/@LQ\/2017101125.jpg\" alt=\"\" border=\"0\" \/><\/a><\/td>\n<\/tr>\n<tr>\n<td class=\"tr-caption\" style=\"text-align: center;\">\u201cHomme attrayant cherche femme attrayante&#8230;\u201d. Ath\u00e8nes, octobre 2017<\/td>\n<\/tr>\n<\/tbody>\n<\/table>\n<p>&nbsp;<\/p>\n<table class=\"tr-caption-container\" cellspacing=\"0\" cellpadding=\"0\" align=\"center\">\n<tbody>\n<tr>\n<td><a href=\"http:\/\/greek-crisis.org\/@photoS\/2017\/@FF\/2017101130.jpg\" target=\"_blank\" rel=\"gcbox(gcrisis) noopener\"><img decoding=\"async\" class=\"aligncenter\" src=\"http:\/\/greek-crisis.org\/@photoS\/2017\/@LQ\/2017101130.jpg\" alt=\"\" border=\"0\" \/><\/a><\/td>\n<\/tr>\n<tr>\n<td class=\"tr-caption\" style=\"text-align: center;\">Les visiteurs et le ferry. Port de Raf\u00edna, octobre 2017<\/td>\n<\/tr>\n<\/tbody>\n<\/table>\n<p>&nbsp;<\/p>\n<table class=\"tr-caption-container\" cellspacing=\"0\" cellpadding=\"0\" align=\"center\">\n<tbody>\n<tr>\n<td><a href=\"http:\/\/greek-crisis.org\/@photoS\/2017\/@FF\/2017101129.jpg\" target=\"_blank\" rel=\"gcbox(gcrisis) noopener\"><img decoding=\"async\" class=\"aligncenter\" src=\"http:\/\/greek-crisis.org\/@photoS\/2017\/@LQ\/2017101129.jpg\" alt=\"\" border=\"0\" \/><\/a><\/td>\n<\/tr>\n<tr>\n<td class=\"tr-caption\" style=\"text-align: center;\">Mentalit\u00e9s toujours. Port de Raf\u00edna, octobre 2017<\/td>\n<\/tr>\n<\/tbody>\n<\/table>\n<p>&nbsp;<\/p>\n<table class=\"tr-caption-container\" cellspacing=\"0\" cellpadding=\"0\" align=\"center\">\n<tbody>\n<tr>\n<td><a href=\"http:\/\/greek-crisis.org\/@photoS\/2017\/@FF\/2017101126.jpg\" target=\"_blank\" rel=\"gcbox(gcrisis) noopener\"><img decoding=\"async\" class=\"aligncenter\" src=\"http:\/\/greek-crisis.org\/@photoS\/2017\/@LQ\/2017101126.jpg\" alt=\"\" border=\"0\" \/><\/a><\/td>\n<\/tr>\n<tr>\n<td class=\"tr-caption\" style=\"text-align: center;\">Sphinx et&#8230; chat. Tombe de Michael Tositsas. Ath\u00e8nes, octobre 2017<\/td>\n<\/tr>\n<\/tbody>\n<\/table>\n<p>\u201cTu vois peut-\u00eatre. Je me suis d\u00e9sabonn\u00e9 entre-temps des nouvelles via Internet, celles des mouvements du type Plan-B, Unit\u00e9 Populaire et consorts, ils ont fait leur temps&#8230; et nous avons suffisamment perdu notre temps et notre \u00e9nergie avec eux&#8230; et il faut le dire en vain. Nous avions en r\u00e9alit\u00e9 accord\u00e9 trop d\u2019importance \u00e0 ces gens, tout comme les autres Grecs \u00e0 ceux de droite, nous devons ainsi d\u00e9sormais avancer dans la compr\u00e9hension profonde de notre monde et aussi peut-\u00eatre de leur monde, avant de pouvoir nous organiser et agir enfin efficacement. Sauf que nous avons besoin du moins&#8230; d\u2019une petite gamelle remplie par jour, je le reconnais, ce n\u2019est plus \u00e0 la port\u00e9e de tous dans ce pays.\u201d<\/p>\n<p>Mentalit\u00e9s alors galopantes. Mon ami transform\u00e9 ! 2015, c\u2019est loin, tr\u00e8s loin derri\u00e8re nous. Grandes et parfois petites annonces au pays autrefois clair : \u201cHomme attrayant cherche femme attrayante, \u00e2g\u00e9e de 40 ans maximum. J&rsquo;offre l&rsquo;h\u00e9bergement gratuit dans un loft. Monsieur Vang\u00e9lis 38 ans, je gagne 1.500\u20ac par mois, t\u00e9l\u00e9phone&#8230;\u201d, ce n\u2019est pourtant pas le couvent ! Strat\u00e9gies de vie comme de survie.<\/p>\n<p>Les retrait\u00e9s et les visiteurs scrutent en attendant, l\u2019arriv\u00e9e des bateaux aux ports de l\u2019Attique. Touristes qui restent parfois allong\u00e9s sur les quais durant un long moment, mentalit\u00e9s toujours. Place de la Constitution, passages et passants, toujours aux allures d\u2019une normalit\u00e9 apparente. De m\u00eame on dirait que du c\u00f4t\u00e9 du cimeti\u00e8re des illustres, entre&#8230; Sphinx et&#8230; chats, sur le s\u00e9pulcre par exemple de Michael Tositsas , homme d\u2019il y a deux si\u00e8cles d\u00e9j\u00e0, homme autrefois riche, autrefois cultiv\u00e9 et autrefois puissant.<\/p>\n<table class=\"tr-caption-container\" cellspacing=\"0\" cellpadding=\"0\" align=\"center\">\n<tbody>\n<tr>\n<td><a href=\"http:\/\/greek-crisis.org\/@photoS\/2017\/@FF\/2017101135.jpg\" target=\"_blank\" rel=\"gcbox(gcrisis) noopener\"><img decoding=\"async\" class=\"aligncenter\" src=\"http:\/\/greek-crisis.org\/@photoS\/2017\/@LQ\/2017101135.jpg\" alt=\"\" border=\"0\" \/><\/a><\/td>\n<\/tr>\n<tr>\n<td class=\"tr-caption\" style=\"text-align: center;\">Sous l&rsquo;Acropole. Quartier de la Pl\u00e1ka, Ath\u00e8nes, octobre 2017<\/td>\n<\/tr>\n<\/tbody>\n<\/table>\n<p>&nbsp;<\/p>\n<table class=\"tr-caption-container\" cellspacing=\"0\" cellpadding=\"0\" align=\"center\">\n<tbody>\n<tr>\n<td><a href=\"http:\/\/greek-crisis.org\/@photoS\/2017\/@FF\/2017101133.jpg\" target=\"_blank\" rel=\"gcbox(gcrisis) noopener\"><img decoding=\"async\" class=\"aligncenter\" src=\"http:\/\/greek-crisis.org\/@photoS\/2017\/@LQ\/2017101133.jpg\" alt=\"\" border=\"0\" \/><\/a><\/td>\n<\/tr>\n<tr>\n<td class=\"tr-caption\" style=\"text-align: center;\">Herm\u00e8s&#8230; de \u2018Greek Crisis\u2019. Ath\u00e8nes, octobre 2017<\/td>\n<\/tr>\n<\/tbody>\n<\/table>\n<p>Je vous \u00e9cris d&rsquo;un pays lointain. Je vous \u00e9cris d&rsquo;un pays parfois clair. Comme pour les deux chats de \u2018Greek Crisis\u2019, Mimi, la grande, et Herm\u00e8s, le petit. C\u2019est bien connu, toute po\u00e9sie n&rsquo;est pas forc\u00e9ment versifi\u00e9e&#8230;<\/p>\n<table class=\"tr-caption-container\" cellspacing=\"0\" cellpadding=\"0\" align=\"center\">\n<tbody>\n<tr>\n<td><a href=\"http:\/\/greek-crisis.org\/@photoS\/2017\/@FF\/2017101136.jpg\" target=\"_blank\" rel=\"gcbox(gcrisis) noopener\"><img decoding=\"async\" class=\"aligncenter\" src=\"http:\/\/greek-crisis.org\/@photoS\/2017\/@LQ\/2017101136.jpg\" alt=\"\" border=\"0\" \/><\/a><\/td>\n<\/tr>\n<div style=\"width: 700px;\" class=\"wp-video\"><video class=\"wp-video-shortcode\" id=\"video-99634-1\" width=\"700\" height=\"394\" preload=\"metadata\" controls=\"controls\"><source type=\"video\/mp4\" src=\"http:\/\/www.pauljorion.com\/blog\/wp-content\/uploads\/Mimi_Hermes_2017_10_13.mp4?_=1\" \/><a href=\"http:\/\/www.pauljorion.com\/blog\/wp-content\/uploads\/Mimi_Hermes_2017_10_13.mp4\">http:\/\/www.pauljorion.com\/blog\/wp-content\/uploads\/Mimi_Hermes_2017_10_13.mp4<\/a><\/video><\/div>\n<tr>\n<td class=\"tr-caption\" style=\"text-align: center;\">Mimi et Herm\u00e8s, chats de &lsquo;Greek Crisis&rsquo;. Ath\u00e8nes, octobre 2017<\/td>\n<\/tr>\n<\/tbody>\n<\/table>\n<div>\n<p>* Photo de couverture: \u2018Je vous \u00e9cris d&rsquo;un pays lointain\u2019. Garde Evzone, Ath\u00e8nes, octobre 2017<\/p><\/div>\n","protected":false},"excerpt":{"rendered":"<blockquote>\n<p>Billet invit\u00e9. Aussi disponible sur son blog <a href=\"http:\/\/www.greekcrisis.fr\/2017\/10\/Fr0639.html\">www.greekcrisis.fr<\/a><\/p>\n<\/blockquote>\n<div class=\"separator\"><a href=\"http:\/\/greek-crisis.org\/@photoS\/2017\/@FF\/2017101111.jpg\" target=\"_blank\" rel=\"gcbox(gcrisis) noopener\"><img decoding=\"async\" class=\"aligncenter\" src=\"http:\/\/greek-crisis.org\/@photoS\/2017\/@LQ\/2017101111.jpg\" alt=\"\" border=\"0\" \/><\/a><\/div>\n<p>\u201cJe vous \u00e9cris d&rsquo;un pays lointain. Je vous \u00e9cris d&rsquo;un pays autrefois clair\u201d. Phrases d\u2019Henri Michaux que le po\u00e8te Y\u00f3rgos Sef\u00e9ris note dans son journal personnel \u00e0 la date du 12 octobre 1946. Il avait [&hellip;]<\/p>\n","protected":false},"author":38,"featured_media":0,"comment_status":"closed","ping_status":"closed","sticky":false,"template":"","format":"standard","meta":{"footnotes":""},"categories":[5256],"tags":[160],"class_list":["post-99634","post","type-post","status-publish","format-standard","hentry","category-grece","tag-grece"],"_links":{"self":[{"href":"https:\/\/www.pauljorion.com\/blog\/wp-json\/wp\/v2\/posts\/99634","targetHints":{"allow":["GET"]}}],"collection":[{"href":"https:\/\/www.pauljorion.com\/blog\/wp-json\/wp\/v2\/posts"}],"about":[{"href":"https:\/\/www.pauljorion.com\/blog\/wp-json\/wp\/v2\/types\/post"}],"author":[{"embeddable":true,"href":"https:\/\/www.pauljorion.com\/blog\/wp-json\/wp\/v2\/users\/38"}],"replies":[{"embeddable":true,"href":"https:\/\/www.pauljorion.com\/blog\/wp-json\/wp\/v2\/comments?post=99634"}],"version-history":[{"count":7,"href":"https:\/\/www.pauljorion.com\/blog\/wp-json\/wp\/v2\/posts\/99634\/revisions"}],"predecessor-version":[{"id":99649,"href":"https:\/\/www.pauljorion.com\/blog\/wp-json\/wp\/v2\/posts\/99634\/revisions\/99649"}],"wp:attachment":[{"href":"https:\/\/www.pauljorion.com\/blog\/wp-json\/wp\/v2\/media?parent=99634"}],"wp:term":[{"taxonomy":"category","embeddable":true,"href":"https:\/\/www.pauljorion.com\/blog\/wp-json\/wp\/v2\/categories?post=99634"},{"taxonomy":"post_tag","embeddable":true,"href":"https:\/\/www.pauljorion.com\/blog\/wp-json\/wp\/v2\/tags?post=99634"}],"curies":[{"name":"wp","href":"https:\/\/api.w.org\/{rel}","templated":true}]}}